{"id":10917,"date":"2023-03-05T22:32:00","date_gmt":"2023-03-05T21:32:00","guid":{"rendered":"http:\/\/wisla.skoczow.pl\/?p=10917"},"modified":"2023-05-19T22:42:16","modified_gmt":"2023-05-19T21:42:16","slug":"trampkarki-u15-11","status":"publish","type":"post","link":"http:\/\/wisla.skoczow.pl\/?p=10917","title":{"rendered":"Sparing U15\/U17"},"content":{"rendered":"\n<p>Dzisiaj nasze zawodniczki U<img loading=\"lazy\" decoding=\"async\" src=\"https:\/\/static.xx.fbcdn.net\/images\/emoji.php\/v9\/t7a\/1\/16\/31_20e3.png\" alt=\"1\ufe0f\u20e3\" width=\"16\" height=\"16\"><img loading=\"lazy\" decoding=\"async\" src=\"https:\/\/static.xx.fbcdn.net\/images\/emoji.php\/v9\/tf6\/1\/16\/35_20e3.png\" alt=\"5\ufe0f\u20e3\" width=\"16\" height=\"16\">\/<img loading=\"lazy\" decoding=\"async\" src=\"https:\/\/static.xx.fbcdn.net\/images\/emoji.php\/v9\/t7a\/1\/16\/31_20e3.png\" alt=\"1\ufe0f\u20e3\" width=\"16\" height=\"16\"><img loading=\"lazy\" decoding=\"async\" src=\"https:\/\/static.xx.fbcdn.net\/images\/emoji.php\/v9\/t34\/1\/16\/37_20e3.png\" alt=\"7\ufe0f\u20e3\" width=\"16\" height=\"16\"> zmierzy\u0142y si\u0119 w Wi\u015blicy z zespo\u0142em seniorek wyst\u0119puj\u0105cym w IV lidze ma\u0142opolskiej WKS Tempo Bia\u0142ka. By\u0142o to wyzwanie zagra\u0107 z bardziej do\u015bwiadczonym przeciwnikiem. Mimo wygranej go\u015bci pocz\u0105tek spotkania by\u0142 bardzo wyr\u00f3wnany i d\u0142ugo trzeba by\u0142o czeka\u0107 na pierwsz\u0105 bramk\u0119, kt\u00f3r\u0105 zdoby\u0142y nasze przeciwniczki. Stwarzali\u015bmy sobie okazje pod bramk\u0105 przeciwnika, ale niestety nie uda\u0142o si\u0119 nam ich wykorzysta\u0107.<\/p>\n\n\n\n<p><img loading=\"lazy\" decoding=\"async\" alt=\"\ud83c\udfa4\" src=\"https:\/\/static.xx.fbcdn.net\/images\/emoji.php\/v9\/t7e\/1\/16\/1f3a4.png\" width=\"16\" height=\"16\"> Trener Klaudia Bogacka: <a><\/a>,,Dzisiaj dziewczyny mia\u0142y trudnego przeciwnika, mimo przegranej jestem zadowolona z tego, \u017ce realizowa\u0142y za\u0142o\u017cenia, kt\u00f3re otrzyma\u0142y w szatni i \u017ce stwarza\u0142y sporo akcji pod bramk\u0105 przeciwnika. Ten mecz pokaza\u0142 elementy nad kt\u00f3rymi musimy jeszcze popracowa\u0107, ale ju\u017c by\u0142o wida\u0107 efekty pracy jak\u0105 dziewczyny wykona\u0142y. Gra\u0142y z do\u015bwiadczonym przeciwnikiem, a to dla nas najlepsza nauka. Dalej b\u0119dziemy si\u0119 przygotowywa\u0107 do rundy wiosennej i my\u015bl\u0119, \u017ce z ka\u017cdym kolejnym sparingiem b\u0119dzie coraz lepiej.&#8221;<\/p>\n\n\n\n<p>Gramy dalej <img loading=\"lazy\" decoding=\"async\" alt=\"\ud83d\udcaa\" src=\"https:\/\/static.xx.fbcdn.net\/images\/emoji.php\/v9\/t6c\/1\/16\/1f4aa.png\" width=\"16\" height=\"16\"><\/p>\n","protected":false},"excerpt":{"rendered":"<p>Dzisiaj nasze zawodniczki U\/ zmierzy\u0142y si\u0119 w Wi\u015blicy z zespo\u0142em seniorek wyst\u0119puj\u0105cym w IV lidze ma\u0142opolskiej WKS Tempo Bia\u0142ka. By\u0142o to wyzwanie zagra\u0107 z bardziej do\u015bwiadczonym przeciwnikiem. Mimo wygranej go\u015bci pocz\u0105tek spotkania by\u0142 bardzo wyr\u00f3wnany i d\u0142ugo trzeba by\u0142o czeka\u0107 na pierwsz\u0105 bramk\u0119, kt\u00f3r\u0105 zdoby\u0142y nasze przeciwniczki. Stwarzali\u015bmy sobie okazje pod bramk\u0105 przeciwnika, ale niestety [&hellip;]<\/p>\n","protected":false},"author":1,"featured_media":10918,"comment_status":"closed","ping_status":"closed","sticky":false,"template":"","format":"standard","meta":{"ngg_post_thumbnail":0,"footnotes":""},"categories":[4,55],"tags":[],"class_list":["post-10917","post","type-post","status-publish","format-standard","has-post-thumbnail","hentry","category-news","category-pilkarki"],"featured_image_url":{"thumbnail":"http:\/\/wisla.skoczow.pl\/wp-content\/uploads\/2023\/05\/333311854_663911255739524_1348501368681507097_n-150x150.jpg","medium":"http:\/\/wisla.skoczow.pl\/wp-content\/uploads\/2023\/05\/333311854_663911255739524_1348501368681507097_n-300x225.jpg","medium_large":"http:\/\/wisla.skoczow.pl\/wp-content\/uploads\/2023\/05\/333311854_663911255739524_1348501368681507097_n-768x576.jpg","large":"http:\/\/wisla.skoczow.pl\/wp-content\/uploads\/2023\/05\/333311854_663911255739524_1348501368681507097_n-1024x768.jpg","1536x1536":"http:\/\/wisla.skoczow.pl\/wp-content\/uploads\/2023\/05\/333311854_663911255739524_1348501368681507097_n-1536x1152.jpg","2048x2048":"http:\/\/wisla.skoczow.pl\/wp-content\/uploads\/2023\/05\/333311854_663911255739524_1348501368681507097_n.jpg","sportspress-crop-medium":"http:\/\/wisla.skoczow.pl\/wp-content\/uploads\/2023\/05\/333311854_663911255739524_1348501368681507097_n-300x300.jpg","sportspress-fit-medium":"http:\/\/wisla.skoczow.pl\/wp-content\/uploads\/2023\/05\/333311854_663911255739524_1348501368681507097_n-300x225.jpg","sportspress-fit-icon":"http:\/\/wisla.skoczow.pl\/wp-content\/uploads\/2023\/05\/333311854_663911255739524_1348501368681507097_n-128x96.jpg","sportspress-fit-mini":"http:\/\/wisla.skoczow.pl\/wp-content\/uploads\/2023\/05\/333311854_663911255739524_1348501368681507097_n-32x24.jpg"},"post_author":"admin","assigned_categories":"Aktualno\u015bci, Pi\u0142karki","_links":{"self":[{"href":"http:\/\/wisla.skoczow.pl\/index.php?rest_route=\/wp\/v2\/posts\/10917","targetHints":{"allow":["GET"]}}],"collection":[{"href":"http:\/\/wisla.skoczow.pl\/index.php?rest_route=\/wp\/v2\/posts"}],"about":[{"href":"http:\/\/wisla.skoczow.pl\/index.php?rest_route=\/wp\/v2\/types\/post"}],"author":[{"embeddable":true,"href":"http:\/\/wisla.skoczow.pl\/index.php?rest_route=\/wp\/v2\/users\/1"}],"replies":[{"embeddable":true,"href":"http:\/\/wisla.skoczow.pl\/index.php?rest_route=%2Fwp%2Fv2%2Fcomments&post=10917"}],"version-history":[{"count":2,"href":"http:\/\/wisla.skoczow.pl\/index.php?rest_route=\/wp\/v2\/posts\/10917\/revisions"}],"predecessor-version":[{"id":10943,"href":"http:\/\/wisla.skoczow.pl\/index.php?rest_route=\/wp\/v2\/posts\/10917\/revisions\/10943"}],"wp:featuredmedia":[{"embeddable":true,"href":"http:\/\/wisla.skoczow.pl\/index.php?rest_route=\/wp\/v2\/media\/10918"}],"wp:attachment":[{"href":"http:\/\/wisla.skoczow.pl\/index.php?rest_route=%2Fwp%2Fv2%2Fmedia&parent=10917"}],"wp:term":[{"taxonomy":"category","embeddable":true,"href":"http:\/\/wisla.skoczow.pl\/index.php?rest_route=%2Fwp%2Fv2%2Fcategories&post=10917"},{"taxonomy":"post_tag","embeddable":true,"href":"http:\/\/wisla.skoczow.pl\/index.php?rest_route=%2Fwp%2Fv2%2Ftags&post=10917"}],"curies":[{"name":"wp","href":"https:\/\/api.w.org\/{rel}","templated":true}]}}