{"id":10923,"date":"2023-03-08T22:35:00","date_gmt":"2023-03-08T21:35:00","guid":{"rendered":"http:\/\/wisla.skoczow.pl\/?p=10923"},"modified":"2023-05-19T22:35:58","modified_gmt":"2023-05-19T21:35:58","slug":"15-lat-minelo","status":"publish","type":"post","link":"http:\/\/wisla.skoczow.pl\/?p=10923","title":{"rendered":"15 lat min\u0119\u0142o&#8230;"},"content":{"rendered":"\n<p>&#8222;Na pocz\u0105tku by\u0142 parkiet&#8230;.&#8221;. To od tych s\u0142\u00f3w zaczyna si\u0119 nasza 15 letnia historia klubu. <img loading=\"lazy\" decoding=\"async\" alt=\"\ud83d\uddd3\" src=\"https:\/\/static.xx.fbcdn.net\/images\/emoji.php\/v9\/t5c\/1\/16\/1f5d3.png\" width=\"16\" height=\"16\">7 marca 2008 roku za\u0142o\u017cono Kobiecy Klub Sportowy &#8222;Wis\u0142a&#8221;<img loading=\"lazy\" decoding=\"async\" alt=\"\u26bd\ufe0f\" src=\"https:\/\/static.xx.fbcdn.net\/images\/emoji.php\/v9\/taf\/1\/16\/26bd.png\" width=\"16\" height=\"16\">, a Skoczowskie pi\u0142karki rozpocz\u0119\u0142y swe zmagania od futsalu. By\u0142a to symboliczna data &#8211; <img loading=\"lazy\" decoding=\"async\" alt=\"\ud83c\udf81\" src=\"https:\/\/static.xx.fbcdn.net\/images\/emoji.php\/v9\/t84\/1\/16\/1f381.png\" width=\"16\" height=\"16\">prezent na dzie\u0144 kobiet. W tym roku obchodzimy<img loading=\"lazy\" decoding=\"async\" alt=\"\ud83c\udf82\" src=\"https:\/\/static.xx.fbcdn.net\/images\/emoji.php\/v9\/t5\/1\/16\/1f382.png\" width=\"16\" height=\"16\"> 15-lecie istnienia. Drogie zawodniczki, rodzice, kibice, sympatycy, sponsorzy &#8211; gdyby nie WY tego klubu by nie by\u0142o. Taki kawa\u0142 czasu i historii, nasze wzloty i upadki, pora\u017cki i <a><\/a>sukcesy<img loading=\"lazy\" decoding=\"async\" alt=\"\ud83c\udfc6\" src=\"https:\/\/static.xx.fbcdn.net\/images\/emoji.php\/v9\/tbe\/1\/16\/1f3c6.png\" width=\"16\" height=\"16\"><img loading=\"lazy\" decoding=\"async\" alt=\"\ud83e\udd47\" src=\"https:\/\/static.xx.fbcdn.net\/images\/emoji.php\/v9\/t94\/1\/16\/1f947.png\" width=\"16\" height=\"16\"><img loading=\"lazy\" decoding=\"async\" alt=\"\ud83e\udd48\" src=\"https:\/\/static.xx.fbcdn.net\/images\/emoji.php\/v9\/t15\/1\/16\/1f948.png\" width=\"16\" height=\"16\"><img loading=\"lazy\" decoding=\"async\" alt=\"\ud83e\udd49\" src=\"https:\/\/static.xx.fbcdn.net\/images\/emoji.php\/v9\/t96\/1\/16\/1f949.png\" width=\"16\" height=\"16\">. Cieszymy si\u0119, \u017ce wci\u0105\u017c jeste\u015bmy razem<img loading=\"lazy\" decoding=\"async\" alt=\"\u203c\ufe0f\" src=\"https:\/\/static.xx.fbcdn.net\/images\/emoji.php\/v9\/t77\/1\/16\/203c.png\" width=\"16\" height=\"16\"><\/p>\n\n\n\n<p>Ju\u017c dzi\u015b serdecznie WAS zapraszamy na obchody, kt\u00f3re odb\u0119d\u0105 si\u0119 w sierpniu &#8211; \u015bled\u017acie naszego Facebooka.<\/p>\n\n\n\n<p>Trzymajcie kciuki<img loading=\"lazy\" decoding=\"async\" alt=\"\u270a\" src=\"https:\/\/static.xx.fbcdn.net\/images\/emoji.php\/v9\/t5f\/1\/16\/270a.png\" width=\"16\" height=\"16\"> za nasze seniorki, kt\u00f3re po 15 latach maj\u0105 ogromn\u0105 szans\u0119 na awans<img loading=\"lazy\" decoding=\"async\" alt=\"\ud83c\udfc6\" src=\"https:\/\/static.xx.fbcdn.net\/images\/emoji.php\/v9\/tbe\/1\/16\/1f3c6.png\" width=\"16\" height=\"16\"> i powr\u00f3t do I ligi PLF (poziom centralny). Decyduj\u0105ce starcie 13.03.2023 w Szczyrku.<\/p>\n\n\n\n<p>RAZEM MO\u017bEMY WIELE &#8211; DZIA\u0141AJ\u0104C OSI\u0104GNIEMY CEL<img loading=\"lazy\" decoding=\"async\" alt=\"\u203c\ufe0f\" src=\"https:\/\/static.xx.fbcdn.net\/images\/emoji.php\/v9\/t77\/1\/16\/203c.png\" width=\"16\" height=\"16\"><\/p>\n","protected":false},"excerpt":{"rendered":"<p>&#8222;Na pocz\u0105tku by\u0142 parkiet&#8230;.&#8221;. To od tych s\u0142\u00f3w zaczyna si\u0119 nasza 15 letnia historia klubu. 7 marca 2008 roku za\u0142o\u017cono Kobiecy Klub Sportowy &#8222;Wis\u0142a&#8221;, a Skoczowskie pi\u0142karki rozpocz\u0119\u0142y swe zmagania od futsalu. By\u0142a to symboliczna data &#8211; prezent na dzie\u0144 kobiet. W tym roku obchodzimy 15-lecie istnienia. Drogie zawodniczki, rodzice, kibice, sympatycy, sponsorzy &#8211; gdyby [&hellip;]<\/p>\n","protected":false},"author":1,"featured_media":10924,"comment_status":"closed","ping_status":"closed","sticky":false,"template":"","format":"standard","meta":{"ngg_post_thumbnail":0,"footnotes":""},"categories":[4,55],"tags":[],"class_list":["post-10923","post","type-post","status-publish","format-standard","has-post-thumbnail","hentry","category-news","category-pilkarki"],"featured_image_url":{"thumbnail":"http:\/\/wisla.skoczow.pl\/wp-content\/uploads\/2023\/05\/334977824_758843252257146_8424046833310057992_n-150x150.jpg","medium":"http:\/\/wisla.skoczow.pl\/wp-content\/uploads\/2023\/05\/334977824_758843252257146_8424046833310057992_n-300x225.jpg","medium_large":"http:\/\/wisla.skoczow.pl\/wp-content\/uploads\/2023\/05\/334977824_758843252257146_8424046833310057992_n.jpg","large":"http:\/\/wisla.skoczow.pl\/wp-content\/uploads\/2023\/05\/334977824_758843252257146_8424046833310057992_n.jpg","1536x1536":"http:\/\/wisla.skoczow.pl\/wp-content\/uploads\/2023\/05\/334977824_758843252257146_8424046833310057992_n.jpg","2048x2048":"http:\/\/wisla.skoczow.pl\/wp-content\/uploads\/2023\/05\/334977824_758843252257146_8424046833310057992_n.jpg","sportspress-crop-medium":"http:\/\/wisla.skoczow.pl\/wp-content\/uploads\/2023\/05\/334977824_758843252257146_8424046833310057992_n-300x300.jpg","sportspress-fit-medium":"http:\/\/wisla.skoczow.pl\/wp-content\/uploads\/2023\/05\/334977824_758843252257146_8424046833310057992_n-300x225.jpg","sportspress-fit-icon":"http:\/\/wisla.skoczow.pl\/wp-content\/uploads\/2023\/05\/334977824_758843252257146_8424046833310057992_n-128x96.jpg","sportspress-fit-mini":"http:\/\/wisla.skoczow.pl\/wp-content\/uploads\/2023\/05\/334977824_758843252257146_8424046833310057992_n-32x24.jpg"},"post_author":"admin","assigned_categories":"Aktualno\u015bci, Pi\u0142karki","_links":{"self":[{"href":"http:\/\/wisla.skoczow.pl\/index.php?rest_route=\/wp\/v2\/posts\/10923","targetHints":{"allow":["GET"]}}],"collection":[{"href":"http:\/\/wisla.skoczow.pl\/index.php?rest_route=\/wp\/v2\/posts"}],"about":[{"href":"http:\/\/wisla.skoczow.pl\/index.php?rest_route=\/wp\/v2\/types\/post"}],"author":[{"embeddable":true,"href":"http:\/\/wisla.skoczow.pl\/index.php?rest_route=\/wp\/v2\/users\/1"}],"replies":[{"embeddable":true,"href":"http:\/\/wisla.skoczow.pl\/index.php?rest_route=%2Fwp%2Fv2%2Fcomments&post=10923"}],"version-history":[{"count":1,"href":"http:\/\/wisla.skoczow.pl\/index.php?rest_route=\/wp\/v2\/posts\/10923\/revisions"}],"predecessor-version":[{"id":10925,"href":"http:\/\/wisla.skoczow.pl\/index.php?rest_route=\/wp\/v2\/posts\/10923\/revisions\/10925"}],"wp:featuredmedia":[{"embeddable":true,"href":"http:\/\/wisla.skoczow.pl\/index.php?rest_route=\/wp\/v2\/media\/10924"}],"wp:attachment":[{"href":"http:\/\/wisla.skoczow.pl\/index.php?rest_route=%2Fwp%2Fv2%2Fmedia&parent=10923"}],"wp:term":[{"taxonomy":"category","embeddable":true,"href":"http:\/\/wisla.skoczow.pl\/index.php?rest_route=%2Fwp%2Fv2%2Fcategories&post=10923"},{"taxonomy":"post_tag","embeddable":true,"href":"http:\/\/wisla.skoczow.pl\/index.php?rest_route=%2Fwp%2Fv2%2Ftags&post=10923"}],"curies":[{"name":"wp","href":"https:\/\/api.w.org\/{rel}","templated":true}]}}