{"id":10926,"date":"2023-03-12T22:36:00","date_gmt":"2023-03-12T21:36:00","guid":{"rendered":"http:\/\/wisla.skoczow.pl\/?p=10926"},"modified":"2023-05-19T22:37:10","modified_gmt":"2023-05-19T21:37:10","slug":"ii-liga-plf-6","status":"publish","type":"post","link":"http:\/\/wisla.skoczow.pl\/?p=10926","title":{"rendered":"II liga PLF"},"content":{"rendered":"\n<p>Ju\u017c jutro<img loading=\"lazy\" decoding=\"async\" alt=\"\ud83d\udc99\" src=\"https:\/\/static.xx.fbcdn.net\/images\/emoji.php\/v9\/t6c\/1\/16\/1f499.png\" width=\"16\" height=\"16\"><img loading=\"lazy\" decoding=\"async\" alt=\"\ud83d\udc9b\" src=\"https:\/\/static.xx.fbcdn.net\/images\/emoji.php\/v9\/t15\/1\/16\/1f49b.png\" width=\"16\" height=\"16\"><img loading=\"lazy\" decoding=\"async\" alt=\"\u2764\ufe0f\" src=\"https:\/\/static.xx.fbcdn.net\/images\/emoji.php\/v9\/t6c\/1\/16\/2764.png\" width=\"16\" height=\"16\"> decyduj\u0105ce starcie<img loading=\"lazy\" decoding=\"async\" alt=\"\u203c\ufe0f\" src=\"https:\/\/static.xx.fbcdn.net\/images\/emoji.php\/v9\/t77\/1\/16\/203c.png\" width=\"16\" height=\"16\"><\/p>\n\n\n\n<p>Nasze &#8222;Wise\u0142ki&#8221; powalcz\u0105 o awans do I ligi PLF, zmierz\u0105 si\u0119 z Istebn\u0105 o powr\u00f3t do elity.<\/p>\n\n\n\n<p>ZAPRASZAMY WSZYSTKICH KIBIC\u00d3W\/SYMPATYK\u00d3W<\/p>\n\n\n\n<p>DO <a><\/a>SZCZYRKU NA DOPING NASZYCH DZIEWCZYN<img loading=\"lazy\" decoding=\"async\" alt=\"\u203c\ufe0f\" src=\"https:\/\/static.xx.fbcdn.net\/images\/emoji.php\/v9\/t77\/1\/16\/203c.png\" width=\"16\" height=\"16\"><\/p>\n\n\n\n<p>Sw\u00f3j ostatni mecz w I Lidze PLF &#8222;Wise\u0142ki&#8221; rozegra\u0142y w sezonie 2008\/2009. W tamtym okresie by\u0142 to najwy\u017cszy poziom rozgrywkowy w kraju. Obecnie rozgrywki futsalowe kobiet rozwin\u0119\u0142y si\u0119 i posiadaj\u0105 trzy szczeble (II liga &#8211; I liga &#8211; Ekstraliga).<\/p>\n\n\n\n<p>Nasz klub w kategorii seniorskiej stawia na futsal. W poniedzia\u0142ek zawodniczki b\u0119d\u0105 walczy\u0107 o osi\u0105gni\u0119cie celu &#8211; <img loading=\"lazy\" decoding=\"async\" alt=\"\ud83c\udfc6\" src=\"https:\/\/static.xx.fbcdn.net\/images\/emoji.php\/v9\/tbe\/1\/16\/1f3c6.png\" width=\"16\" height=\"16\">AWANSU<img loading=\"lazy\" decoding=\"async\" alt=\"\u270c\ufe0f\" src=\"https:\/\/static.xx.fbcdn.net\/images\/emoji.php\/v9\/t61\/1\/16\/270c.png\" width=\"16\" height=\"16\"><\/p>\n","protected":false},"excerpt":{"rendered":"<p>Ju\u017c jutro decyduj\u0105ce starcie Nasze &#8222;Wise\u0142ki&#8221; powalcz\u0105 o awans do I ligi PLF, zmierz\u0105 si\u0119 z Istebn\u0105 o powr\u00f3t do elity. ZAPRASZAMY WSZYSTKICH KIBIC\u00d3W\/SYMPATYK\u00d3W DO SZCZYRKU NA DOPING NASZYCH DZIEWCZYN Sw\u00f3j ostatni mecz w I Lidze PLF &#8222;Wise\u0142ki&#8221; rozegra\u0142y w sezonie 2008\/2009. W tamtym okresie by\u0142 to najwy\u017cszy poziom rozgrywkowy w kraju. Obecnie rozgrywki futsalowe [&hellip;]<\/p>\n","protected":false},"author":1,"featured_media":10927,"comment_status":"closed","ping_status":"closed","sticky":false,"template":"","format":"standard","meta":{"ngg_post_thumbnail":0,"footnotes":""},"categories":[4,55],"tags":[],"class_list":["post-10926","post","type-post","status-publish","format-standard","has-post-thumbnail","hentry","category-news","category-pilkarki"],"featured_image_url":{"thumbnail":"http:\/\/wisla.skoczow.pl\/wp-content\/uploads\/2023\/05\/335482289_936010107398852_2567122991568581568_n-150x150.jpg","medium":"http:\/\/wisla.skoczow.pl\/wp-content\/uploads\/2023\/05\/335482289_936010107398852_2567122991568581568_n-300x252.jpg","medium_large":"http:\/\/wisla.skoczow.pl\/wp-content\/uploads\/2023\/05\/335482289_936010107398852_2567122991568581568_n.jpg","large":"http:\/\/wisla.skoczow.pl\/wp-content\/uploads\/2023\/05\/335482289_936010107398852_2567122991568581568_n.jpg","1536x1536":"http:\/\/wisla.skoczow.pl\/wp-content\/uploads\/2023\/05\/335482289_936010107398852_2567122991568581568_n.jpg","2048x2048":"http:\/\/wisla.skoczow.pl\/wp-content\/uploads\/2023\/05\/335482289_936010107398852_2567122991568581568_n.jpg","sportspress-crop-medium":"http:\/\/wisla.skoczow.pl\/wp-content\/uploads\/2023\/05\/335482289_936010107398852_2567122991568581568_n-300x300.jpg","sportspress-fit-medium":"http:\/\/wisla.skoczow.pl\/wp-content\/uploads\/2023\/05\/335482289_936010107398852_2567122991568581568_n-300x252.jpg","sportspress-fit-icon":"http:\/\/wisla.skoczow.pl\/wp-content\/uploads\/2023\/05\/335482289_936010107398852_2567122991568581568_n-128x107.jpg","sportspress-fit-mini":"http:\/\/wisla.skoczow.pl\/wp-content\/uploads\/2023\/05\/335482289_936010107398852_2567122991568581568_n-32x27.jpg"},"post_author":"admin","assigned_categories":"Aktualno\u015bci, Pi\u0142karki","_links":{"self":[{"href":"http:\/\/wisla.skoczow.pl\/index.php?rest_route=\/wp\/v2\/posts\/10926","targetHints":{"allow":["GET"]}}],"collection":[{"href":"http:\/\/wisla.skoczow.pl\/index.php?rest_route=\/wp\/v2\/posts"}],"about":[{"href":"http:\/\/wisla.skoczow.pl\/index.php?rest_route=\/wp\/v2\/types\/post"}],"author":[{"embeddable":true,"href":"http:\/\/wisla.skoczow.pl\/index.php?rest_route=\/wp\/v2\/users\/1"}],"replies":[{"embeddable":true,"href":"http:\/\/wisla.skoczow.pl\/index.php?rest_route=%2Fwp%2Fv2%2Fcomments&post=10926"}],"version-history":[{"count":1,"href":"http:\/\/wisla.skoczow.pl\/index.php?rest_route=\/wp\/v2\/posts\/10926\/revisions"}],"predecessor-version":[{"id":10928,"href":"http:\/\/wisla.skoczow.pl\/index.php?rest_route=\/wp\/v2\/posts\/10926\/revisions\/10928"}],"wp:featuredmedia":[{"embeddable":true,"href":"http:\/\/wisla.skoczow.pl\/index.php?rest_route=\/wp\/v2\/media\/10927"}],"wp:attachment":[{"href":"http:\/\/wisla.skoczow.pl\/index.php?rest_route=%2Fwp%2Fv2%2Fmedia&parent=10926"}],"wp:term":[{"taxonomy":"category","embeddable":true,"href":"http:\/\/wisla.skoczow.pl\/index.php?rest_route=%2Fwp%2Fv2%2Fcategories&post=10926"},{"taxonomy":"post_tag","embeddable":true,"href":"http:\/\/wisla.skoczow.pl\/index.php?rest_route=%2Fwp%2Fv2%2Ftags&post=10926"}],"curies":[{"name":"wp","href":"https:\/\/api.w.org\/{rel}","templated":true}]}}