{"id":10932,"date":"2023-03-13T22:38:00","date_gmt":"2023-03-13T21:38:00","guid":{"rendered":"http:\/\/wisla.skoczow.pl\/?p=10932"},"modified":"2023-05-19T22:39:37","modified_gmt":"2023-05-19T21:39:37","slug":"wicemistrzynie-slaska-plf-2023","status":"publish","type":"post","link":"http:\/\/wisla.skoczow.pl\/?p=10932","title":{"rendered":"Wicemistrzynie \u015al\u0105ska PLF 2023"},"content":{"rendered":"\n<p>Gorzki remis 5:5 &#8211; ko\u0144czymy jako Wicemistrz.<\/p>\n\n\n\n<p>Przeciwniczki z Istebnej awansowa\u0142y wyprzedzaj\u0105c nas jednym punktem. Wyrwa\u0142y nam zwyci\u0119stwo rzutem na ta\u015bm\u0119 na 30s przed ko\u0144cowym gwizdkiem. Trzeba przyzna\u0107 naszym dziewczynom, \u017ce zostawi\u0142y ca\u0142e <img loading=\"lazy\" decoding=\"async\" alt=\"\ud83d\udc99\" src=\"https:\/\/static.xx.fbcdn.net\/images\/emoji.php\/v9\/t6c\/1\/16\/1f499.png\" width=\"16\" height=\"16\"><img loading=\"lazy\" decoding=\"async\" alt=\"\ud83d\udc9b\" src=\"https:\/\/static.xx.fbcdn.net\/images\/emoji.php\/v9\/t15\/1\/16\/1f49b.png\" width=\"16\" height=\"16\"><img loading=\"lazy\" decoding=\"async\" alt=\"\u2764\ufe0f\" src=\"https:\/\/static.xx.fbcdn.net\/images\/emoji.php\/v9\/t6c\/1\/16\/2764.png\" width=\"16\" height=\"16\">serce na boisku. Walczy\u0142y niesamowicie, a \u0142atwo nie by\u0142o bo musia\u0142y wytrzymywa\u0107 obelgi z trybun. Meczu nie zacz\u0119li\u015bmy dobrze, przegrywali\u015bmy 3:0 ale prze\u0142amali\u015bmy to i do szatni zeszli\u015bmy z dwoma bramkami &#8211; 3:2. <a><\/a>Autork\u0105 <img loading=\"lazy\" decoding=\"async\" alt=\"\u26bd\ufe0f\" src=\"https:\/\/static.xx.fbcdn.net\/images\/emoji.php\/v9\/taf\/1\/16\/26bd.png\" width=\"16\" height=\"16\"><img loading=\"lazy\" decoding=\"async\" alt=\"\u26bd\ufe0f\" src=\"https:\/\/static.xx.fbcdn.net\/images\/emoji.php\/v9\/taf\/1\/16\/26bd.png\" width=\"16\" height=\"16\">obu bramek by\u0142a Anna Ponikiewska. Po przerwie naciskali\u015bmy i doprowadzili\u015bmy do remisu, bramk\u0119 zdoby\u0142a <img loading=\"lazy\" decoding=\"async\" alt=\"\u26bd\ufe0f\" src=\"https:\/\/static.xx.fbcdn.net\/images\/emoji.php\/v9\/taf\/1\/16\/26bd.png\" width=\"16\" height=\"16\">Oliwia K\u0105sek, a nast\u0119pnie do siatki trafi\u0142a Kinga Przeciszewska daj\u0105c nam prowadzenie<img loading=\"lazy\" decoding=\"async\" alt=\"\u26bd\ufe0f\" src=\"https:\/\/static.xx.fbcdn.net\/images\/emoji.php\/v9\/taf\/1\/16\/26bd.png\" width=\"16\" height=\"16\"> 3:4. Swoj\u0105 szans\u0119 po 6 faulu, mia\u0142a Klaudia Bogacka, kt\u00f3ra pewnie wykorzysta\u0142a przed\u0142u\u017cony rzut karny &#8211; prowadzili\u015bmy<img loading=\"lazy\" decoding=\"async\" alt=\"\u26bd\ufe0f\" src=\"https:\/\/static.xx.fbcdn.net\/images\/emoji.php\/v9\/taf\/1\/16\/26bd.png\" width=\"16\" height=\"16\"> 3:5! Niestety na 5 min przed ko\u0144cem nasza skrzyd\u0142owa nie wytrzyma\u0142a ci\u0105g\u0142ego kopania i w konsekwencji otrzyma\u0142a <img loading=\"lazy\" decoding=\"async\" alt=\"\u26d4\ufe0f\" src=\"https:\/\/static.xx.fbcdn.net\/images\/emoji.php\/v9\/tbd\/1\/16\/26d4.png\" width=\"16\" height=\"16\">czerwon\u0105 kartk\u0119. Grali\u015bmy w os\u0142abieniu 2 minuty. Dziewczyny robi\u0142y co mog\u0142y, ale niestety po 6 faulu Istebna wykorzysta\u0142a przed\u0142u\u017cony rzut karny i zdoby\u0142a kontakt &#8211; 4:5. Zosta\u0142a ostatnia minuta, wydawa\u0142oby si\u0119, \u017ce wynik ju\u017c si\u0119 utrzyma. Niestety w ostatnich sekundach stracili\u015bmy bramk\u0119, kt\u00f3ra da\u0142a awans przeciwniczkom &#8211; \u017cyczymy im powodzenia<img loading=\"lazy\" decoding=\"async\" alt=\"\ud83d\udc4d\" src=\"https:\/\/static.xx.fbcdn.net\/images\/emoji.php\/v9\/tfc\/1\/16\/1f44d.png\" width=\"16\" height=\"16\">.<\/p>\n\n\n\n<p>Nasze szeregi w tym sezonie wzmocni\u0142y dziewczyny z SWD Wodzis\u0142aw \u015al\u0105ski by razem z naszymi wychowankami zawalczy\u0107 o I lig\u0119. Nie uda\u0142o si\u0119, ale nie powiedzieli\u015bmy ostatniego s\u0142owa. To jest sport, prze\u0142ykamy gorzk\u0105 pigu\u0142k\u0119 i dzia\u0142amy dalej.<\/p>\n\n\n\n<p>Cieszy nas wsp\u00f3\u0142praca z SWD, jeste\u015bmy na dobrej drodze by zosta\u0107 klubem partnerskim &#8211; z korzy\u015bci\u0105 dla naszych dziewczyn by mog\u0142y si\u0119 rozwija\u0107 na szczeblu centralnym w CLJ i I lidze.<\/p>\n\n\n\n<figure class=\"wp-block-image aligncenter size-full\"><a href=\"http:\/\/wisla.skoczow.pl\/wp-content\/uploads\/2023\/05\/333943151_706520301266141_2812254421796871149_n-1.jpg\"><img loading=\"lazy\" decoding=\"async\" width=\"506\" height=\"720\" src=\"http:\/\/wisla.skoczow.pl\/wp-content\/uploads\/2023\/05\/333943151_706520301266141_2812254421796871149_n-1.jpg\" alt=\"\" class=\"wp-image-10934\" srcset=\"http:\/\/wisla.skoczow.pl\/wp-content\/uploads\/2023\/05\/333943151_706520301266141_2812254421796871149_n-1.jpg 506w, http:\/\/wisla.skoczow.pl\/wp-content\/uploads\/2023\/05\/333943151_706520301266141_2812254421796871149_n-1-211x300.jpg 211w, http:\/\/wisla.skoczow.pl\/wp-content\/uploads\/2023\/05\/333943151_706520301266141_2812254421796871149_n-1-90x128.jpg 90w, http:\/\/wisla.skoczow.pl\/wp-content\/uploads\/2023\/05\/333943151_706520301266141_2812254421796871149_n-1-22x32.jpg 22w\" sizes=\"auto, (max-width: 506px) 100vw, 506px\" \/><\/a><\/figure>\n","protected":false},"excerpt":{"rendered":"<p>Gorzki remis 5:5 &#8211; ko\u0144czymy jako Wicemistrz. Przeciwniczki z Istebnej awansowa\u0142y wyprzedzaj\u0105c nas jednym punktem. Wyrwa\u0142y nam zwyci\u0119stwo rzutem na ta\u015bm\u0119 na 30s przed ko\u0144cowym gwizdkiem. Trzeba przyzna\u0107 naszym dziewczynom, \u017ce zostawi\u0142y ca\u0142e serce na boisku. Walczy\u0142y niesamowicie, a \u0142atwo nie by\u0142o bo musia\u0142y wytrzymywa\u0107 obelgi z trybun. Meczu nie zacz\u0119li\u015bmy dobrze, przegrywali\u015bmy 3:0 ale [&hellip;]<\/p>\n","protected":false},"author":1,"featured_media":10933,"comment_status":"closed","ping_status":"closed","sticky":false,"template":"","format":"standard","meta":{"ngg_post_thumbnail":0,"footnotes":""},"categories":[4,55],"tags":[],"class_list":["post-10932","post","type-post","status-publish","format-standard","has-post-thumbnail","hentry","category-news","category-pilkarki"],"featured_image_url":{"thumbnail":"http:\/\/wisla.skoczow.pl\/wp-content\/uploads\/2023\/05\/333943151_706520301266141_2812254421796871149_n-150x150.jpg","medium":"http:\/\/wisla.skoczow.pl\/wp-content\/uploads\/2023\/05\/333943151_706520301266141_2812254421796871149_n-211x300.jpg","medium_large":"http:\/\/wisla.skoczow.pl\/wp-content\/uploads\/2023\/05\/333943151_706520301266141_2812254421796871149_n.jpg","large":"http:\/\/wisla.skoczow.pl\/wp-content\/uploads\/2023\/05\/333943151_706520301266141_2812254421796871149_n.jpg","1536x1536":"http:\/\/wisla.skoczow.pl\/wp-content\/uploads\/2023\/05\/333943151_706520301266141_2812254421796871149_n.jpg","2048x2048":"http:\/\/wisla.skoczow.pl\/wp-content\/uploads\/2023\/05\/333943151_706520301266141_2812254421796871149_n.jpg","sportspress-crop-medium":"http:\/\/wisla.skoczow.pl\/wp-content\/uploads\/2023\/05\/333943151_706520301266141_2812254421796871149_n-300x300.jpg","sportspress-fit-medium":"http:\/\/wisla.skoczow.pl\/wp-content\/uploads\/2023\/05\/333943151_706520301266141_2812254421796871149_n-211x300.jpg","sportspress-fit-icon":"http:\/\/wisla.skoczow.pl\/wp-content\/uploads\/2023\/05\/333943151_706520301266141_2812254421796871149_n-90x128.jpg","sportspress-fit-mini":"http:\/\/wisla.skoczow.pl\/wp-content\/uploads\/2023\/05\/333943151_706520301266141_2812254421796871149_n-22x32.jpg"},"post_author":"admin","assigned_categories":"Aktualno\u015bci, Pi\u0142karki","_links":{"self":[{"href":"http:\/\/wisla.skoczow.pl\/index.php?rest_route=\/wp\/v2\/posts\/10932","targetHints":{"allow":["GET"]}}],"collection":[{"href":"http:\/\/wisla.skoczow.pl\/index.php?rest_route=\/wp\/v2\/posts"}],"about":[{"href":"http:\/\/wisla.skoczow.pl\/index.php?rest_route=\/wp\/v2\/types\/post"}],"author":[{"embeddable":true,"href":"http:\/\/wisla.skoczow.pl\/index.php?rest_route=\/wp\/v2\/users\/1"}],"replies":[{"embeddable":true,"href":"http:\/\/wisla.skoczow.pl\/index.php?rest_route=%2Fwp%2Fv2%2Fcomments&post=10932"}],"version-history":[{"count":1,"href":"http:\/\/wisla.skoczow.pl\/index.php?rest_route=\/wp\/v2\/posts\/10932\/revisions"}],"predecessor-version":[{"id":10935,"href":"http:\/\/wisla.skoczow.pl\/index.php?rest_route=\/wp\/v2\/posts\/10932\/revisions\/10935"}],"wp:featuredmedia":[{"embeddable":true,"href":"http:\/\/wisla.skoczow.pl\/index.php?rest_route=\/wp\/v2\/media\/10933"}],"wp:attachment":[{"href":"http:\/\/wisla.skoczow.pl\/index.php?rest_route=%2Fwp%2Fv2%2Fmedia&parent=10932"}],"wp:term":[{"taxonomy":"category","embeddable":true,"href":"http:\/\/wisla.skoczow.pl\/index.php?rest_route=%2Fwp%2Fv2%2Fcategories&post=10932"},{"taxonomy":"post_tag","embeddable":true,"href":"http:\/\/wisla.skoczow.pl\/index.php?rest_route=%2Fwp%2Fv2%2Ftags&post=10932"}],"curies":[{"name":"wp","href":"https:\/\/api.w.org\/{rel}","templated":true}]}}