{"id":10942,"date":"2023-03-26T22:41:00","date_gmt":"2023-03-26T21:41:00","guid":{"rendered":"http:\/\/wisla.skoczow.pl\/?p=10942"},"modified":"2023-05-19T22:43:32","modified_gmt":"2023-05-19T21:43:32","slug":"wiktoria-na-wypozyczeniu","status":"publish","type":"post","link":"http:\/\/wisla.skoczow.pl\/?p=10942","title":{"rendered":"Wiktoria na wypo\u017cyczeniu!"},"content":{"rendered":"\n<p>\u015awietny debiut Wiktorii w Centralnej Lidze Juniorek U17<img loading=\"lazy\" decoding=\"async\" alt=\"\u203c\ufe0f\" src=\"https:\/\/static.xx.fbcdn.net\/images\/emoji.php\/v9\/t77\/1\/16\/203c.png\" width=\"16\" height=\"16\"><\/p>\n\n\n\n<p>Na p\u00f3\u0142roczne wypo\u017cyczenie do SWD Wodzis\u0142aw \u015al\u0105ski trafi\u0142a nasza zawodniczka Wiktoria Kozie\u0142. Ustrzeli\u0142a Hat-tricka w debiutanckim spotkaniu na tym poziomie rozgrywek.<\/p>\n\n\n\n<p>GRATULUJEMY <img loading=\"lazy\" decoding=\"async\" alt=\"\ud83d\udc99\" src=\"https:\/\/static.xx.fbcdn.net\/images\/emoji.php\/v9\/t6c\/1\/16\/1f499.png\" width=\"16\" height=\"16\"><img loading=\"lazy\" decoding=\"async\" alt=\"\ud83d\udc9b\" src=\"https:\/\/static.xx.fbcdn.net\/images\/emoji.php\/v9\/t15\/1\/16\/1f49b.png\" width=\"16\" height=\"16\"><img loading=\"lazy\" decoding=\"async\" alt=\"\u2764\ufe0f\" src=\"https:\/\/static.xx.fbcdn.net\/images\/emoji.php\/v9\/t6c\/1\/16\/2764.png\" width=\"16\" height=\"16\"> i trzymamy kciuki za kolejne sukcesy<img loading=\"lazy\" decoding=\"async\" alt=\"\u203c\ufe0f\" src=\"https:\/\/static.xx.fbcdn.net\/images\/emoji.php\/v9\/t77\/1\/16\/203c.png\" width=\"16\" height=\"16\"><\/p>\n","protected":false},"excerpt":{"rendered":"<p>\u015awietny debiut Wiktorii w Centralnej Lidze Juniorek U17 Na p\u00f3\u0142roczne wypo\u017cyczenie do SWD Wodzis\u0142aw \u015al\u0105ski trafi\u0142a nasza zawodniczka Wiktoria Kozie\u0142. Ustrzeli\u0142a Hat-tricka w debiutanckim spotkaniu na tym poziomie rozgrywek. GRATULUJEMY i trzymamy kciuki za kolejne sukcesy<\/p>\n","protected":false},"author":1,"featured_media":10944,"comment_status":"closed","ping_status":"closed","sticky":false,"template":"","format":"standard","meta":{"ngg_post_thumbnail":0,"footnotes":""},"categories":[4,55],"tags":[],"class_list":["post-10942","post","type-post","status-publish","format-standard","has-post-thumbnail","hentry","category-news","category-pilkarki"],"featured_image_url":{"thumbnail":"http:\/\/wisla.skoczow.pl\/wp-content\/uploads\/2023\/05\/337261322_1229215871321222_7588828957114231554_n-150x150.jpg","medium":"http:\/\/wisla.skoczow.pl\/wp-content\/uploads\/2023\/05\/337261322_1229215871321222_7588828957114231554_n-300x169.jpg","medium_large":"http:\/\/wisla.skoczow.pl\/wp-content\/uploads\/2023\/05\/337261322_1229215871321222_7588828957114231554_n-768x434.jpg","large":"http:\/\/wisla.skoczow.pl\/wp-content\/uploads\/2023\/05\/337261322_1229215871321222_7588828957114231554_n.jpg","1536x1536":"http:\/\/wisla.skoczow.pl\/wp-content\/uploads\/2023\/05\/337261322_1229215871321222_7588828957114231554_n.jpg","2048x2048":"http:\/\/wisla.skoczow.pl\/wp-content\/uploads\/2023\/05\/337261322_1229215871321222_7588828957114231554_n.jpg","sportspress-crop-medium":"http:\/\/wisla.skoczow.pl\/wp-content\/uploads\/2023\/05\/337261322_1229215871321222_7588828957114231554_n-300x300.jpg","sportspress-fit-medium":"http:\/\/wisla.skoczow.pl\/wp-content\/uploads\/2023\/05\/337261322_1229215871321222_7588828957114231554_n-300x169.jpg","sportspress-fit-icon":"http:\/\/wisla.skoczow.pl\/wp-content\/uploads\/2023\/05\/337261322_1229215871321222_7588828957114231554_n-128x72.jpg","sportspress-fit-mini":"http:\/\/wisla.skoczow.pl\/wp-content\/uploads\/2023\/05\/337261322_1229215871321222_7588828957114231554_n-32x18.jpg"},"post_author":"admin","assigned_categories":"Aktualno\u015bci, Pi\u0142karki","_links":{"self":[{"href":"http:\/\/wisla.skoczow.pl\/index.php?rest_route=\/wp\/v2\/posts\/10942","targetHints":{"allow":["GET"]}}],"collection":[{"href":"http:\/\/wisla.skoczow.pl\/index.php?rest_route=\/wp\/v2\/posts"}],"about":[{"href":"http:\/\/wisla.skoczow.pl\/index.php?rest_route=\/wp\/v2\/types\/post"}],"author":[{"embeddable":true,"href":"http:\/\/wisla.skoczow.pl\/index.php?rest_route=\/wp\/v2\/users\/1"}],"replies":[{"embeddable":true,"href":"http:\/\/wisla.skoczow.pl\/index.php?rest_route=%2Fwp%2Fv2%2Fcomments&post=10942"}],"version-history":[{"count":1,"href":"http:\/\/wisla.skoczow.pl\/index.php?rest_route=\/wp\/v2\/posts\/10942\/revisions"}],"predecessor-version":[{"id":10945,"href":"http:\/\/wisla.skoczow.pl\/index.php?rest_route=\/wp\/v2\/posts\/10942\/revisions\/10945"}],"wp:featuredmedia":[{"embeddable":true,"href":"http:\/\/wisla.skoczow.pl\/index.php?rest_route=\/wp\/v2\/media\/10944"}],"wp:attachment":[{"href":"http:\/\/wisla.skoczow.pl\/index.php?rest_route=%2Fwp%2Fv2%2Fmedia&parent=10942"}],"wp:term":[{"taxonomy":"category","embeddable":true,"href":"http:\/\/wisla.skoczow.pl\/index.php?rest_route=%2Fwp%2Fv2%2Fcategories&post=10942"},{"taxonomy":"post_tag","embeddable":true,"href":"http:\/\/wisla.skoczow.pl\/index.php?rest_route=%2Fwp%2Fv2%2Ftags&post=10942"}],"curies":[{"name":"wp","href":"https:\/\/api.w.org\/{rel}","templated":true}]}}