{"id":11984,"date":"2023-06-19T10:07:00","date_gmt":"2023-06-19T09:07:00","guid":{"rendered":"http:\/\/wisla.skoczow.pl\/?p=11984"},"modified":"2023-06-18T14:10:02","modified_gmt":"2023-06-18T13:10:02","slug":"przerwa-regeneracyjna","status":"publish","type":"post","link":"http:\/\/wisla.skoczow.pl\/?p=11984","title":{"rendered":"Przerwa regeneracyjna"},"content":{"rendered":"\n<p>Rozpocz\u0119li\u015bmy przerw\u0119 w treningach, ale nie na d\u0142ugo &#8211; 17.06 &#8211; 01.07.2023<br>W lipcu wracamy i zaczynamy nowy sezon od obozu <img loading=\"lazy\" decoding=\"async\" width=\"16\" height=\"16\" src=\"https:\/\/static.xx.fbcdn.net\/images\/emoji.php\/v9\/t90\/1\/16\/1f305.png\" alt=\"\ud83c\udf05\"><\/p>\n\n\n\n<p>Zapraszamy do naszych zespo\u0142\u00f3w &#8211; nab\u00f3r trwa ca\u0142y rok<img loading=\"lazy\" decoding=\"async\" alt=\"\u203c\ufe0f\" src=\"https:\/\/static.xx.fbcdn.net\/images\/emoji.php\/v9\/t77\/1\/16\/203c.png\" width=\"16\" height=\"16\"><\/p>\n\n\n\n<p>wi\u0119cej informacji<img loading=\"lazy\" decoding=\"async\" alt=\"\ud83d\udc49\" src=\"https:\/\/static.xx.fbcdn.net\/images\/emoji.php\/v9\/t51\/1\/16\/1f449.png\" width=\"16\" height=\"16\"><a href=\"http:\/\/wisla.skoczow.pl\/?page_id=213&amp;fbclid=IwAR1nVLH1kl42f3SJ1ABBGnwXRvk2A4bEL79Pvylso7z7Xe9kee7Ofwn7BuQ\" rel=\"noreferrer noopener\" target=\"_blank\">http:\/\/wisla.skoczow.pl\/?page_id=213<\/a><\/p>\n\n\n\n<p>Ka\u017cda dziewczyna b\u0119dzie si\u0119 u nas dobrze czu\u0142a &#8211; stawiamy na rozw\u00f3j w \u015bwietnej atmosferze. <br>Po prostu przyjd\u017a i si\u0119 przekonaj, \u017ce warto<img loading=\"lazy\" decoding=\"async\" src=\"https:\/\/static.xx.fbcdn.net\/images\/emoji.php\/v9\/t6c\/1\/16\/1f499.png\" alt=\"\ud83d\udc99\" width=\"16\" height=\"16\"><img loading=\"lazy\" decoding=\"async\" src=\"https:\/\/static.xx.fbcdn.net\/images\/emoji.php\/v9\/t15\/1\/16\/1f49b.png\" alt=\"\ud83d\udc9b\" width=\"16\" height=\"16\"><img loading=\"lazy\" decoding=\"async\" src=\"https:\/\/static.xx.fbcdn.net\/images\/emoji.php\/v9\/t6c\/1\/16\/2764.png\" alt=\"\u2764\ufe0f\" width=\"16\" height=\"16\">.<\/p>\n\n\n\n<p>PI\u0141KARSKIE PRZEDSZKOLE (U7) roczniki 2018\/2017<\/p>\n\n\n\n<p>AKADEMIA PI\u0141KARSKA (U10): roczniki 2016\/2015\/2014<\/p>\n\n\n\n<p>M\u0141ODZICZKI (U13): roczniki 2013\/2012\/2011<\/p>\n\n\n\n<p>JUNIORKI M\u0141ODSZE (U16): roczniki 2010\/2009\/2008<\/p>\n\n\n\n<p>JUNIORKI\/SENIORKI: rocznik 2008 i starsze<\/p>\n","protected":false},"excerpt":{"rendered":"<p>Rozpocz\u0119li\u015bmy przerw\u0119 w treningach, ale nie na d\u0142ugo &#8211; 17.06 &#8211; 01.07.2023W lipcu wracamy i zaczynamy nowy sezon od obozu Zapraszamy do naszych zespo\u0142\u00f3w &#8211; nab\u00f3r trwa ca\u0142y rok wi\u0119cej informacjihttp:\/\/wisla.skoczow.pl\/?page_id=213 Ka\u017cda dziewczyna b\u0119dzie si\u0119 u nas dobrze czu\u0142a &#8211; stawiamy na rozw\u00f3j w \u015bwietnej atmosferze. Po prostu przyjd\u017a i si\u0119 przekonaj, \u017ce warto. PI\u0141KARSKIE [&hellip;]<\/p>\n","protected":false},"author":1,"featured_media":11985,"comment_status":"closed","ping_status":"closed","sticky":false,"template":"","format":"standard","meta":{"ngg_post_thumbnail":0,"footnotes":""},"categories":[4,55],"tags":[],"class_list":["post-11984","post","type-post","status-publish","format-standard","has-post-thumbnail","hentry","category-news","category-pilkarki"],"featured_image_url":{"thumbnail":"http:\/\/wisla.skoczow.pl\/wp-content\/uploads\/2023\/06\/Post-na-Facebook-940x788-px106-150x150.jpeg","medium":"http:\/\/wisla.skoczow.pl\/wp-content\/uploads\/2023\/06\/Post-na-Facebook-940x788-px106-300x251.jpeg","medium_large":"http:\/\/wisla.skoczow.pl\/wp-content\/uploads\/2023\/06\/Post-na-Facebook-940x788-px106-768x644.jpeg","large":"http:\/\/wisla.skoczow.pl\/wp-content\/uploads\/2023\/06\/Post-na-Facebook-940x788-px106.jpeg","1536x1536":"http:\/\/wisla.skoczow.pl\/wp-content\/uploads\/2023\/06\/Post-na-Facebook-940x788-px106.jpeg","2048x2048":"http:\/\/wisla.skoczow.pl\/wp-content\/uploads\/2023\/06\/Post-na-Facebook-940x788-px106.jpeg","sportspress-crop-medium":"http:\/\/wisla.skoczow.pl\/wp-content\/uploads\/2023\/06\/Post-na-Facebook-940x788-px106-300x300.jpeg","sportspress-fit-medium":"http:\/\/wisla.skoczow.pl\/wp-content\/uploads\/2023\/06\/Post-na-Facebook-940x788-px106-300x251.jpeg","sportspress-fit-icon":"http:\/\/wisla.skoczow.pl\/wp-content\/uploads\/2023\/06\/Post-na-Facebook-940x788-px106-128x107.jpeg","sportspress-fit-mini":"http:\/\/wisla.skoczow.pl\/wp-content\/uploads\/2023\/06\/Post-na-Facebook-940x788-px106-32x27.jpeg"},"post_author":"admin","assigned_categories":"Aktualno\u015bci, Pi\u0142karki","_links":{"self":[{"href":"http:\/\/wisla.skoczow.pl\/index.php?rest_route=\/wp\/v2\/posts\/11984","targetHints":{"allow":["GET"]}}],"collection":[{"href":"http:\/\/wisla.skoczow.pl\/index.php?rest_route=\/wp\/v2\/posts"}],"about":[{"href":"http:\/\/wisla.skoczow.pl\/index.php?rest_route=\/wp\/v2\/types\/post"}],"author":[{"embeddable":true,"href":"http:\/\/wisla.skoczow.pl\/index.php?rest_route=\/wp\/v2\/users\/1"}],"replies":[{"embeddable":true,"href":"http:\/\/wisla.skoczow.pl\/index.php?rest_route=%2Fwp%2Fv2%2Fcomments&post=11984"}],"version-history":[{"count":2,"href":"http:\/\/wisla.skoczow.pl\/index.php?rest_route=\/wp\/v2\/posts\/11984\/revisions"}],"predecessor-version":[{"id":11987,"href":"http:\/\/wisla.skoczow.pl\/index.php?rest_route=\/wp\/v2\/posts\/11984\/revisions\/11987"}],"wp:featuredmedia":[{"embeddable":true,"href":"http:\/\/wisla.skoczow.pl\/index.php?rest_route=\/wp\/v2\/media\/11985"}],"wp:attachment":[{"href":"http:\/\/wisla.skoczow.pl\/index.php?rest_route=%2Fwp%2Fv2%2Fmedia&parent=11984"}],"wp:term":[{"taxonomy":"category","embeddable":true,"href":"http:\/\/wisla.skoczow.pl\/index.php?rest_route=%2Fwp%2Fv2%2Fcategories&post=11984"},{"taxonomy":"post_tag","embeddable":true,"href":"http:\/\/wisla.skoczow.pl\/index.php?rest_route=%2Fwp%2Fv2%2Ftags&post=11984"}],"curies":[{"name":"wp","href":"https:\/\/api.w.org\/{rel}","templated":true}]}}