{"id":12957,"date":"2023-09-24T11:57:44","date_gmt":"2023-09-24T10:57:44","guid":{"rendered":"http:\/\/wisla.skoczow.pl\/?p=12957"},"modified":"2023-09-24T11:57:45","modified_gmt":"2023-09-24T10:57:45","slug":"kadra-slzpn-u13-2","status":"publish","type":"post","link":"http:\/\/wisla.skoczow.pl\/?p=12957","title":{"rendered":"Kadra \u015alZPN U13"},"content":{"rendered":"\n<p>Powo\u0142anie do kadry \u015al\u0105skiego Zwi\u0105zku Pi\u0142ki No\u017cnej otrzyma\u0142a nasza zawodniczka<img loading=\"lazy\" decoding=\"async\" width=\"16\" height=\"16\" src=\"https:\/\/static.xx.fbcdn.net\/images\/emoji.php\/v9\/t77\/1\/16\/203c.png\" alt=\"\u203c\ufe0f\"><\/p>\n\n\n\n<p>Milena gratulujemy<img loading=\"lazy\" decoding=\"async\" alt=\"\ud83d\udc4f\" src=\"https:\/\/static.xx.fbcdn.net\/images\/emoji.php\/v9\/tfe\/1\/16\/1f44f.png\" width=\"16\" height=\"16\"><img loading=\"lazy\" decoding=\"async\" alt=\"\ud83d\udc4d\" src=\"https:\/\/static.xx.fbcdn.net\/images\/emoji.php\/v9\/tfc\/1\/16\/1f44d.png\" width=\"16\" height=\"16\"><img loading=\"lazy\" decoding=\"async\" alt=\"\ud83d\udc99\" src=\"https:\/\/static.xx.fbcdn.net\/images\/emoji.php\/v9\/t6c\/1\/16\/1f499.png\" width=\"16\" height=\"16\"><img loading=\"lazy\" decoding=\"async\" alt=\"\u2764\ufe0f\" src=\"https:\/\/static.xx.fbcdn.net\/images\/emoji.php\/v9\/t6c\/1\/16\/2764.png\" width=\"16\" height=\"16\"><img loading=\"lazy\" decoding=\"async\" alt=\"\ud83d\udc9b\" src=\"https:\/\/static.xx.fbcdn.net\/images\/emoji.php\/v9\/t15\/1\/16\/1f49b.png\" width=\"16\" height=\"16\"><\/p>\n\n\n\n<p><a><\/a>Konsultacja Kadry \u015al\u0105ska U13, odb\u0119dzie si\u0119 w Chorzowie 26.09<img loading=\"lazy\" decoding=\"async\" alt=\"\u26bd\ufe0f\" src=\"https:\/\/static.xx.fbcdn.net\/images\/emoji.php\/v9\/taf\/1\/16\/26bd.png\" width=\"16\" height=\"16\"><img loading=\"lazy\" decoding=\"async\" alt=\"\u203c\ufe0f\" src=\"https:\/\/static.xx.fbcdn.net\/images\/emoji.php\/v9\/t77\/1\/16\/203c.png\" width=\"16\" height=\"16\"><\/p>\n","protected":false},"excerpt":{"rendered":"<p>Powo\u0142anie do kadry \u015al\u0105skiego Zwi\u0105zku Pi\u0142ki No\u017cnej otrzyma\u0142a nasza zawodniczka Milena gratulujemy Konsultacja Kadry \u015al\u0105ska U13, odb\u0119dzie si\u0119 w Chorzowie 26.09<\/p>\n","protected":false},"author":1,"featured_media":12958,"comment_status":"closed","ping_status":"closed","sticky":false,"template":"","format":"standard","meta":{"ngg_post_thumbnail":0,"footnotes":""},"categories":[4,55],"tags":[],"class_list":["post-12957","post","type-post","status-publish","format-standard","has-post-thumbnail","hentry","category-news","category-pilkarki"],"featured_image_url":{"thumbnail":"http:\/\/wisla.skoczow.pl\/wp-content\/uploads\/2023\/09\/374571058_698376569001253_2539883481965111144_n-150x150.jpg","medium":"http:\/\/wisla.skoczow.pl\/wp-content\/uploads\/2023\/09\/374571058_698376569001253_2539883481965111144_n-300x200.jpg","medium_large":"http:\/\/wisla.skoczow.pl\/wp-content\/uploads\/2023\/09\/374571058_698376569001253_2539883481965111144_n-768x512.jpg","large":"http:\/\/wisla.skoczow.pl\/wp-content\/uploads\/2023\/09\/374571058_698376569001253_2539883481965111144_n.jpg","1536x1536":"http:\/\/wisla.skoczow.pl\/wp-content\/uploads\/2023\/09\/374571058_698376569001253_2539883481965111144_n.jpg","2048x2048":"http:\/\/wisla.skoczow.pl\/wp-content\/uploads\/2023\/09\/374571058_698376569001253_2539883481965111144_n.jpg","sportspress-crop-medium":"http:\/\/wisla.skoczow.pl\/wp-content\/uploads\/2023\/09\/374571058_698376569001253_2539883481965111144_n-300x300.jpg","sportspress-fit-medium":"http:\/\/wisla.skoczow.pl\/wp-content\/uploads\/2023\/09\/374571058_698376569001253_2539883481965111144_n-300x200.jpg","sportspress-fit-icon":"http:\/\/wisla.skoczow.pl\/wp-content\/uploads\/2023\/09\/374571058_698376569001253_2539883481965111144_n-128x85.jpg","sportspress-fit-mini":"http:\/\/wisla.skoczow.pl\/wp-content\/uploads\/2023\/09\/374571058_698376569001253_2539883481965111144_n-32x21.jpg"},"post_author":"admin","assigned_categories":"Aktualno\u015bci, Pi\u0142karki","_links":{"self":[{"href":"http:\/\/wisla.skoczow.pl\/index.php?rest_route=\/wp\/v2\/posts\/12957","targetHints":{"allow":["GET"]}}],"collection":[{"href":"http:\/\/wisla.skoczow.pl\/index.php?rest_route=\/wp\/v2\/posts"}],"about":[{"href":"http:\/\/wisla.skoczow.pl\/index.php?rest_route=\/wp\/v2\/types\/post"}],"author":[{"embeddable":true,"href":"http:\/\/wisla.skoczow.pl\/index.php?rest_route=\/wp\/v2\/users\/1"}],"replies":[{"embeddable":true,"href":"http:\/\/wisla.skoczow.pl\/index.php?rest_route=%2Fwp%2Fv2%2Fcomments&post=12957"}],"version-history":[{"count":1,"href":"http:\/\/wisla.skoczow.pl\/index.php?rest_route=\/wp\/v2\/posts\/12957\/revisions"}],"predecessor-version":[{"id":12959,"href":"http:\/\/wisla.skoczow.pl\/index.php?rest_route=\/wp\/v2\/posts\/12957\/revisions\/12959"}],"wp:featuredmedia":[{"embeddable":true,"href":"http:\/\/wisla.skoczow.pl\/index.php?rest_route=\/wp\/v2\/media\/12958"}],"wp:attachment":[{"href":"http:\/\/wisla.skoczow.pl\/index.php?rest_route=%2Fwp%2Fv2%2Fmedia&parent=12957"}],"wp:term":[{"taxonomy":"category","embeddable":true,"href":"http:\/\/wisla.skoczow.pl\/index.php?rest_route=%2Fwp%2Fv2%2Fcategories&post=12957"},{"taxonomy":"post_tag","embeddable":true,"href":"http:\/\/wisla.skoczow.pl\/index.php?rest_route=%2Fwp%2Fv2%2Ftags&post=12957"}],"curies":[{"name":"wp","href":"https:\/\/api.w.org\/{rel}","templated":true}]}}