{"id":13050,"date":"2023-10-06T18:38:42","date_gmt":"2023-10-06T17:38:42","guid":{"rendered":"http:\/\/wisla.skoczow.pl\/?p=13050"},"modified":"2023-10-08T18:39:30","modified_gmt":"2023-10-08T17:39:30","slug":"akademia-pilkarska-u10-8","status":"publish","type":"post","link":"http:\/\/wisla.skoczow.pl\/?p=13050","title":{"rendered":"Akademia Pi\u0142karska U10"},"content":{"rendered":"\n<p>To ju\u017c kolejny mecz w lidze \u017caka<img loading=\"lazy\" decoding=\"async\" alt=\"\u203c\" src=\"https:\/\/static.xx.fbcdn.net\/images\/emoji.php\/v9\/t77\/1\/16\/203c.png\" width=\"16\" height=\"16\"> W wyjazdowym <img loading=\"lazy\" decoding=\"async\" alt=\"\ud83c\udfdf\" src=\"https:\/\/static.xx.fbcdn.net\/images\/emoji.php\/v9\/t8d\/1\/16\/1f3df.png\" width=\"16\" height=\"16\"> spotkaniu, kt\u00f3re odby\u0142o si\u0119 w \u015brod\u0119 nasze zawodniczki zmierzy\u0142y si\u0119 z Wi\u015bla\u0144skim Stowarzyszeniem Sportowym. Tym razem dziewczyny musia\u0142y sobie poradzi\u0107 w mocno okrojonym sk\u0142adzie, co spowodowa\u0142o, \u017ce ka\u017cda z nich mia\u0142a wi\u0119cej gry i okazji do pokazania swoich umiej\u0119tno\u015bci <img loading=\"lazy\" decoding=\"async\" alt=\"\ud83d\udcaa\" src=\"https:\/\/static.xx.fbcdn.net\/images\/emoji.php\/v9\/t6c\/1\/16\/1f4aa.png\" width=\"16\" height=\"16\">. Popisa\u0142y si\u0119 kilkoma \u015bwietnymi akcjami grupowymi oraz odwa\u017cnymi dryblingami indywidualnymi <img loading=\"lazy\" decoding=\"async\" alt=\"\ud83d\udd1d\" src=\"https:\/\/static.xx.fbcdn.net\/images\/emoji.php\/v9\/t60\/1\/16\/1f51d.png\" width=\"16\" height=\"16\">. Dziewczyny r\u00f3wnie\u017c coraz <a><\/a>lepiej radz\u0105 sobie z pewniejszym odbiorem pi\u0142ki i tworzeniem akcji grupowych<img loading=\"lazy\" decoding=\"async\" alt=\"\ud83d\udc4f\" src=\"https:\/\/static.xx.fbcdn.net\/images\/emoji.php\/v9\/tfe\/1\/16\/1f44f.png\" width=\"16\" height=\"16\">. Mimo straty bramek by\u0142o wida\u0107 ci\u0105g\u0142\u0105 ch\u0119\u0107 atakowania i stwarzania sytuacji pod bramk\u0105 przeciwnika<img loading=\"lazy\" decoding=\"async\" alt=\"\ud83e\udd29\" src=\"https:\/\/static.xx.fbcdn.net\/images\/emoji.php\/v9\/t58\/1\/16\/1f929.png\" width=\"16\" height=\"16\">.<\/p>\n\n\n\n<p><img loading=\"lazy\" decoding=\"async\" alt=\"\u2705\ufe0f\" src=\"https:\/\/static.xx.fbcdn.net\/images\/emoji.php\/v9\/t33\/1\/16\/2705.png\" width=\"16\" height=\"16\"> Nasze barwy reprezentowa\u0142y:<\/p>\n\n\n\n<p><img loading=\"lazy\" decoding=\"async\" alt=\"7\u20e3\" src=\"https:\/\/static.xx.fbcdn.net\/images\/emoji.php\/v9\/t34\/1\/16\/37_20e3.png\" width=\"16\" height=\"16\"> Ola <img loading=\"lazy\" decoding=\"async\" alt=\"1\u20e3\" src=\"https:\/\/static.xx.fbcdn.net\/images\/emoji.php\/v9\/t7a\/1\/16\/31_20e3.png\" width=\"16\" height=\"16\"><img loading=\"lazy\" decoding=\"async\" alt=\"1\u20e3\" src=\"https:\/\/static.xx.fbcdn.net\/images\/emoji.php\/v9\/t7a\/1\/16\/31_20e3.png\" width=\"16\" height=\"16\"> Karolina<\/p>\n\n\n\n<p><img loading=\"lazy\" decoding=\"async\" alt=\"1\u20e3\" src=\"https:\/\/static.xx.fbcdn.net\/images\/emoji.php\/v9\/t7a\/1\/16\/31_20e3.png\" width=\"16\" height=\"16\"><img loading=\"lazy\" decoding=\"async\" alt=\"8\u20e3\" src=\"https:\/\/static.xx.fbcdn.net\/images\/emoji.php\/v9\/t53\/1\/16\/38_20e3.png\" width=\"16\" height=\"16\"> Pola<\/p>\n\n\n\n<p><img loading=\"lazy\" decoding=\"async\" alt=\"2\u20e3\" src=\"https:\/\/static.xx.fbcdn.net\/images\/emoji.php\/v9\/t99\/1\/16\/32_20e3.png\" width=\"16\" height=\"16\"><img loading=\"lazy\" decoding=\"async\" alt=\"1\u20e3\" src=\"https:\/\/static.xx.fbcdn.net\/images\/emoji.php\/v9\/t7a\/1\/16\/31_20e3.png\" width=\"16\" height=\"16\"> Tamara<\/p>\n\n\n\n<p><img loading=\"lazy\" decoding=\"async\" alt=\"2\ufe0f\u20e3\" src=\"https:\/\/static.xx.fbcdn.net\/images\/emoji.php\/v9\/t99\/1\/16\/32_20e3.png\" width=\"16\" height=\"16\"><img loading=\"lazy\" decoding=\"async\" alt=\"6\u20e3\" src=\"https:\/\/static.xx.fbcdn.net\/images\/emoji.php\/v9\/t15\/1\/16\/36_20e3.png\" width=\"16\" height=\"16\"> Kasia<\/p>\n\n\n\n<p><img loading=\"lazy\" decoding=\"async\" alt=\"9\u20e3\" src=\"https:\/\/static.xx.fbcdn.net\/images\/emoji.php\/v9\/t72\/1\/16\/39_20e3.png\" width=\"16\" height=\"16\"><img loading=\"lazy\" decoding=\"async\" alt=\"0\u20e3\" src=\"https:\/\/static.xx.fbcdn.net\/images\/emoji.php\/v9\/t5b\/1\/16\/30_20e3.png\" width=\"16\" height=\"16\"> Paulina<\/p>\n\n\n\n<p><img loading=\"lazy\" decoding=\"async\" alt=\"9\u20e3\" src=\"https:\/\/static.xx.fbcdn.net\/images\/emoji.php\/v9\/t72\/1\/16\/39_20e3.png\" width=\"16\" height=\"16\"><img loading=\"lazy\" decoding=\"async\" alt=\"8\u20e3\" src=\"https:\/\/static.xx.fbcdn.net\/images\/emoji.php\/v9\/t53\/1\/16\/38_20e3.png\" width=\"16\" height=\"16\"> \u0141ucja <img loading=\"lazy\" decoding=\"async\" alt=\"\ud83d\udc69\" src=\"https:\/\/static.xx.fbcdn.net\/images\/emoji.php\/v9\/t8f\/1\/16\/1f469.png\" width=\"16\" height=\"16\"> Trener Klaudia Bogacka<\/p>\n\n\n\n<p><img loading=\"lazy\" decoding=\"async\" alt=\"\u27a1\" src=\"https:\/\/static.xx.fbcdn.net\/images\/emoji.php\/v9\/t9e\/1\/16\/27a1.png\" width=\"16\" height=\"16\"> Kolejne spotkanie rozegramy 11 pa\u017adziernika w meczu domowym.<\/p>\n","protected":false},"excerpt":{"rendered":"<p>To ju\u017c kolejny mecz w lidze \u017caka W wyjazdowym spotkaniu, kt\u00f3re odby\u0142o si\u0119 w \u015brod\u0119 nasze zawodniczki zmierzy\u0142y si\u0119 z Wi\u015bla\u0144skim Stowarzyszeniem Sportowym. Tym razem dziewczyny musia\u0142y sobie poradzi\u0107 w mocno okrojonym sk\u0142adzie, co spowodowa\u0142o, \u017ce ka\u017cda z nich mia\u0142a wi\u0119cej gry i okazji do pokazania swoich umiej\u0119tno\u015bci . Popisa\u0142y si\u0119 kilkoma \u015bwietnymi akcjami grupowymi [&hellip;]<\/p>\n","protected":false},"author":1,"featured_media":13051,"comment_status":"closed","ping_status":"closed","sticky":false,"template":"","format":"standard","meta":{"ngg_post_thumbnail":0,"footnotes":""},"categories":[4,55],"tags":[],"class_list":["post-13050","post","type-post","status-publish","format-standard","has-post-thumbnail","hentry","category-news","category-pilkarki"],"featured_image_url":{"thumbnail":"http:\/\/wisla.skoczow.pl\/wp-content\/uploads\/2023\/10\/386656893_809293777867824_8272558452303318927_n-150x150.jpg","medium":"http:\/\/wisla.skoczow.pl\/wp-content\/uploads\/2023\/10\/386656893_809293777867824_8272558452303318927_n-300x225.jpg","medium_large":"http:\/\/wisla.skoczow.pl\/wp-content\/uploads\/2023\/10\/386656893_809293777867824_8272558452303318927_n-768x576.jpg","large":"http:\/\/wisla.skoczow.pl\/wp-content\/uploads\/2023\/10\/386656893_809293777867824_8272558452303318927_n-1024x768.jpg","1536x1536":"http:\/\/wisla.skoczow.pl\/wp-content\/uploads\/2023\/10\/386656893_809293777867824_8272558452303318927_n-1536x1152.jpg","2048x2048":"http:\/\/wisla.skoczow.pl\/wp-content\/uploads\/2023\/10\/386656893_809293777867824_8272558452303318927_n.jpg","sportspress-crop-medium":"http:\/\/wisla.skoczow.pl\/wp-content\/uploads\/2023\/10\/386656893_809293777867824_8272558452303318927_n-300x300.jpg","sportspress-fit-medium":"http:\/\/wisla.skoczow.pl\/wp-content\/uploads\/2023\/10\/386656893_809293777867824_8272558452303318927_n-300x225.jpg","sportspress-fit-icon":"http:\/\/wisla.skoczow.pl\/wp-content\/uploads\/2023\/10\/386656893_809293777867824_8272558452303318927_n-128x96.jpg","sportspress-fit-mini":"http:\/\/wisla.skoczow.pl\/wp-content\/uploads\/2023\/10\/386656893_809293777867824_8272558452303318927_n-32x24.jpg"},"post_author":"admin","assigned_categories":"Aktualno\u015bci, Pi\u0142karki","_links":{"self":[{"href":"http:\/\/wisla.skoczow.pl\/index.php?rest_route=\/wp\/v2\/posts\/13050","targetHints":{"allow":["GET"]}}],"collection":[{"href":"http:\/\/wisla.skoczow.pl\/index.php?rest_route=\/wp\/v2\/posts"}],"about":[{"href":"http:\/\/wisla.skoczow.pl\/index.php?rest_route=\/wp\/v2\/types\/post"}],"author":[{"embeddable":true,"href":"http:\/\/wisla.skoczow.pl\/index.php?rest_route=\/wp\/v2\/users\/1"}],"replies":[{"embeddable":true,"href":"http:\/\/wisla.skoczow.pl\/index.php?rest_route=%2Fwp%2Fv2%2Fcomments&post=13050"}],"version-history":[{"count":1,"href":"http:\/\/wisla.skoczow.pl\/index.php?rest_route=\/wp\/v2\/posts\/13050\/revisions"}],"predecessor-version":[{"id":13052,"href":"http:\/\/wisla.skoczow.pl\/index.php?rest_route=\/wp\/v2\/posts\/13050\/revisions\/13052"}],"wp:featuredmedia":[{"embeddable":true,"href":"http:\/\/wisla.skoczow.pl\/index.php?rest_route=\/wp\/v2\/media\/13051"}],"wp:attachment":[{"href":"http:\/\/wisla.skoczow.pl\/index.php?rest_route=%2Fwp%2Fv2%2Fmedia&parent=13050"}],"wp:term":[{"taxonomy":"category","embeddable":true,"href":"http:\/\/wisla.skoczow.pl\/index.php?rest_route=%2Fwp%2Fv2%2Fcategories&post=13050"},{"taxonomy":"post_tag","embeddable":true,"href":"http:\/\/wisla.skoczow.pl\/index.php?rest_route=%2Fwp%2Fv2%2Ftags&post=13050"}],"curies":[{"name":"wp","href":"https:\/\/api.w.org\/{rel}","templated":true}]}}