{"id":13084,"date":"2023-10-09T22:58:42","date_gmt":"2023-10-09T21:58:42","guid":{"rendered":"http:\/\/wisla.skoczow.pl\/?p=13084"},"modified":"2023-10-11T23:00:17","modified_gmt":"2023-10-11T22:00:17","slug":"pilkarskie-przedszkole-u7","status":"publish","type":"post","link":"http:\/\/wisla.skoczow.pl\/?p=13084","title":{"rendered":"Pi\u0142karskie Przedszkole U7"},"content":{"rendered":"\n<p>Treningi najm\u0142odszych adeptek pi\u0142ki no\u017cnej czas zacz\u0105\u0107<img loading=\"lazy\" decoding=\"async\" alt=\"\u203c\" src=\"https:\/\/static.xx.fbcdn.net\/images\/emoji.php\/v9\/t77\/1\/16\/203c.png\" width=\"16\" height=\"16\"><\/p>\n\n\n\n<p>Zaj\u0119cia maj\u0105 charakter <img loading=\"lazy\" decoding=\"async\" alt=\"\ud83e\udd38\u200d\u2640\ufe0f\" src=\"https:\/\/static.xx.fbcdn.net\/images\/emoji.php\/v9\/t24\/1\/16\/1f938_200d_2640.png\" width=\"16\" height=\"16\">og\u00f3lnorozwojowy,<\/p>\n\n\n\n<p>z elementami podstaw pi\u0142ki no\u017cnej<img loading=\"lazy\" decoding=\"async\" alt=\"\u26bd\ufe0f\" src=\"https:\/\/static.xx.fbcdn.net\/images\/emoji.php\/v9\/taf\/1\/16\/26bd.png\" width=\"16\" height=\"16\"><img loading=\"lazy\" decoding=\"async\" alt=\"\ud83e\udd45\" src=\"https:\/\/static.xx.fbcdn.net\/images\/emoji.php\/v9\/t92\/1\/16\/1f945.png\" width=\"16\" height=\"16\"> w formie zabawy<img loading=\"lazy\" decoding=\"async\" alt=\"\ud83d\udc4d\" src=\"https:\/\/static.xx.fbcdn.net\/images\/emoji.php\/v9\/tfc\/1\/16\/1f44d.png\" width=\"16\" height=\"16\">.<\/p>\n\n\n\n<p><a><\/a>Serdecznie zapraszamy ka\u017cd\u0105 ch\u0119tn\u0105 dziewczynk\u0119<\/p>\n\n\n\n<p>z rocznika 2017 i m\u0142odsze na pierwszy trening<img loading=\"lazy\" decoding=\"async\" alt=\"\ud83d\ude0a\" src=\"https:\/\/static.xx.fbcdn.net\/images\/emoji.php\/v9\/t7f\/1\/16\/1f60a.png\" width=\"16\" height=\"16\">.<\/p>\n\n\n\n<p>Zaj\u0119cia <img loading=\"lazy\" decoding=\"async\" alt=\"\u23f1\" src=\"https:\/\/static.xx.fbcdn.net\/images\/emoji.php\/v9\/tb5\/1\/16\/23f1.png\" width=\"16\" height=\"16\">trwa\u0107 b\u0119d\u0105 1 godzin\u0119 i odbywa\u0107 si\u0119 b\u0119d\u0105 w ka\u017cdy<\/p>\n\n\n\n<p>poniedzia\u0142ek od 16 pa\u017adziernika<\/p>\n\n\n\n<p>o 16:30 na Hali Sportowej SOSiR w Skoczowie (ul. Sportowa 6),<\/p>\n\n\n\n<p>a od 27 pa\u017adziernika tak\u017ce w pi\u0105tek<\/p>\n\n\n\n<p>o 16:30 w Hali Sportowej ZSTiO w Skoczowie (ul. G\u00f3recka 65).<\/p>\n\n\n\n<p>RODZICU ZAPRASZAMY &#8211; PRZYJD\u0179 Z DZIECKIEM NA PIERWSZE ZAJ\u0118CIA<img loading=\"lazy\" decoding=\"async\" alt=\"\u203c\" src=\"https:\/\/static.xx.fbcdn.net\/images\/emoji.php\/v9\/t77\/1\/16\/203c.png\" width=\"16\" height=\"16\"><\/p>\n\n\n\n<figure class=\"wp-block-image aligncenter size-large\"><a href=\"http:\/\/wisla.skoczow.pl\/wp-content\/uploads\/2023\/10\/Plakat-18x24-cali.jpeg\"><img loading=\"lazy\" decoding=\"async\" width=\"768\" height=\"1024\" src=\"http:\/\/wisla.skoczow.pl\/wp-content\/uploads\/2023\/10\/Plakat-18x24-cali-768x1024.jpeg\" alt=\"\" class=\"wp-image-13085\" srcset=\"http:\/\/wisla.skoczow.pl\/wp-content\/uploads\/2023\/10\/Plakat-18x24-cali-768x1024.jpeg 768w, http:\/\/wisla.skoczow.pl\/wp-content\/uploads\/2023\/10\/Plakat-18x24-cali-225x300.jpeg 225w, http:\/\/wisla.skoczow.pl\/wp-content\/uploads\/2023\/10\/Plakat-18x24-cali-1152x1536.jpeg 1152w, http:\/\/wisla.skoczow.pl\/wp-content\/uploads\/2023\/10\/Plakat-18x24-cali-96x128.jpeg 96w, http:\/\/wisla.skoczow.pl\/wp-content\/uploads\/2023\/10\/Plakat-18x24-cali-24x32.jpeg 24w, http:\/\/wisla.skoczow.pl\/wp-content\/uploads\/2023\/10\/Plakat-18x24-cali-1200x1600.jpeg 1200w, http:\/\/wisla.skoczow.pl\/wp-content\/uploads\/2023\/10\/Plakat-18x24-cali.jpeg 1296w\" sizes=\"auto, (max-width: 768px) 100vw, 768px\" \/><\/a><\/figure>\n","protected":false},"excerpt":{"rendered":"<p>Treningi najm\u0142odszych adeptek pi\u0142ki no\u017cnej czas zacz\u0105\u0107 Zaj\u0119cia maj\u0105 charakter og\u00f3lnorozwojowy, z elementami podstaw pi\u0142ki no\u017cnej w formie zabawy. Serdecznie zapraszamy ka\u017cd\u0105 ch\u0119tn\u0105 dziewczynk\u0119 z rocznika 2017 i m\u0142odsze na pierwszy trening. Zaj\u0119cia trwa\u0107 b\u0119d\u0105 1 godzin\u0119 i odbywa\u0107 si\u0119 b\u0119d\u0105 w ka\u017cdy poniedzia\u0142ek od 16 pa\u017adziernika o 16:30 na Hali Sportowej SOSiR w Skoczowie [&hellip;]<\/p>\n","protected":false},"author":1,"featured_media":13085,"comment_status":"closed","ping_status":"closed","sticky":false,"template":"","format":"standard","meta":{"ngg_post_thumbnail":0,"footnotes":""},"categories":[4,55],"tags":[],"class_list":["post-13084","post","type-post","status-publish","format-standard","has-post-thumbnail","hentry","category-news","category-pilkarki"],"featured_image_url":{"thumbnail":"http:\/\/wisla.skoczow.pl\/wp-content\/uploads\/2023\/10\/Plakat-18x24-cali-150x150.jpeg","medium":"http:\/\/wisla.skoczow.pl\/wp-content\/uploads\/2023\/10\/Plakat-18x24-cali-225x300.jpeg","medium_large":"http:\/\/wisla.skoczow.pl\/wp-content\/uploads\/2023\/10\/Plakat-18x24-cali-768x1024.jpeg","large":"http:\/\/wisla.skoczow.pl\/wp-content\/uploads\/2023\/10\/Plakat-18x24-cali-768x1024.jpeg","1536x1536":"http:\/\/wisla.skoczow.pl\/wp-content\/uploads\/2023\/10\/Plakat-18x24-cali-1152x1536.jpeg","2048x2048":"http:\/\/wisla.skoczow.pl\/wp-content\/uploads\/2023\/10\/Plakat-18x24-cali.jpeg","sportspress-crop-medium":"http:\/\/wisla.skoczow.pl\/wp-content\/uploads\/2023\/10\/Plakat-18x24-cali-300x300.jpeg","sportspress-fit-medium":"http:\/\/wisla.skoczow.pl\/wp-content\/uploads\/2023\/10\/Plakat-18x24-cali-225x300.jpeg","sportspress-fit-icon":"http:\/\/wisla.skoczow.pl\/wp-content\/uploads\/2023\/10\/Plakat-18x24-cali-96x128.jpeg","sportspress-fit-mini":"http:\/\/wisla.skoczow.pl\/wp-content\/uploads\/2023\/10\/Plakat-18x24-cali-24x32.jpeg"},"post_author":"admin","assigned_categories":"Aktualno\u015bci, Pi\u0142karki","_links":{"self":[{"href":"http:\/\/wisla.skoczow.pl\/index.php?rest_route=\/wp\/v2\/posts\/13084","targetHints":{"allow":["GET"]}}],"collection":[{"href":"http:\/\/wisla.skoczow.pl\/index.php?rest_route=\/wp\/v2\/posts"}],"about":[{"href":"http:\/\/wisla.skoczow.pl\/index.php?rest_route=\/wp\/v2\/types\/post"}],"author":[{"embeddable":true,"href":"http:\/\/wisla.skoczow.pl\/index.php?rest_route=\/wp\/v2\/users\/1"}],"replies":[{"embeddable":true,"href":"http:\/\/wisla.skoczow.pl\/index.php?rest_route=%2Fwp%2Fv2%2Fcomments&post=13084"}],"version-history":[{"count":1,"href":"http:\/\/wisla.skoczow.pl\/index.php?rest_route=\/wp\/v2\/posts\/13084\/revisions"}],"predecessor-version":[{"id":13086,"href":"http:\/\/wisla.skoczow.pl\/index.php?rest_route=\/wp\/v2\/posts\/13084\/revisions\/13086"}],"wp:featuredmedia":[{"embeddable":true,"href":"http:\/\/wisla.skoczow.pl\/index.php?rest_route=\/wp\/v2\/media\/13085"}],"wp:attachment":[{"href":"http:\/\/wisla.skoczow.pl\/index.php?rest_route=%2Fwp%2Fv2%2Fmedia&parent=13084"}],"wp:term":[{"taxonomy":"category","embeddable":true,"href":"http:\/\/wisla.skoczow.pl\/index.php?rest_route=%2Fwp%2Fv2%2Fcategories&post=13084"},{"taxonomy":"post_tag","embeddable":true,"href":"http:\/\/wisla.skoczow.pl\/index.php?rest_route=%2Fwp%2Fv2%2Ftags&post=13084"}],"curies":[{"name":"wp","href":"https:\/\/api.w.org\/{rel}","templated":true}]}}