{"id":13345,"date":"2023-11-20T18:11:58","date_gmt":"2023-11-20T17:11:58","guid":{"rendered":"http:\/\/wisla.skoczow.pl\/?p=13345"},"modified":"2023-11-28T20:23:00","modified_gmt":"2023-11-28T19:23:00","slug":"mlodziczki-u13-31","status":"publish","type":"post","link":"http:\/\/wisla.skoczow.pl\/?p=13345","title":{"rendered":"M\u0142odziczki U13"},"content":{"rendered":"\n<p>11 listopada nasze m\u0142ode &#8222;Wise\u0142ki&#8221; rozegra\u0142y ostatnie spotkanie ligowe w tym roku. Podejmowa\u0142y zesp\u00f3\u0142 z Rybnika. Ale\u017c to by\u0142y emocje<img loading=\"lazy\" decoding=\"async\" alt=\"\ud83d\udca5\" src=\"https:\/\/static.xx.fbcdn.net\/images\/emoji.php\/v9\/t40\/1\/16\/1f4a5.png\" width=\"16\" height=\"16\"><img loading=\"lazy\" decoding=\"async\" alt=\"\ud83d\udd25\" src=\"https:\/\/static.xx.fbcdn.net\/images\/emoji.php\/v9\/t50\/1\/16\/1f525.png\" width=\"16\" height=\"16\"> i <img loading=\"lazy\" decoding=\"async\" alt=\"\u2694\ufe0f\" src=\"https:\/\/static.xx.fbcdn.net\/images\/emoji.php\/v9\/t8\/1\/16\/2694.png\" width=\"16\" height=\"16\">walka. Dziewcz\u0119ta atakowa\u0142y zaciekle bramk\u0119 przeciwniczek i tylko szcz\u0119\u015bcie ratowa\u0142o ich od starty bramki. Na prowadzenie pierwsze wyszed\u0142 zesp\u00f3\u0142 TS ROW, ale nasze dziewcz\u0119ta nie podda\u0142y si\u0119 i szybko wyr\u00f3wna\u0142y. W sytuacji sam na sam znalaz\u0142a si\u0119 <img loading=\"lazy\" decoding=\"async\" alt=\"\u26bd\ufe0f\" src=\"https:\/\/static.xx.fbcdn.net\/images\/emoji.php\/v9\/taf\/1\/16\/26bd.png\" width=\"16\" height=\"16\">Milena, kt\u00f3ra pewnie pokona\u0142a bramkark\u0119 przyjezdnych. W drugiej po\u0142owie <a><\/a>brakowa\u0142o tylko dobrego wyko\u0144czenia aby spotkanie zako\u0144czy\u0142o si\u0119 zwyci\u0119stwem &#8222;Wise\u0142ek&#8221;, ci\u0105gle atakowa\u0142y i dominowa\u0142y na po\u0142owie przeciwniczek. Mecz zako\u0144czy\u0142 si\u0119 podzia\u0142em punkt\u00f3w.<\/p>\n\n\n\n<p>Cieszymy si\u0119 z post\u0119p\u00f3w naszych zawodniczek i jednocze\u015bnie zapraszamy kolejne nowe twarze do zespo\u0142u &#8211; teraz przerwa od ligi, my trenujemy dalej.<\/p>\n\n\n\n<p>KKS Wis\u0142a Skocz\u00f3w <img loading=\"lazy\" decoding=\"async\" alt=\"1\ufe0f\u20e3\" src=\"https:\/\/static.xx.fbcdn.net\/images\/emoji.php\/v9\/t7a\/1\/16\/31_20e3.png\" width=\"16\" height=\"16\">:<img loading=\"lazy\" decoding=\"async\" alt=\"1\ufe0f\u20e3\" src=\"https:\/\/static.xx.fbcdn.net\/images\/emoji.php\/v9\/t7a\/1\/16\/31_20e3.png\" width=\"16\" height=\"16\"> TS ROW Rybnik<\/p>\n\n\n\n<figure class=\"wp-block-gallery has-nested-images columns-default is-cropped wp-block-gallery-1 is-layout-flex wp-block-gallery-is-layout-flex\">\n<figure class=\"wp-block-image size-large\"><a href=\"http:\/\/wisla.skoczow.pl\/wp-content\/uploads\/2023\/11\/WhatsApp-Image-2023-11-28-at-20.12.08-1.jpeg\"><img loading=\"lazy\" decoding=\"async\" width=\"1024\" height=\"768\" data-id=\"13421\" src=\"http:\/\/wisla.skoczow.pl\/wp-content\/uploads\/2023\/11\/WhatsApp-Image-2023-11-28-at-20.12.08-1.jpeg\" alt=\"\" class=\"wp-image-13421\" srcset=\"http:\/\/wisla.skoczow.pl\/wp-content\/uploads\/2023\/11\/WhatsApp-Image-2023-11-28-at-20.12.08-1.jpeg 1024w, http:\/\/wisla.skoczow.pl\/wp-content\/uploads\/2023\/11\/WhatsApp-Image-2023-11-28-at-20.12.08-1-300x225.jpeg 300w, http:\/\/wisla.skoczow.pl\/wp-content\/uploads\/2023\/11\/WhatsApp-Image-2023-11-28-at-20.12.08-1-768x576.jpeg 768w, http:\/\/wisla.skoczow.pl\/wp-content\/uploads\/2023\/11\/WhatsApp-Image-2023-11-28-at-20.12.08-1-128x96.jpeg 128w, http:\/\/wisla.skoczow.pl\/wp-content\/uploads\/2023\/11\/WhatsApp-Image-2023-11-28-at-20.12.08-1-32x24.jpeg 32w\" sizes=\"auto, (max-width: 1024px) 100vw, 1024px\" \/><\/a><\/figure>\n\n\n\n<figure class=\"wp-block-image size-large\"><a href=\"http:\/\/wisla.skoczow.pl\/wp-content\/uploads\/2023\/11\/WhatsApp-Image-2023-11-28-at-20.12.08-2.jpeg\"><img loading=\"lazy\" decoding=\"async\" width=\"1024\" height=\"768\" data-id=\"13420\" src=\"http:\/\/wisla.skoczow.pl\/wp-content\/uploads\/2023\/11\/WhatsApp-Image-2023-11-28-at-20.12.08-2.jpeg\" alt=\"\" class=\"wp-image-13420\" srcset=\"http:\/\/wisla.skoczow.pl\/wp-content\/uploads\/2023\/11\/WhatsApp-Image-2023-11-28-at-20.12.08-2.jpeg 1024w, http:\/\/wisla.skoczow.pl\/wp-content\/uploads\/2023\/11\/WhatsApp-Image-2023-11-28-at-20.12.08-2-300x225.jpeg 300w, http:\/\/wisla.skoczow.pl\/wp-content\/uploads\/2023\/11\/WhatsApp-Image-2023-11-28-at-20.12.08-2-768x576.jpeg 768w, http:\/\/wisla.skoczow.pl\/wp-content\/uploads\/2023\/11\/WhatsApp-Image-2023-11-28-at-20.12.08-2-128x96.jpeg 128w, http:\/\/wisla.skoczow.pl\/wp-content\/uploads\/2023\/11\/WhatsApp-Image-2023-11-28-at-20.12.08-2-32x24.jpeg 32w\" sizes=\"auto, (max-width: 1024px) 100vw, 1024px\" \/><\/a><\/figure>\n\n\n\n<figure class=\"wp-block-image size-large\"><a href=\"http:\/\/wisla.skoczow.pl\/wp-content\/uploads\/2023\/11\/WhatsApp-Image-2023-11-28-at-20.12.08-3.jpeg\"><img loading=\"lazy\" decoding=\"async\" width=\"1024\" height=\"768\" data-id=\"13422\" src=\"http:\/\/wisla.skoczow.pl\/wp-content\/uploads\/2023\/11\/WhatsApp-Image-2023-11-28-at-20.12.08-3.jpeg\" alt=\"\" class=\"wp-image-13422\" srcset=\"http:\/\/wisla.skoczow.pl\/wp-content\/uploads\/2023\/11\/WhatsApp-Image-2023-11-28-at-20.12.08-3.jpeg 1024w, http:\/\/wisla.skoczow.pl\/wp-content\/uploads\/2023\/11\/WhatsApp-Image-2023-11-28-at-20.12.08-3-300x225.jpeg 300w, http:\/\/wisla.skoczow.pl\/wp-content\/uploads\/2023\/11\/WhatsApp-Image-2023-11-28-at-20.12.08-3-768x576.jpeg 768w, http:\/\/wisla.skoczow.pl\/wp-content\/uploads\/2023\/11\/WhatsApp-Image-2023-11-28-at-20.12.08-3-128x96.jpeg 128w, http:\/\/wisla.skoczow.pl\/wp-content\/uploads\/2023\/11\/WhatsApp-Image-2023-11-28-at-20.12.08-3-32x24.jpeg 32w\" sizes=\"auto, (max-width: 1024px) 100vw, 1024px\" \/><\/a><\/figure>\n<\/figure>\n","protected":false},"excerpt":{"rendered":"<p>11 listopada nasze m\u0142ode &#8222;Wise\u0142ki&#8221; rozegra\u0142y ostatnie spotkanie ligowe w tym roku. Podejmowa\u0142y zesp\u00f3\u0142 z Rybnika. Ale\u017c to by\u0142y emocje i walka. Dziewcz\u0119ta atakowa\u0142y zaciekle bramk\u0119 przeciwniczek i tylko szcz\u0119\u015bcie ratowa\u0142o ich od starty bramki. Na prowadzenie pierwsze wyszed\u0142 zesp\u00f3\u0142 TS ROW, ale nasze dziewcz\u0119ta nie podda\u0142y si\u0119 i szybko wyr\u00f3wna\u0142y. W sytuacji sam na [&hellip;]<\/p>\n","protected":false},"author":1,"featured_media":13419,"comment_status":"closed","ping_status":"closed","sticky":false,"template":"","format":"standard","meta":{"ngg_post_thumbnail":0,"footnotes":""},"categories":[4,55],"tags":[],"class_list":["post-13345","post","type-post","status-publish","format-standard","has-post-thumbnail","hentry","category-news","category-pilkarki"],"featured_image_url":{"thumbnail":"http:\/\/wisla.skoczow.pl\/wp-content\/uploads\/2023\/11\/WhatsApp-Image-2023-11-28-at-20.12.08-150x150.jpeg","medium":"http:\/\/wisla.skoczow.pl\/wp-content\/uploads\/2023\/11\/WhatsApp-Image-2023-11-28-at-20.12.08-300x225.jpeg","medium_large":"http:\/\/wisla.skoczow.pl\/wp-content\/uploads\/2023\/11\/WhatsApp-Image-2023-11-28-at-20.12.08-768x576.jpeg","large":"http:\/\/wisla.skoczow.pl\/wp-content\/uploads\/2023\/11\/WhatsApp-Image-2023-11-28-at-20.12.08.jpeg","1536x1536":"http:\/\/wisla.skoczow.pl\/wp-content\/uploads\/2023\/11\/WhatsApp-Image-2023-11-28-at-20.12.08.jpeg","2048x2048":"http:\/\/wisla.skoczow.pl\/wp-content\/uploads\/2023\/11\/WhatsApp-Image-2023-11-28-at-20.12.08.jpeg","sportspress-crop-medium":"http:\/\/wisla.skoczow.pl\/wp-content\/uploads\/2023\/11\/WhatsApp-Image-2023-11-28-at-20.12.08-300x300.jpeg","sportspress-fit-medium":"http:\/\/wisla.skoczow.pl\/wp-content\/uploads\/2023\/11\/WhatsApp-Image-2023-11-28-at-20.12.08-300x225.jpeg","sportspress-fit-icon":"http:\/\/wisla.skoczow.pl\/wp-content\/uploads\/2023\/11\/WhatsApp-Image-2023-11-28-at-20.12.08-128x96.jpeg","sportspress-fit-mini":"http:\/\/wisla.skoczow.pl\/wp-content\/uploads\/2023\/11\/WhatsApp-Image-2023-11-28-at-20.12.08-32x24.jpeg"},"post_author":"admin","assigned_categories":"Aktualno\u015bci, Pi\u0142karki","_links":{"self":[{"href":"http:\/\/wisla.skoczow.pl\/index.php?rest_route=\/wp\/v2\/posts\/13345","targetHints":{"allow":["GET"]}}],"collection":[{"href":"http:\/\/wisla.skoczow.pl\/index.php?rest_route=\/wp\/v2\/posts"}],"about":[{"href":"http:\/\/wisla.skoczow.pl\/index.php?rest_route=\/wp\/v2\/types\/post"}],"author":[{"embeddable":true,"href":"http:\/\/wisla.skoczow.pl\/index.php?rest_route=\/wp\/v2\/users\/1"}],"replies":[{"embeddable":true,"href":"http:\/\/wisla.skoczow.pl\/index.php?rest_route=%2Fwp%2Fv2%2Fcomments&post=13345"}],"version-history":[{"count":3,"href":"http:\/\/wisla.skoczow.pl\/index.php?rest_route=\/wp\/v2\/posts\/13345\/revisions"}],"predecessor-version":[{"id":13423,"href":"http:\/\/wisla.skoczow.pl\/index.php?rest_route=\/wp\/v2\/posts\/13345\/revisions\/13423"}],"wp:featuredmedia":[{"embeddable":true,"href":"http:\/\/wisla.skoczow.pl\/index.php?rest_route=\/wp\/v2\/media\/13419"}],"wp:attachment":[{"href":"http:\/\/wisla.skoczow.pl\/index.php?rest_route=%2Fwp%2Fv2%2Fmedia&parent=13345"}],"wp:term":[{"taxonomy":"category","embeddable":true,"href":"http:\/\/wisla.skoczow.pl\/index.php?rest_route=%2Fwp%2Fv2%2Fcategories&post=13345"},{"taxonomy":"post_tag","embeddable":true,"href":"http:\/\/wisla.skoczow.pl\/index.php?rest_route=%2Fwp%2Fv2%2Ftags&post=13345"}],"curies":[{"name":"wp","href":"https:\/\/api.w.org\/{rel}","templated":true}]}}