{"id":13424,"date":"2023-11-28T21:09:12","date_gmt":"2023-11-28T20:09:12","guid":{"rendered":"http:\/\/wisla.skoczow.pl\/?p=13424"},"modified":"2023-11-28T21:11:10","modified_gmt":"2023-11-28T20:11:10","slug":"grand-prix-ziemi-pszczynskiej-ii-turniej","status":"publish","type":"post","link":"http:\/\/wisla.skoczow.pl\/?p=13424","title":{"rendered":"Grand Prix Ziemi Pszczy\u0144skiej &#8211; II Turniej!"},"content":{"rendered":"\n<p>Kolejny udany wyst\u0119p odnotowali nasi zawodnicy!<\/p>\n\n\n\n<p><strong>Adam Gesing<\/strong> oraz <strong>Olaf Gesing<\/strong> wystartowali w 2. turnieju Grand Prix Ziemi Pszczy\u0144skiej w badmintonie, kt\u00f3ry odby\u0142 si\u0119 12 listopada 2023. Impreza jest organizowana przez UKS Plesbad w Pszczynie od wielu lat. Jest to cykl 4 turniej\u00f3w, w kt\u00f3rym rywalizuje si\u0119 w kilku kategoriach wiekowych od dzieci po doros\u0142ych. Najlepsze wyniki z trzech turniej\u00f3w (spo\u015br\u00f3d 4) decyduj\u0105 o zdobyciu tytu\u0142u Mistrza Ziemi Pszczy\u0144skiej w badmintonie.<\/p>\n\n\n\n<p>Panowie zagrali w grze podw\u00f3jnej rodzinnej zajmuj\u0105c miejsce V-VI.<br>W grze pojedynczej m\u0119\u017cczyzn Olaf Gesing zaj\u0105\u0142 IV miejsce, a Adam Gesing V miejsce.<br>W grze mieszanej (miksty) Olaf Gesing w parze z Marlen\u0105 Hejnowicz zaj\u0105\u0142 II miejsce!<\/p>\n\n\n\n<figure class=\"wp-block-gallery has-nested-images columns-default is-cropped wp-block-gallery-1 is-layout-flex wp-block-gallery-is-layout-flex\">\n<figure class=\"wp-block-image size-large\"><a href=\"http:\/\/wisla.skoczow.pl\/wp-content\/uploads\/2023\/11\/pszczyna-23.jpg\"><img loading=\"lazy\" decoding=\"async\" width=\"724\" height=\"1024\" data-id=\"13426\" src=\"http:\/\/wisla.skoczow.pl\/wp-content\/uploads\/2023\/11\/pszczyna-23-724x1024.jpg\" alt=\"\" class=\"wp-image-13426\" srcset=\"http:\/\/wisla.skoczow.pl\/wp-content\/uploads\/2023\/11\/pszczyna-23-724x1024.jpg 724w, http:\/\/wisla.skoczow.pl\/wp-content\/uploads\/2023\/11\/pszczyna-23-212x300.jpg 212w, http:\/\/wisla.skoczow.pl\/wp-content\/uploads\/2023\/11\/pszczyna-23-768x1086.jpg 768w, http:\/\/wisla.skoczow.pl\/wp-content\/uploads\/2023\/11\/pszczyna-23-1086x1536.jpg 1086w, http:\/\/wisla.skoczow.pl\/wp-content\/uploads\/2023\/11\/pszczyna-23-90x128.jpg 90w, http:\/\/wisla.skoczow.pl\/wp-content\/uploads\/2023\/11\/pszczyna-23-23x32.jpg 23w, http:\/\/wisla.skoczow.pl\/wp-content\/uploads\/2023\/11\/pszczyna-23-1200x1697.jpg 1200w, http:\/\/wisla.skoczow.pl\/wp-content\/uploads\/2023\/11\/pszczyna-23.jpg 1414w\" sizes=\"auto, (max-width: 724px) 100vw, 724px\" \/><\/a><\/figure>\n\n\n\n<figure class=\"wp-block-image size-large\"><a href=\"http:\/\/wisla.skoczow.pl\/wp-content\/uploads\/2023\/11\/wyniki-pszczyna.jpg\"><img loading=\"lazy\" decoding=\"async\" width=\"724\" height=\"1024\" data-id=\"13425\" src=\"http:\/\/wisla.skoczow.pl\/wp-content\/uploads\/2023\/11\/wyniki-pszczyna-724x1024.jpg\" alt=\"\" class=\"wp-image-13425\" srcset=\"http:\/\/wisla.skoczow.pl\/wp-content\/uploads\/2023\/11\/wyniki-pszczyna-724x1024.jpg 724w, http:\/\/wisla.skoczow.pl\/wp-content\/uploads\/2023\/11\/wyniki-pszczyna-212x300.jpg 212w, http:\/\/wisla.skoczow.pl\/wp-content\/uploads\/2023\/11\/wyniki-pszczyna-768x1086.jpg 768w, http:\/\/wisla.skoczow.pl\/wp-content\/uploads\/2023\/11\/wyniki-pszczyna-1086x1536.jpg 1086w, http:\/\/wisla.skoczow.pl\/wp-content\/uploads\/2023\/11\/wyniki-pszczyna-90x128.jpg 90w, http:\/\/wisla.skoczow.pl\/wp-content\/uploads\/2023\/11\/wyniki-pszczyna-23x32.jpg 23w, http:\/\/wisla.skoczow.pl\/wp-content\/uploads\/2023\/11\/wyniki-pszczyna-1200x1697.jpg 1200w, http:\/\/wisla.skoczow.pl\/wp-content\/uploads\/2023\/11\/wyniki-pszczyna.jpg 1414w\" sizes=\"auto, (max-width: 724px) 100vw, 724px\" \/><\/a><\/figure>\n<\/figure>\n","protected":false},"excerpt":{"rendered":"<p>Kolejny udany wyst\u0119p odnotowali nasi zawodnicy! Adam Gesing oraz Olaf Gesing wystartowali w 2. turnieju Grand Prix Ziemi Pszczy\u0144skiej w badmintonie, kt\u00f3ry odby\u0142 si\u0119 12 listopada 2023. Impreza jest organizowana przez UKS Plesbad w Pszczynie od wielu lat. Jest to cykl 4 turniej\u00f3w, w kt\u00f3rym rywalizuje si\u0119 w kilku kategoriach wiekowych od dzieci po doros\u0142ych. [&hellip;]<\/p>\n","protected":false},"author":1,"featured_media":13427,"comment_status":"closed","ping_status":"closed","sticky":false,"template":"","format":"standard","meta":{"ngg_post_thumbnail":0,"footnotes":""},"categories":[4,54],"tags":[],"class_list":["post-13424","post","type-post","status-publish","format-standard","has-post-thumbnail","hentry","category-news","category-badminton"],"featured_image_url":{"thumbnail":"http:\/\/wisla.skoczow.pl\/wp-content\/uploads\/2023\/11\/401827121_833901762072237_5656040165332173556_n-150x150.jpg","medium":"http:\/\/wisla.skoczow.pl\/wp-content\/uploads\/2023\/11\/401827121_833901762072237_5656040165332173556_n-300x169.jpg","medium_large":"http:\/\/wisla.skoczow.pl\/wp-content\/uploads\/2023\/11\/401827121_833901762072237_5656040165332173556_n-768x432.jpg","large":"http:\/\/wisla.skoczow.pl\/wp-content\/uploads\/2023\/11\/401827121_833901762072237_5656040165332173556_n-1024x576.jpg","1536x1536":"http:\/\/wisla.skoczow.pl\/wp-content\/uploads\/2023\/11\/401827121_833901762072237_5656040165332173556_n-1536x864.jpg","2048x2048":"http:\/\/wisla.skoczow.pl\/wp-content\/uploads\/2023\/11\/401827121_833901762072237_5656040165332173556_n.jpg","sportspress-crop-medium":"http:\/\/wisla.skoczow.pl\/wp-content\/uploads\/2023\/11\/401827121_833901762072237_5656040165332173556_n-300x300.jpg","sportspress-fit-medium":"http:\/\/wisla.skoczow.pl\/wp-content\/uploads\/2023\/11\/401827121_833901762072237_5656040165332173556_n-300x169.jpg","sportspress-fit-icon":"http:\/\/wisla.skoczow.pl\/wp-content\/uploads\/2023\/11\/401827121_833901762072237_5656040165332173556_n-128x72.jpg","sportspress-fit-mini":"http:\/\/wisla.skoczow.pl\/wp-content\/uploads\/2023\/11\/401827121_833901762072237_5656040165332173556_n-32x18.jpg"},"post_author":"admin","assigned_categories":"Aktualno\u015bci, Badminton","_links":{"self":[{"href":"http:\/\/wisla.skoczow.pl\/index.php?rest_route=\/wp\/v2\/posts\/13424","targetHints":{"allow":["GET"]}}],"collection":[{"href":"http:\/\/wisla.skoczow.pl\/index.php?rest_route=\/wp\/v2\/posts"}],"about":[{"href":"http:\/\/wisla.skoczow.pl\/index.php?rest_route=\/wp\/v2\/types\/post"}],"author":[{"embeddable":true,"href":"http:\/\/wisla.skoczow.pl\/index.php?rest_route=\/wp\/v2\/users\/1"}],"replies":[{"embeddable":true,"href":"http:\/\/wisla.skoczow.pl\/index.php?rest_route=%2Fwp%2Fv2%2Fcomments&post=13424"}],"version-history":[{"count":2,"href":"http:\/\/wisla.skoczow.pl\/index.php?rest_route=\/wp\/v2\/posts\/13424\/revisions"}],"predecessor-version":[{"id":13430,"href":"http:\/\/wisla.skoczow.pl\/index.php?rest_route=\/wp\/v2\/posts\/13424\/revisions\/13430"}],"wp:featuredmedia":[{"embeddable":true,"href":"http:\/\/wisla.skoczow.pl\/index.php?rest_route=\/wp\/v2\/media\/13427"}],"wp:attachment":[{"href":"http:\/\/wisla.skoczow.pl\/index.php?rest_route=%2Fwp%2Fv2%2Fmedia&parent=13424"}],"wp:term":[{"taxonomy":"category","embeddable":true,"href":"http:\/\/wisla.skoczow.pl\/index.php?rest_route=%2Fwp%2Fv2%2Fcategories&post=13424"},{"taxonomy":"post_tag","embeddable":true,"href":"http:\/\/wisla.skoczow.pl\/index.php?rest_route=%2Fwp%2Fv2%2Ftags&post=13424"}],"curies":[{"name":"wp","href":"https:\/\/api.w.org\/{rel}","templated":true}]}}