{"id":13438,"date":"2023-11-28T21:30:25","date_gmt":"2023-11-28T20:30:25","guid":{"rendered":"http:\/\/wisla.skoczow.pl\/?p=13438"},"modified":"2023-11-28T21:30:25","modified_gmt":"2023-11-28T20:30:25","slug":"grand-prix-podbeskidzia-final","status":"publish","type":"post","link":"http:\/\/wisla.skoczow.pl\/?p=13438","title":{"rendered":"Grand Prix Podbeskidzia &#8211; FINA\u0141!"},"content":{"rendered":"\n<p>W dniu 19 listopada w hali Zespo\u0142u Szkolno-Przedszkolnego w Maza\u0144cowicach odby\u0142 si\u0119 fina\u0142owy turniej z cyklu Grand Prix Podbeskidzia w Badmintonie. <strong>Nasz m\u0142odzie\u017cowiec Olaf Gesing wygra\u0142 ca\u0142y cykl! <br>GRATULACJE!<\/strong><\/p>\n\n\n\n<p>Wyniki klasyfikacji generalnej po trzech turniejach:<\/p>\n\n\n\n<p>U17<\/p>\n\n\n\n<p><strong>1. Olaf Gesing<\/strong><\/p>\n\n\n\n<p>2. Igor Siemi\u0144ski<\/p>\n\n\n\n<p>3. Filip Kra\u015b<\/p>\n\n\n","protected":false},"excerpt":{"rendered":"<p>W dniu 19 listopada w hali Zespo\u0142u Szkolno-Przedszkolnego w Maza\u0144cowicach odby\u0142 si\u0119 fina\u0142owy turniej z cyklu Grand Prix Podbeskidzia w Badmintonie. Nasz m\u0142odzie\u017cowiec Olaf Gesing wygra\u0142 ca\u0142y cykl! GRATULACJE! Wyniki klasyfikacji generalnej po trzech turniejach: U17 1. Olaf Gesing 2. Igor Siemi\u0144ski 3. Filip Kra\u015b<\/p>\n","protected":false},"author":1,"featured_media":13439,"comment_status":"closed","ping_status":"closed","sticky":false,"template":"","format":"standard","meta":{"ngg_post_thumbnail":0,"footnotes":""},"categories":[4,54],"tags":[],"class_list":["post-13438","post","type-post","status-publish","format-standard","has-post-thumbnail","hentry","category-news","category-badminton"],"featured_image_url":{"thumbnail":"http:\/\/wisla.skoczow.pl\/wp-content\/uploads\/2023\/11\/404093026_834943258419712_1167361711611202848_n-150x150.jpg","medium":"http:\/\/wisla.skoczow.pl\/wp-content\/uploads\/2023\/11\/404093026_834943258419712_1167361711611202848_n-300x225.jpg","medium_large":"http:\/\/wisla.skoczow.pl\/wp-content\/uploads\/2023\/11\/404093026_834943258419712_1167361711611202848_n-768x576.jpg","large":"http:\/\/wisla.skoczow.pl\/wp-content\/uploads\/2023\/11\/404093026_834943258419712_1167361711611202848_n.jpg","1536x1536":"http:\/\/wisla.skoczow.pl\/wp-content\/uploads\/2023\/11\/404093026_834943258419712_1167361711611202848_n.jpg","2048x2048":"http:\/\/wisla.skoczow.pl\/wp-content\/uploads\/2023\/11\/404093026_834943258419712_1167361711611202848_n.jpg","sportspress-crop-medium":"http:\/\/wisla.skoczow.pl\/wp-content\/uploads\/2023\/11\/404093026_834943258419712_1167361711611202848_n-300x300.jpg","sportspress-fit-medium":"http:\/\/wisla.skoczow.pl\/wp-content\/uploads\/2023\/11\/404093026_834943258419712_1167361711611202848_n-300x225.jpg","sportspress-fit-icon":"http:\/\/wisla.skoczow.pl\/wp-content\/uploads\/2023\/11\/404093026_834943258419712_1167361711611202848_n-128x96.jpg","sportspress-fit-mini":"http:\/\/wisla.skoczow.pl\/wp-content\/uploads\/2023\/11\/404093026_834943258419712_1167361711611202848_n-32x24.jpg"},"post_author":"admin","assigned_categories":"Aktualno\u015bci, Badminton","_links":{"self":[{"href":"http:\/\/wisla.skoczow.pl\/index.php?rest_route=\/wp\/v2\/posts\/13438","targetHints":{"allow":["GET"]}}],"collection":[{"href":"http:\/\/wisla.skoczow.pl\/index.php?rest_route=\/wp\/v2\/posts"}],"about":[{"href":"http:\/\/wisla.skoczow.pl\/index.php?rest_route=\/wp\/v2\/types\/post"}],"author":[{"embeddable":true,"href":"http:\/\/wisla.skoczow.pl\/index.php?rest_route=\/wp\/v2\/users\/1"}],"replies":[{"embeddable":true,"href":"http:\/\/wisla.skoczow.pl\/index.php?rest_route=%2Fwp%2Fv2%2Fcomments&post=13438"}],"version-history":[{"count":1,"href":"http:\/\/wisla.skoczow.pl\/index.php?rest_route=\/wp\/v2\/posts\/13438\/revisions"}],"predecessor-version":[{"id":13440,"href":"http:\/\/wisla.skoczow.pl\/index.php?rest_route=\/wp\/v2\/posts\/13438\/revisions\/13440"}],"wp:featuredmedia":[{"embeddable":true,"href":"http:\/\/wisla.skoczow.pl\/index.php?rest_route=\/wp\/v2\/media\/13439"}],"wp:attachment":[{"href":"http:\/\/wisla.skoczow.pl\/index.php?rest_route=%2Fwp%2Fv2%2Fmedia&parent=13438"}],"wp:term":[{"taxonomy":"category","embeddable":true,"href":"http:\/\/wisla.skoczow.pl\/index.php?rest_route=%2Fwp%2Fv2%2Fcategories&post=13438"},{"taxonomy":"post_tag","embeddable":true,"href":"http:\/\/wisla.skoczow.pl\/index.php?rest_route=%2Fwp%2Fv2%2Ftags&post=13438"}],"curies":[{"name":"wp","href":"https:\/\/api.w.org\/{rel}","templated":true}]}}