{"id":13589,"date":"2023-12-22T12:44:52","date_gmt":"2023-12-22T11:44:52","guid":{"rendered":"http:\/\/wisla.skoczow.pl\/?p=13589"},"modified":"2023-12-22T13:21:10","modified_gmt":"2023-12-22T12:21:10","slug":"wesolych-swiat-oraz-szczesliwego-nowego-roku-4","status":"publish","type":"post","link":"http:\/\/wisla.skoczow.pl\/?p=13589","title":{"rendered":"Weso\u0142ych \u015awi\u0105t oraz szcz\u0119\u015bliwego Nowego Roku!"},"content":{"rendered":"\n<p class=\"has-text-align-center\">Przyjmijcie najlepsze \u017cyczenia \u015bwi\u0105teczne od KKS \u201cWis\u0142a\u201d Skocz\u00f3w.<\/p>\n\n\n\n<p class=\"has-text-align-center\"><strong>Zdrowych i spokojnych,<br><\/strong><strong>sp\u0119dzonych w gronie Waszych najbli\u017cszych,<br><\/strong><strong>najpi\u0119kniejszych \u015bwi\u0105t Bo\u017cego Narodzenia<\/strong><\/p>\n\n\n\n<p class=\"has-text-align-center\"><strong>oraz samych szcz\u0119\u015bliwych zdarze\u0144&nbsp;w nadchodz\u0105cym<br>Nowym Roku 2024<\/strong><\/p>\n\n\n\n<p class=\"has-text-align-center\"><strong><br>\u017bycz\u0105<\/strong><\/p>\n\n\n\n<p class=\"has-text-align-center\"><strong>Wszystkim Kibicom, Sponsorom, Sympatykom, Rodzicom<\/strong><\/p>\n\n\n\n<p class=\"has-text-align-center\"><strong>Zarz\u0105d, trenerzy oraz zawodniczki, zawodnicy<\/strong><\/p>\n\n\n\n<figure class=\"wp-block-image aligncenter size-full\"><a href=\"http:\/\/wisla.skoczow.pl\/wp-content\/uploads\/2023\/12\/Post-na-Facebook-940x788-px-5.jpeg\"><img loading=\"lazy\" decoding=\"async\" width=\"940\" height=\"788\" src=\"http:\/\/wisla.skoczow.pl\/wp-content\/uploads\/2023\/12\/Post-na-Facebook-940x788-px-5.jpeg\" alt=\"\" class=\"wp-image-13590\" srcset=\"http:\/\/wisla.skoczow.pl\/wp-content\/uploads\/2023\/12\/Post-na-Facebook-940x788-px-5.jpeg 940w, http:\/\/wisla.skoczow.pl\/wp-content\/uploads\/2023\/12\/Post-na-Facebook-940x788-px-5-300x251.jpeg 300w, http:\/\/wisla.skoczow.pl\/wp-content\/uploads\/2023\/12\/Post-na-Facebook-940x788-px-5-768x644.jpeg 768w, http:\/\/wisla.skoczow.pl\/wp-content\/uploads\/2023\/12\/Post-na-Facebook-940x788-px-5-128x107.jpeg 128w, http:\/\/wisla.skoczow.pl\/wp-content\/uploads\/2023\/12\/Post-na-Facebook-940x788-px-5-32x27.jpeg 32w\" sizes=\"auto, (max-width: 940px) 100vw, 940px\" \/><\/a><\/figure>\n","protected":false},"excerpt":{"rendered":"<p>Przyjmijcie najlepsze \u017cyczenia \u015bwi\u0105teczne od KKS \u201cWis\u0142a\u201d Skocz\u00f3w. Zdrowych i spokojnych,sp\u0119dzonych w gronie Waszych najbli\u017cszych,najpi\u0119kniejszych \u015bwi\u0105t Bo\u017cego Narodzenia oraz samych szcz\u0119\u015bliwych zdarze\u0144&nbsp;w nadchodz\u0105cymNowym Roku 2024 \u017bycz\u0105 Wszystkim Kibicom, Sponsorom, Sympatykom, Rodzicom Zarz\u0105d, trenerzy oraz zawodniczki, zawodnicy<\/p>\n","protected":false},"author":1,"featured_media":13590,"comment_status":"closed","ping_status":"closed","sticky":false,"template":"","format":"standard","meta":{"ngg_post_thumbnail":0,"footnotes":""},"categories":[4,54,55],"tags":[],"class_list":["post-13589","post","type-post","status-publish","format-standard","has-post-thumbnail","hentry","category-news","category-badminton","category-pilkarki"],"featured_image_url":{"thumbnail":"http:\/\/wisla.skoczow.pl\/wp-content\/uploads\/2023\/12\/Post-na-Facebook-940x788-px-5-150x150.jpeg","medium":"http:\/\/wisla.skoczow.pl\/wp-content\/uploads\/2023\/12\/Post-na-Facebook-940x788-px-5-300x251.jpeg","medium_large":"http:\/\/wisla.skoczow.pl\/wp-content\/uploads\/2023\/12\/Post-na-Facebook-940x788-px-5-768x644.jpeg","large":"http:\/\/wisla.skoczow.pl\/wp-content\/uploads\/2023\/12\/Post-na-Facebook-940x788-px-5.jpeg","1536x1536":"http:\/\/wisla.skoczow.pl\/wp-content\/uploads\/2023\/12\/Post-na-Facebook-940x788-px-5.jpeg","2048x2048":"http:\/\/wisla.skoczow.pl\/wp-content\/uploads\/2023\/12\/Post-na-Facebook-940x788-px-5.jpeg","sportspress-crop-medium":"http:\/\/wisla.skoczow.pl\/wp-content\/uploads\/2023\/12\/Post-na-Facebook-940x788-px-5-300x300.jpeg","sportspress-fit-medium":"http:\/\/wisla.skoczow.pl\/wp-content\/uploads\/2023\/12\/Post-na-Facebook-940x788-px-5-300x251.jpeg","sportspress-fit-icon":"http:\/\/wisla.skoczow.pl\/wp-content\/uploads\/2023\/12\/Post-na-Facebook-940x788-px-5-128x107.jpeg","sportspress-fit-mini":"http:\/\/wisla.skoczow.pl\/wp-content\/uploads\/2023\/12\/Post-na-Facebook-940x788-px-5-32x27.jpeg"},"post_author":"admin","assigned_categories":"Aktualno\u015bci, Badminton, Pi\u0142karki","_links":{"self":[{"href":"http:\/\/wisla.skoczow.pl\/index.php?rest_route=\/wp\/v2\/posts\/13589","targetHints":{"allow":["GET"]}}],"collection":[{"href":"http:\/\/wisla.skoczow.pl\/index.php?rest_route=\/wp\/v2\/posts"}],"about":[{"href":"http:\/\/wisla.skoczow.pl\/index.php?rest_route=\/wp\/v2\/types\/post"}],"author":[{"embeddable":true,"href":"http:\/\/wisla.skoczow.pl\/index.php?rest_route=\/wp\/v2\/users\/1"}],"replies":[{"embeddable":true,"href":"http:\/\/wisla.skoczow.pl\/index.php?rest_route=%2Fwp%2Fv2%2Fcomments&post=13589"}],"version-history":[{"count":2,"href":"http:\/\/wisla.skoczow.pl\/index.php?rest_route=\/wp\/v2\/posts\/13589\/revisions"}],"predecessor-version":[{"id":13592,"href":"http:\/\/wisla.skoczow.pl\/index.php?rest_route=\/wp\/v2\/posts\/13589\/revisions\/13592"}],"wp:featuredmedia":[{"embeddable":true,"href":"http:\/\/wisla.skoczow.pl\/index.php?rest_route=\/wp\/v2\/media\/13590"}],"wp:attachment":[{"href":"http:\/\/wisla.skoczow.pl\/index.php?rest_route=%2Fwp%2Fv2%2Fmedia&parent=13589"}],"wp:term":[{"taxonomy":"category","embeddable":true,"href":"http:\/\/wisla.skoczow.pl\/index.php?rest_route=%2Fwp%2Fv2%2Fcategories&post=13589"},{"taxonomy":"post_tag","embeddable":true,"href":"http:\/\/wisla.skoczow.pl\/index.php?rest_route=%2Fwp%2Fv2%2Ftags&post=13589"}],"curies":[{"name":"wp","href":"https:\/\/api.w.org\/{rel}","templated":true}]}}