{"id":1408,"date":"2016-05-08T22:57:10","date_gmt":"2016-05-08T21:57:10","guid":{"rendered":"http:\/\/wisla.skoczow.pl\/?p=1408"},"modified":"2022-01-23T19:14:56","modified_gmt":"2022-01-23T18:14:56","slug":"twierdza-istebnianska","status":"publish","type":"post","link":"http:\/\/wisla.skoczow.pl\/?p=1408","title":{"rendered":"Twierdza Istebnia\u0144ska."},"content":{"rendered":"<p>Trudne spotkanie, ale nie rozgromienie! &#8211; 0:3<!--more--><\/p>\n<p>Wbrew wszystkim opiniom, dziewcz\u0119ta pokaza\u0142y pazur. Walczy\u0142y do ko\u0144ca i to one wi\u0119kszo\u015b\u0107 spotkania dominowa\u0142y na boisku zamykaj\u0105c zesp\u00f3\u0142 z Istebnej na ich po\u0142owie. Dziewcz\u0119ta musia\u0142y jednak uzna\u0107 szybko\u015b\u0107 przeciwniczek, kt\u00f3re umia\u0142y wykorzysta\u0107 swoje trzy okazje z kontry. Zesp\u00f3\u0142 &#8222;Wise\u0142ek&#8221; zagra\u0142 ofensywnie i otwarcie nie zamykaj\u0105c si\u0119, ale graj\u0105c w pi\u0142k\u0119 jak r\u00f3wny z r\u00f3wnym. Niestety w futbolu decyduj\u0105 szczeg\u00f3\u0142y i nie wystarczy tylko ostra walka. W trakcie gry, podczas brutalnego faulu powa\u017cn\u0105 kontuzj\u0119 odnios\u0142a nasza obro\u0144czyni <strong>Andrea Hyllova<\/strong> &#8211; skr\u0119cenie w stawie kolanowym. Dla dziewczyn by\u0142a to \u015bwietna lekcja futbolu, gdzie b\u0119d\u0105 mog\u0142y z niej wyci\u0105gn\u0105\u0107 wnioski i sta\u0107 si\u0119 lepszymi zawodniczkami oraz zespo\u0142em na kolejny sezon. Na szczeg\u00f3lne wyr\u00f3\u017cnienie zas\u0142uguje nasza bramkarka, kt\u00f3ra \u015bwietnie interweniowa\u0142a wielokrotnie &#8211; <strong>Patrycja Kobiela<\/strong>. Dziewcz\u0119ta do ostatniego gwizdka pr\u00f3bowa\u0142y zdoby\u0107 bramk\u0119, ale zabrak\u0142o za ka\u017cdym razem celno\u015bci i zimnej krwi. Pora\u017cka przyj\u0119ta z pokor\u0105, ale i z wnioskami na popraw\u0119 paru element\u00f3w gry.<\/p>\n<p>UKS Gimnazjum Istebna &#8211; KKS &#8222;Wis\u0142a&#8221; Skocz\u00f3w \u00a03:0 (2:0)<\/p>\n<p>Sk\u0142ad: Kobiela &#8211; Hyllova,Orszulik,Niemiec,Nowak &#8211; Ku\u015b,Hrosova,Homolova,Mihaldova &#8211; Sko\u0142owska,Stroncekova<br \/>\nRezerwa: Wawronowicz,W\u0142odarczyk,Szczotka,Balas,Szo\u0142dra<\/p>\n<p>&nbsp;<\/p>\n","protected":false},"excerpt":{"rendered":"<p>Trudne spotkanie, ale nie rozgromienie! &#8211; 0:3<\/p>\n","protected":false},"author":1,"featured_media":1421,"comment_status":"closed","ping_status":"closed","sticky":false,"template":"","format":"standard","meta":{"ngg_post_thumbnail":0,"footnotes":""},"categories":[4],"tags":[],"class_list":["post-1408","post","type-post","status-publish","format-standard","has-post-thumbnail","hentry","category-news"],"featured_image_url":{"thumbnail":"http:\/\/wisla.skoczow.pl\/wp-content\/uploads\/2016\/05\/istebna-150x150.jpg","medium":"http:\/\/wisla.skoczow.pl\/wp-content\/uploads\/2016\/05\/istebna-300x200.jpg","medium_large":"http:\/\/wisla.skoczow.pl\/wp-content\/uploads\/2016\/05\/istebna.jpg","large":"http:\/\/wisla.skoczow.pl\/wp-content\/uploads\/2016\/05\/istebna-1024x682.jpg","1536x1536":"http:\/\/wisla.skoczow.pl\/wp-content\/uploads\/2016\/05\/istebna.jpg","2048x2048":"http:\/\/wisla.skoczow.pl\/wp-content\/uploads\/2016\/05\/istebna.jpg","sportspress-crop-medium":"http:\/\/wisla.skoczow.pl\/wp-content\/uploads\/2016\/05\/istebna.jpg","sportspress-fit-medium":"http:\/\/wisla.skoczow.pl\/wp-content\/uploads\/2016\/05\/istebna-300x200.jpg","sportspress-fit-icon":"http:\/\/wisla.skoczow.pl\/wp-content\/uploads\/2016\/05\/istebna-128x85.jpg","sportspress-fit-mini":"http:\/\/wisla.skoczow.pl\/wp-content\/uploads\/2016\/05\/istebna-32x21.jpg"},"post_author":"admin","assigned_categories":"Aktualno\u015bci","_links":{"self":[{"href":"http:\/\/wisla.skoczow.pl\/index.php?rest_route=\/wp\/v2\/posts\/1408","targetHints":{"allow":["GET"]}}],"collection":[{"href":"http:\/\/wisla.skoczow.pl\/index.php?rest_route=\/wp\/v2\/posts"}],"about":[{"href":"http:\/\/wisla.skoczow.pl\/index.php?rest_route=\/wp\/v2\/types\/post"}],"author":[{"embeddable":true,"href":"http:\/\/wisla.skoczow.pl\/index.php?rest_route=\/wp\/v2\/users\/1"}],"replies":[{"embeddable":true,"href":"http:\/\/wisla.skoczow.pl\/index.php?rest_route=%2Fwp%2Fv2%2Fcomments&post=1408"}],"version-history":[{"count":5,"href":"http:\/\/wisla.skoczow.pl\/index.php?rest_route=\/wp\/v2\/posts\/1408\/revisions"}],"predecessor-version":[{"id":1425,"href":"http:\/\/wisla.skoczow.pl\/index.php?rest_route=\/wp\/v2\/posts\/1408\/revisions\/1425"}],"wp:featuredmedia":[{"embeddable":true,"href":"http:\/\/wisla.skoczow.pl\/index.php?rest_route=\/wp\/v2\/media\/1421"}],"wp:attachment":[{"href":"http:\/\/wisla.skoczow.pl\/index.php?rest_route=%2Fwp%2Fv2%2Fmedia&parent=1408"}],"wp:term":[{"taxonomy":"category","embeddable":true,"href":"http:\/\/wisla.skoczow.pl\/index.php?rest_route=%2Fwp%2Fv2%2Fcategories&post=1408"},{"taxonomy":"post_tag","embeddable":true,"href":"http:\/\/wisla.skoczow.pl\/index.php?rest_route=%2Fwp%2Fv2%2Ftags&post=1408"}],"curies":[{"name":"wp","href":"https:\/\/api.w.org\/{rel}","templated":true}]}}