{"id":16504,"date":"2023-12-19T16:54:35","date_gmt":"2023-12-19T15:54:35","guid":{"rendered":"http:\/\/wisla.skoczow.pl\/?p=16504"},"modified":"2024-02-11T16:57:37","modified_gmt":"2024-02-11T15:57:37","slug":"mlodziezowe-mistrzostwa-polski-u17","status":"publish","type":"post","link":"http:\/\/wisla.skoczow.pl\/?p=16504","title":{"rendered":"M\u0142odzie\u017cowe Mistrzostwa Polski U17"},"content":{"rendered":"\n<p>17 grudnia w niedziel\u0119 nasze dziewcz\u0119ta wzi\u0119\u0142y udzia\u0142 w turnieju eliminacyjnym do M\u0142odzie\u017cowych Mistrzostw Polski U17, gdzie w Ustroniu na hali sportowej szko\u0142y podstawowej zmierzy\u0142y si\u0119 z trzema zespo\u0142ami &#8211; UKS 3 Weronica Staszk\u00f3wka Jelna, TS ROW Rybnik oraz UKKS Istebna.<\/p>\n\n\n\n<p>Wyniki spotka\u0144:<\/p>\n\n\n\n<p>UKS Staszk\u00f3wka Jelna &#8211; KKS Wis\u0142a Skocz\u00f3w  0:7<br>KKS Wis\u0142a Skocz\u00f3w &#8211; UKKS Istebna  2:5<br>KKS Wis\u0142a Skocz\u00f3w &#8211; ROW Rybnik 2:4<\/p>\n\n\n\n<p>Dziewcz\u0119ta walczy\u0142y i zaprezentowa\u0142y si\u0119 dobrze, pomimo bardzo kr\u00f3tkiej \u0142awki rezerwowej. W m\u0142odzie\u017cy drzemie potencja\u0142 futsalowy, kt\u00f3ry z pewno\u015bci\u0105 zostanie uwolniony w rozgrywkach I Ligi PLF. <\/p>\n\n\n\n<p>Sk\u0142ad: Agata, Emilia, Zuzanna, Sara, Ma\u0142gorzata, Wiktoria, Kinga<\/p>\n\n\n\n<p>Trener Sonia Gustowska: &#8222;Dziewcz\u0119ta z meczu na mecz rozkr\u0119ca\u0142y si\u0119 i gra\u0142y co raz lepiej. Zabrak\u0142o nam d\u0142u\u017cszej \u0142awki rezerwowej by roz\u0142o\u017cy\u0107 si\u0142y na te trzy bardzo intensywne spotkania. Cieszy to, \u017ce nasze wychowanki b\u0119d\u0105 stanowi\u0107 w przysz\u0142o\u015bci o sile seniorskiego zespo\u0142u futsalowego.&#8221; <\/p>\n","protected":false},"excerpt":{"rendered":"<p>17 grudnia w niedziel\u0119 nasze dziewcz\u0119ta wzi\u0119\u0142y udzia\u0142 w turnieju eliminacyjnym do M\u0142odzie\u017cowych Mistrzostw Polski U17, gdzie w Ustroniu na hali sportowej szko\u0142y podstawowej zmierzy\u0142y si\u0119 z trzema zespo\u0142ami &#8211; UKS 3 Weronica Staszk\u00f3wka Jelna, TS ROW Rybnik oraz UKKS Istebna. Wyniki spotka\u0144: UKS Staszk\u00f3wka Jelna &#8211; KKS Wis\u0142a Skocz\u00f3w 0:7KKS Wis\u0142a Skocz\u00f3w &#8211; UKKS [&hellip;]<\/p>\n","protected":false},"author":1,"featured_media":37458,"comment_status":"closed","ping_status":"closed","sticky":false,"template":"","format":"standard","meta":{"ngg_post_thumbnail":0,"footnotes":""},"categories":[4,55],"tags":[],"class_list":["post-16504","post","type-post","status-publish","format-standard","has-post-thumbnail","hentry","category-news","category-pilkarki"],"featured_image_url":{"thumbnail":"http:\/\/wisla.skoczow.pl\/wp-content\/uploads\/2024\/02\/GCS_DSC_075531-150x150.jpg","medium":"http:\/\/wisla.skoczow.pl\/wp-content\/uploads\/2024\/02\/GCS_DSC_075531-300x200.jpg","medium_large":"http:\/\/wisla.skoczow.pl\/wp-content\/uploads\/2024\/02\/GCS_DSC_075531-768x511.jpg","large":"http:\/\/wisla.skoczow.pl\/wp-content\/uploads\/2024\/02\/GCS_DSC_075531-1024x681.jpg","1536x1536":"http:\/\/wisla.skoczow.pl\/wp-content\/uploads\/2024\/02\/GCS_DSC_075531-1536x1022.jpg","2048x2048":"http:\/\/wisla.skoczow.pl\/wp-content\/uploads\/2024\/02\/GCS_DSC_075531-2048x1362.jpg","sportspress-crop-medium":"http:\/\/wisla.skoczow.pl\/wp-content\/uploads\/2024\/02\/GCS_DSC_075531-300x300.jpg","sportspress-fit-medium":"http:\/\/wisla.skoczow.pl\/wp-content\/uploads\/2024\/02\/GCS_DSC_075531-300x200.jpg","sportspress-fit-icon":"http:\/\/wisla.skoczow.pl\/wp-content\/uploads\/2024\/02\/GCS_DSC_075531-128x85.jpg","sportspress-fit-mini":"http:\/\/wisla.skoczow.pl\/wp-content\/uploads\/2024\/02\/GCS_DSC_075531-32x21.jpg"},"post_author":"admin","assigned_categories":"Aktualno\u015bci, Pi\u0142karki","_links":{"self":[{"href":"http:\/\/wisla.skoczow.pl\/index.php?rest_route=\/wp\/v2\/posts\/16504","targetHints":{"allow":["GET"]}}],"collection":[{"href":"http:\/\/wisla.skoczow.pl\/index.php?rest_route=\/wp\/v2\/posts"}],"about":[{"href":"http:\/\/wisla.skoczow.pl\/index.php?rest_route=\/wp\/v2\/types\/post"}],"author":[{"embeddable":true,"href":"http:\/\/wisla.skoczow.pl\/index.php?rest_route=\/wp\/v2\/users\/1"}],"replies":[{"embeddable":true,"href":"http:\/\/wisla.skoczow.pl\/index.php?rest_route=%2Fwp%2Fv2%2Fcomments&post=16504"}],"version-history":[{"count":2,"href":"http:\/\/wisla.skoczow.pl\/index.php?rest_route=\/wp\/v2\/posts\/16504\/revisions"}],"predecessor-version":[{"id":37460,"href":"http:\/\/wisla.skoczow.pl\/index.php?rest_route=\/wp\/v2\/posts\/16504\/revisions\/37460"}],"wp:featuredmedia":[{"embeddable":true,"href":"http:\/\/wisla.skoczow.pl\/index.php?rest_route=\/wp\/v2\/media\/37458"}],"wp:attachment":[{"href":"http:\/\/wisla.skoczow.pl\/index.php?rest_route=%2Fwp%2Fv2%2Fmedia&parent=16504"}],"wp:term":[{"taxonomy":"category","embeddable":true,"href":"http:\/\/wisla.skoczow.pl\/index.php?rest_route=%2Fwp%2Fv2%2Fcategories&post=16504"},{"taxonomy":"post_tag","embeddable":true,"href":"http:\/\/wisla.skoczow.pl\/index.php?rest_route=%2Fwp%2Fv2%2Ftags&post=16504"}],"curies":[{"name":"wp","href":"https:\/\/api.w.org\/{rel}","templated":true}]}}