{"id":2581,"date":"2017-04-28T09:49:23","date_gmt":"2017-04-28T08:49:23","guid":{"rendered":"http:\/\/wisla.skoczow.pl\/?p=2581"},"modified":"2022-01-23T19:14:39","modified_gmt":"2022-01-23T18:14:39","slug":"rozgrywki-iii-ligi-spotkanie-z-istebna-odwolane","status":"publish","type":"post","link":"http:\/\/wisla.skoczow.pl\/?p=2581","title":{"rendered":"Rozgrywki III ligi: Spotkanie z Istebn\u0105 odwo\u0142ane!"},"content":{"rendered":"<p>W zwi\u0105zku z licznymi sygna\u0142ami klub\u00f3w, \u017ce boiska po obfitych opadach deszczu s\u0105 niezdatne do gry, Wydzia\u0142 Gier \u015al\u0105skiego ZPN odwo\u0142a\u0142 wszystkie mecze zaplanowane w dniach 28-30 kwietnia 2017 roku.<!--more--><br \/>\nKolejka IV ligi grupy 1 i 2 z 29-30 kwietnia zosta\u0142a prze\u0142o\u017cona na 24 maja (\u015broda) godz. 18:00.<\/p>\n<p>Kolejka ZINA Klasy Okr\u0119gowej grupy 1, 2, 3 i 4 z 29-30 kwietnia zosta\u0142a prze\u0142o\u017cona na 31 maja (\u015broda) godz. 18:00.<\/p>\n<p><span style=\"color: #ff0000;\"><strong>Terminy pozosta\u0142ych mecz\u00f3w &#8211; m\u0142odzie\u017cy i kobiet &#8211; zostan\u0105 ustalone na posiedzeniu Wydzia\u0142u Gier \u015al\u0105skiego ZPN w dniu 4 maja.<\/strong><\/span><\/p>\n<p>11 maja na spotkaniu z \u0107wier\u0107finalistami Pucharu Polski na szczeblu \u015al\u0105skiego ZPN zostan\u0105 ustalone terminy kolejnych rund.<\/p>\n<p><strong>Wydzia\u0142 Gier \u015al\u0105skiego ZPN odwo\u0142a\u0142 spotkania nast\u0119puj\u0105cych lig:<\/strong><\/p>\n<p>II liga kobiet<br \/>\nIII liga kobiet grupa 1 \u015bl\u0105ska<br \/>\n<span style=\"color: #ff0000;\"><strong>III liga kobiet grupa 2 \u015bl\u0105ska<\/strong><\/span><\/p>\n<p>IV liga grupa 1<br \/>\nIV liga grupa 2<\/p>\n<p>Klasa Okr\u0119gowa grupa 1<br \/>\nKlasa Okr\u0119gowa grupa 2<br \/>\nKlasa Okr\u0119gowa grupa 3<br \/>\nKlasa Okr\u0119gowa grupa 4<\/p>\n<p>I Liga Wojew\u00f3dzka Junior\u00f3w (A1)<br \/>\nII Liga Wojew\u00f3dzka Junior\u00f3w (A1)<\/p>\n<p>I Liga Wojew\u00f3dzka Junior\u00f3w M\u0142odszych (B1)<br \/>\nII Liga Wojew\u00f3dzka Junior\u00f3w M\u0142. grupa p\u00f3\u0142nocna (B1)<br \/>\nII Liga Wojew\u00f3dzka Junior\u00f3w M\u0142. grupa po\u0142udniowa (B1)<\/p>\n<p>I Liga Wojew\u00f3dzka Trampkarzy (C1)<br \/>\nII Liga Wojew\u00f3dzka Trampkarzy grupa p\u00f3\u0142nocna (C1)<br \/>\nII Liga Wojew\u00f3dzka Trampkarzy grupa po\u0142udniowa (C1)<\/p>\n<p>I Liga Wojew\u00f3dzka Trampkarzy M\u0142odszych (C2)<br \/>\nII Liga Wojew\u00f3dzka Trampkarzy M\u0142odszych grupa p\u00f3\u0142nocna (C2)<br \/>\nII Liga Wojew\u00f3dzka Trampkarzy M\u0142odszych grupa po\u0142udniowa (C2)<\/p>\n<p>I Liga Wojew\u00f3dzka M\u0142odzik\u00f3w (D1)<br \/>\nII Liga Wojew\u00f3dzka M\u0142odzik\u00f3w grupa p\u00f3\u0142nocna (D1)<br \/>\nII Liga Wojew\u00f3dzka M\u0142odzik\u00f3w grupa po\u0142udniowa (D1)<\/p>\n<p>I Liga Wojew\u00f3dzka M\u0142odzik\u00f3w M\u0142odszych (D2)<br \/>\nII Liga Wojew\u00f3dzka M\u0142odzik\u00f3w M\u0142odszych grupa p\u00f3\u0142nocna (D2)<br \/>\nII Liga Wojew\u00f3dzka M\u0142odzik\u00f3w M\u0142odszych grupa po\u0142udniowa (D2)<\/p>\n","protected":false},"excerpt":{"rendered":"<p>W zwi\u0105zku z licznymi sygna\u0142ami klub\u00f3w, \u017ce boiska po obfitych opadach deszczu s\u0105 niezdatne do gry, Wydzia\u0142 Gier \u015al\u0105skiego ZPN odwo\u0142a\u0142 wszystkie mecze zaplanowane w dniach 28-30 kwietnia 2017 roku.<\/p>\n","protected":false},"author":1,"featured_media":2582,"comment_status":"closed","ping_status":"closed","sticky":false,"template":"","format":"standard","meta":{"ngg_post_thumbnail":0,"footnotes":""},"categories":[4],"tags":[],"class_list":["post-2581","post","type-post","status-publish","format-standard","has-post-thumbnail","hentry","category-news"],"featured_image_url":{"thumbnail":"http:\/\/wisla.skoczow.pl\/wp-content\/uploads\/2017\/04\/SLZ-ZPN-150x150.png","medium":"http:\/\/wisla.skoczow.pl\/wp-content\/uploads\/2017\/04\/SLZ-ZPN-298x300.png","medium_large":"http:\/\/wisla.skoczow.pl\/wp-content\/uploads\/2017\/04\/SLZ-ZPN.png","large":"http:\/\/wisla.skoczow.pl\/wp-content\/uploads\/2017\/04\/SLZ-ZPN.png","1536x1536":"http:\/\/wisla.skoczow.pl\/wp-content\/uploads\/2017\/04\/SLZ-ZPN.png","2048x2048":"http:\/\/wisla.skoczow.pl\/wp-content\/uploads\/2017\/04\/SLZ-ZPN.png","sportspress-crop-medium":"http:\/\/wisla.skoczow.pl\/wp-content\/uploads\/2017\/04\/SLZ-ZPN.png","sportspress-fit-medium":"http:\/\/wisla.skoczow.pl\/wp-content\/uploads\/2017\/04\/SLZ-ZPN-298x300.png","sportspress-fit-icon":"http:\/\/wisla.skoczow.pl\/wp-content\/uploads\/2017\/04\/SLZ-ZPN-128x128.png","sportspress-fit-mini":"http:\/\/wisla.skoczow.pl\/wp-content\/uploads\/2017\/04\/SLZ-ZPN-32x32.png"},"post_author":"admin","assigned_categories":"Aktualno\u015bci","_links":{"self":[{"href":"http:\/\/wisla.skoczow.pl\/index.php?rest_route=\/wp\/v2\/posts\/2581","targetHints":{"allow":["GET"]}}],"collection":[{"href":"http:\/\/wisla.skoczow.pl\/index.php?rest_route=\/wp\/v2\/posts"}],"about":[{"href":"http:\/\/wisla.skoczow.pl\/index.php?rest_route=\/wp\/v2\/types\/post"}],"author":[{"embeddable":true,"href":"http:\/\/wisla.skoczow.pl\/index.php?rest_route=\/wp\/v2\/users\/1"}],"replies":[{"embeddable":true,"href":"http:\/\/wisla.skoczow.pl\/index.php?rest_route=%2Fwp%2Fv2%2Fcomments&post=2581"}],"version-history":[{"count":2,"href":"http:\/\/wisla.skoczow.pl\/index.php?rest_route=\/wp\/v2\/posts\/2581\/revisions"}],"predecessor-version":[{"id":2584,"href":"http:\/\/wisla.skoczow.pl\/index.php?rest_route=\/wp\/v2\/posts\/2581\/revisions\/2584"}],"wp:featuredmedia":[{"embeddable":true,"href":"http:\/\/wisla.skoczow.pl\/index.php?rest_route=\/wp\/v2\/media\/2582"}],"wp:attachment":[{"href":"http:\/\/wisla.skoczow.pl\/index.php?rest_route=%2Fwp%2Fv2%2Fmedia&parent=2581"}],"wp:term":[{"taxonomy":"category","embeddable":true,"href":"http:\/\/wisla.skoczow.pl\/index.php?rest_route=%2Fwp%2Fv2%2Fcategories&post=2581"},{"taxonomy":"post_tag","embeddable":true,"href":"http:\/\/wisla.skoczow.pl\/index.php?rest_route=%2Fwp%2Fv2%2Ftags&post=2581"}],"curies":[{"name":"wp","href":"https:\/\/api.w.org\/{rel}","templated":true}]}}