{"id":2590,"date":"2017-05-05T12:26:25","date_gmt":"2017-05-05T11:26:25","guid":{"rendered":"http:\/\/wisla.skoczow.pl\/?p=2590"},"modified":"2022-01-23T19:14:39","modified_gmt":"2022-01-23T18:14:39","slug":"dobry-debiut-naszych-badmintonistow","status":"publish","type":"post","link":"http:\/\/wisla.skoczow.pl\/?p=2590","title":{"rendered":"Dobry debiut naszych badmintonist\u00f3w!"},"content":{"rendered":"<p>Badmintoni\u015bci zadebiutowali w rozgrywkach Grand Prix Ziemi Pszczy\u0144skiej.<!--more--><\/p>\n<p><strong>Szymon Branc (U13), Robert Szablicki oraz Dawid Herok (U16)<\/strong> wyst\u0105pili po raz pierwszy w turnieju badmintonowym rozgrywanym w Pszczynie 26 marca 2017 w Hali POSIR-u. Po miesi\u0105cu drugi start odnotowali 30 kwietnia 2017. Ch\u0142opcy nie byli\u00a0outsiderami, wr\u0119cz radzili sobie bardzo dobrze, a \u015bwiadczy o tym ich ostateczny wynik osi\u0105gni\u0119ty w klasyfikacji ko\u0144cowej &#8211; mimo, \u017ce brali udzia\u0142 tylko w dw\u00f3ch na cztery turnieje.\u00a0Szymon trenuje w sekcji od listopada 2016 roku, natomiast Robert i Dawid od 2 miesi\u0119cy \u00a0&#8211;\u00a0gratulujemy<br \/>\ni trzymamy kciuki w dalszych rozgrywkach &#8211; trening czyni mistrza!\u00a0Jednocze\u015bnie zapraszamy do naszej sekcji!<\/p>\n<p>&nbsp;<\/p>\n<p><a href=\"http:\/\/wisla.skoczow.pl\/wp-content\/uploads\/2017\/05\/u-13.jpg\"><img loading=\"lazy\" decoding=\"async\" class=\"aligncenter size-full wp-image-2591\" alt=\"u 13\" src=\"http:\/\/wisla.skoczow.pl\/wp-content\/uploads\/2017\/05\/u-13.jpg\" width=\"596\" height=\"686\" srcset=\"http:\/\/wisla.skoczow.pl\/wp-content\/uploads\/2017\/05\/u-13.jpg 596w, http:\/\/wisla.skoczow.pl\/wp-content\/uploads\/2017\/05\/u-13-260x300.jpg 260w, http:\/\/wisla.skoczow.pl\/wp-content\/uploads\/2017\/05\/u-13-111x128.jpg 111w, http:\/\/wisla.skoczow.pl\/wp-content\/uploads\/2017\/05\/u-13-27x32.jpg 27w\" sizes=\"auto, (max-width: 596px) 100vw, 596px\" \/><\/a> <a href=\"http:\/\/wisla.skoczow.pl\/wp-content\/uploads\/2017\/05\/u-16.jpg\"><img loading=\"lazy\" decoding=\"async\" class=\"aligncenter size-full wp-image-2592\" alt=\"u 16\" src=\"http:\/\/wisla.skoczow.pl\/wp-content\/uploads\/2017\/05\/u-16.jpg\" width=\"591\" height=\"537\" srcset=\"http:\/\/wisla.skoczow.pl\/wp-content\/uploads\/2017\/05\/u-16.jpg 591w, http:\/\/wisla.skoczow.pl\/wp-content\/uploads\/2017\/05\/u-16-300x272.jpg 300w, http:\/\/wisla.skoczow.pl\/wp-content\/uploads\/2017\/05\/u-16-128x116.jpg 128w, http:\/\/wisla.skoczow.pl\/wp-content\/uploads\/2017\/05\/u-16-32x29.jpg 32w\" sizes=\"auto, (max-width: 591px) 100vw, 591px\" \/><\/a><\/p>\n","protected":false},"excerpt":{"rendered":"<p>Badmintoni\u015bci zadebiutowali w rozgrywkach Grand Prix Ziemi Pszczy\u0144skiej.<\/p>\n","protected":false},"author":1,"featured_media":2593,"comment_status":"closed","ping_status":"closed","sticky":false,"template":"","format":"standard","meta":{"ngg_post_thumbnail":0,"footnotes":""},"categories":[4],"tags":[],"class_list":["post-2590","post","type-post","status-publish","format-standard","has-post-thumbnail","hentry","category-news"],"featured_image_url":{"thumbnail":"http:\/\/wisla.skoczow.pl\/wp-content\/uploads\/2017\/05\/branc-szymon-150x150.jpg","medium":"http:\/\/wisla.skoczow.pl\/wp-content\/uploads\/2017\/05\/branc-szymon-300x200.jpg","medium_large":"http:\/\/wisla.skoczow.pl\/wp-content\/uploads\/2017\/05\/branc-szymon.jpg","large":"http:\/\/wisla.skoczow.pl\/wp-content\/uploads\/2017\/05\/branc-szymon-1024x683.jpg","1536x1536":"http:\/\/wisla.skoczow.pl\/wp-content\/uploads\/2017\/05\/branc-szymon.jpg","2048x2048":"http:\/\/wisla.skoczow.pl\/wp-content\/uploads\/2017\/05\/branc-szymon.jpg","sportspress-crop-medium":"http:\/\/wisla.skoczow.pl\/wp-content\/uploads\/2017\/05\/branc-szymon.jpg","sportspress-fit-medium":"http:\/\/wisla.skoczow.pl\/wp-content\/uploads\/2017\/05\/branc-szymon-300x200.jpg","sportspress-fit-icon":"http:\/\/wisla.skoczow.pl\/wp-content\/uploads\/2017\/05\/branc-szymon-128x85.jpg","sportspress-fit-mini":"http:\/\/wisla.skoczow.pl\/wp-content\/uploads\/2017\/05\/branc-szymon-32x21.jpg"},"post_author":"admin","assigned_categories":"Aktualno\u015bci","_links":{"self":[{"href":"http:\/\/wisla.skoczow.pl\/index.php?rest_route=\/wp\/v2\/posts\/2590","targetHints":{"allow":["GET"]}}],"collection":[{"href":"http:\/\/wisla.skoczow.pl\/index.php?rest_route=\/wp\/v2\/posts"}],"about":[{"href":"http:\/\/wisla.skoczow.pl\/index.php?rest_route=\/wp\/v2\/types\/post"}],"author":[{"embeddable":true,"href":"http:\/\/wisla.skoczow.pl\/index.php?rest_route=\/wp\/v2\/users\/1"}],"replies":[{"embeddable":true,"href":"http:\/\/wisla.skoczow.pl\/index.php?rest_route=%2Fwp%2Fv2%2Fcomments&post=2590"}],"version-history":[{"count":6,"href":"http:\/\/wisla.skoczow.pl\/index.php?rest_route=\/wp\/v2\/posts\/2590\/revisions"}],"predecessor-version":[{"id":2599,"href":"http:\/\/wisla.skoczow.pl\/index.php?rest_route=\/wp\/v2\/posts\/2590\/revisions\/2599"}],"wp:featuredmedia":[{"embeddable":true,"href":"http:\/\/wisla.skoczow.pl\/index.php?rest_route=\/wp\/v2\/media\/2593"}],"wp:attachment":[{"href":"http:\/\/wisla.skoczow.pl\/index.php?rest_route=%2Fwp%2Fv2%2Fmedia&parent=2590"}],"wp:term":[{"taxonomy":"category","embeddable":true,"href":"http:\/\/wisla.skoczow.pl\/index.php?rest_route=%2Fwp%2Fv2%2Fcategories&post=2590"},{"taxonomy":"post_tag","embeddable":true,"href":"http:\/\/wisla.skoczow.pl\/index.php?rest_route=%2Fwp%2Fv2%2Ftags&post=2590"}],"curies":[{"name":"wp","href":"https:\/\/api.w.org\/{rel}","templated":true}]}}