{"id":2608,"date":"2017-05-16T10:44:21","date_gmt":"2017-05-16T09:44:21","guid":{"rendered":"http:\/\/wisla.skoczow.pl\/?p=2608"},"modified":"2022-01-23T19:14:39","modified_gmt":"2022-01-23T18:14:39","slug":"iii-liga-wiselki-zagraly-z-gks-gwarek-ornontowice","status":"publish","type":"post","link":"http:\/\/wisla.skoczow.pl\/?p=2608","title":{"rendered":"III liga: &#8222;Wise\u0142ki&#8221; zagra\u0142y z GKS Gwarek Ornontowice"},"content":{"rendered":"<p>Wyjazdowe spotkanie w Gwarku, gdzie kadra A\u00a0zmierzy\u0142a si\u0119 z pi\u0105t\u0105 dru\u017cyn\u0105 w tabeli pokaza\u0142o, \u017ce dziewczyny mog\u0105 by\u0107 gro\u017ane na boisku.\u00a0<!--more--><\/p>\n<p>&#8222;Wise\u0142ki&#8221; pojecha\u0142y na mecz z nastawieniem, \u017ce to kolejne spotkanie, kt\u00f3re wysoko przegraj\u0105 &#8211; w ko\u0144cu Gwarek to pi\u0105ta ekipa w tabeli. Jednak w szatni dziewczyny zosta\u0142y zmotywowane. Zaskoczona dru\u017cyna gospodarzy od pierwszych minut zmaga\u0142a si\u0119 z walk\u0105 o ka\u017cd\u0105 pi\u0142k\u0119, nasze pi\u0142karki nie odpuszcza\u0142y i wr\u0119cz przyciska\u0142y przeciwniczki. Dziewczyny mia\u0142y kilka,niemal pewnych okazji do zdobycia bramki, ale zabrak\u0142o do\u015bwiadczenia i konsekwencji w wyko\u0144czeniu akcji. Do po\u0142owy utrzymywa\u0142 si\u0119 wynik 0:0 &#8211; bardzo dobra gra ca\u0142ego zespo\u0142u, konsekwencja w obronie i pressing powodowa\u0142, \u017ce akcje przeciwniczek nie mia\u0142y happy endu, cho\u0107 wypracowa\u0142y\u00a0wiele dogodnych sytuacji do zdobycia bramki. Niestety w drugiej po\u0142owie chwila nieuwagi &#8211; z\u0142e ustawienie w \u015brodkowej strefie i przeciwniczki wyprowadzi\u0142y pi\u0142k\u0119 z drugiej lini, finalizuj\u0105c akcj\u0119 zdobyciem bramki &#8211; 1:0. Na pochwa\u0142\u0119 zas\u0142uguje nasza bramkarka &#8211; <strong>Anna Szczypka<\/strong>, kt\u00f3ra w spotkaniu zaprezentowa\u0142a na prawd\u0119 wysok\u0105 form\u0119, broni\u0105c wiele pi\u0142ek, kt\u00f3re mog\u0142y wyl\u0105dowa\u0107 w siatce. Spotkanie nie nale\u017ca\u0142o do naj\u0142atwiejszych &#8211; cieszy to, \u017ce &#8222;Wise\u0142ki&#8221;\u00a0postawi\u0142y si\u0119 przeciwniczkom i namiesza\u0142y w ich szykach. Nale\u017cy doda\u0107, \u017ce jesieni\u0105 <strong>dziewcz\u0119ta<\/strong> ponios\u0142y z tym zespo\u0142em pora\u017ck\u0119 5:0 &#8211; wida\u0107, \u017ce zawodniczki\u00a0pracuj\u0105 &#8211; s\u0105 efekty.<\/p>\n<p>&nbsp;<\/p>\n<p><strong>Trenerka S.Gustowska:<\/strong> <em>Jest niedosyt po tym spotkaniu, wynik m\u00f3g\u0142 by\u0107 w drug\u0105 stron\u0119. Bardzo dobra postawa dziewczyn zaowocowa\u0142a i pokaza\u0142y\u015bmy, \u017ce \u0142atwo z nami si\u0119 nie gra &#8211; nie jeste\u015bmy ch\u0142opcem do bicia. Mamy pewien progres, ale wci\u0105\u017c daleko nam do czo\u0142\u00f3wki &#8211; chcemy to zmieni\u0107<\/em>.<\/p>\n<p>&nbsp;<\/p>\n<p>GKS Gwarek Ornontowice \u00a0&#8211; \u00a0KKS &#8222;Wis\u0142a&#8221; Skocz\u00f3w \u00a0 1:0 \u00a0(0:0)<\/p>\n<p>Sk\u0142ad: Szczypka &#8211; Makula Kar., Dudek, Niemiec, Rygiel S. &#8211; B\u0105k, Bujak, Tyrna, Pokomeda, Makula Kam. &#8211; Marekwica<br \/>\nRezerwa: Cie\u015blar, Bogacka, Rygiel N.<\/p>\n","protected":false},"excerpt":{"rendered":"<p>Wyjazdowe spotkanie w Gwarku, gdzie kadra A\u00a0zmierzy\u0142a si\u0119 z pi\u0105t\u0105 dru\u017cyn\u0105 w tabeli pokaza\u0142o, \u017ce dziewczyny mog\u0105 by\u0107 gro\u017ane na boisku.\u00a0<\/p>\n","protected":false},"author":1,"featured_media":2610,"comment_status":"closed","ping_status":"closed","sticky":false,"template":"","format":"standard","meta":{"ngg_post_thumbnail":0,"footnotes":""},"categories":[4],"tags":[],"class_list":["post-2608","post","type-post","status-publish","format-standard","has-post-thumbnail","hentry","category-news"],"featured_image_url":{"thumbnail":"http:\/\/wisla.skoczow.pl\/wp-content\/uploads\/2017\/05\/gwarek-mecz-150x150.jpg","medium":"http:\/\/wisla.skoczow.pl\/wp-content\/uploads\/2017\/05\/gwarek-mecz-300x131.jpg","medium_large":"http:\/\/wisla.skoczow.pl\/wp-content\/uploads\/2017\/05\/gwarek-mecz.jpg","large":"http:\/\/wisla.skoczow.pl\/wp-content\/uploads\/2017\/05\/gwarek-mecz-1024x448.jpg","1536x1536":"http:\/\/wisla.skoczow.pl\/wp-content\/uploads\/2017\/05\/gwarek-mecz.jpg","2048x2048":"http:\/\/wisla.skoczow.pl\/wp-content\/uploads\/2017\/05\/gwarek-mecz.jpg","sportspress-crop-medium":"http:\/\/wisla.skoczow.pl\/wp-content\/uploads\/2017\/05\/gwarek-mecz.jpg","sportspress-fit-medium":"http:\/\/wisla.skoczow.pl\/wp-content\/uploads\/2017\/05\/gwarek-mecz-300x131.jpg","sportspress-fit-icon":"http:\/\/wisla.skoczow.pl\/wp-content\/uploads\/2017\/05\/gwarek-mecz-128x56.jpg","sportspress-fit-mini":"http:\/\/wisla.skoczow.pl\/wp-content\/uploads\/2017\/05\/gwarek-mecz-32x14.jpg"},"post_author":"admin","assigned_categories":"Aktualno\u015bci","_links":{"self":[{"href":"http:\/\/wisla.skoczow.pl\/index.php?rest_route=\/wp\/v2\/posts\/2608","targetHints":{"allow":["GET"]}}],"collection":[{"href":"http:\/\/wisla.skoczow.pl\/index.php?rest_route=\/wp\/v2\/posts"}],"about":[{"href":"http:\/\/wisla.skoczow.pl\/index.php?rest_route=\/wp\/v2\/types\/post"}],"author":[{"embeddable":true,"href":"http:\/\/wisla.skoczow.pl\/index.php?rest_route=\/wp\/v2\/users\/1"}],"replies":[{"embeddable":true,"href":"http:\/\/wisla.skoczow.pl\/index.php?rest_route=%2Fwp%2Fv2%2Fcomments&post=2608"}],"version-history":[{"count":5,"href":"http:\/\/wisla.skoczow.pl\/index.php?rest_route=\/wp\/v2\/posts\/2608\/revisions"}],"predecessor-version":[{"id":2614,"href":"http:\/\/wisla.skoczow.pl\/index.php?rest_route=\/wp\/v2\/posts\/2608\/revisions\/2614"}],"wp:featuredmedia":[{"embeddable":true,"href":"http:\/\/wisla.skoczow.pl\/index.php?rest_route=\/wp\/v2\/media\/2610"}],"wp:attachment":[{"href":"http:\/\/wisla.skoczow.pl\/index.php?rest_route=%2Fwp%2Fv2%2Fmedia&parent=2608"}],"wp:term":[{"taxonomy":"category","embeddable":true,"href":"http:\/\/wisla.skoczow.pl\/index.php?rest_route=%2Fwp%2Fv2%2Fcategories&post=2608"},{"taxonomy":"post_tag","embeddable":true,"href":"http:\/\/wisla.skoczow.pl\/index.php?rest_route=%2Fwp%2Fv2%2Ftags&post=2608"}],"curies":[{"name":"wp","href":"https:\/\/api.w.org\/{rel}","templated":true}]}}