{"id":2648,"date":"2017-05-22T11:18:44","date_gmt":"2017-05-22T10:18:44","guid":{"rendered":"http:\/\/wisla.skoczow.pl\/?p=2648"},"modified":"2022-01-23T19:14:39","modified_gmt":"2022-01-23T18:14:39","slug":"iii-liga-maraton-spotkan-ligowych-jak-w-ekstralidze","status":"publish","type":"post","link":"http:\/\/wisla.skoczow.pl\/?p=2648","title":{"rendered":"III liga: Maraton spotka\u0144 ligowych jak w ekstralidze."},"content":{"rendered":"<p>&#8222;Wise\u0142ki&#8221; rozegraj\u0105 trzy spotkania od 21.05 do 28.05.<br \/>\n<!--more--><\/p>\n<p>W ubieg\u0142\u0105 <strong>niedziel\u0119 (21.05) o 17:00 w Wi\u015blicy<\/strong>, dziewcz\u0119ta rozegra\u0142y spotkanie z zespo\u0142em czo\u0142\u00f3wki tabeli &#8211; <strong>GKS Poloni\u0105 Tychy<\/strong>. &#8222;Wise\u0142ki&#8221; od pocz\u0105tku spotkania wiedzia\u0142y, \u017ce nie maj\u0105 szans z tak mocnym przeciwnikiem, kt\u00f3ry trenuje regularnie od kilku lat &#8211; nasze dziewcz\u0119ta w tym sk\u0142adzie wyst\u0119puj\u0105 od 2,5 miesi\u0105ca. Grali\u015bmy na ma\u0142ym i w\u0105skim boisku, kt\u00f3re powinno nam pom\u00f3c w obronie, ale niestety przeciwnik wykorzysta\u0142 niedo\u015bwiadczenie &#8211; zdoby\u0142 9 bramek. Naszym dziewcz\u0119tom jednak nale\u017c\u0105 si\u0119 brawa &#8211; mimo, \u017ce by\u0142o to bardzo ma\u0142o prawdopodobne to zawzi\u0119to\u015b\u0107 i wola walki pozwoli\u0142a na zdobycie historycznej pierwszej bramki w tym sk\u0142adzie osobowym przez <strong>Weronik\u0119 Marekwic\u0119<\/strong> &#8211; nasza napastniczka niedawno zacz\u0119\u0142a przygod\u0119 z pi\u0142k\u0105, a ju\u017c pokazuje, \u017ce niebawem mo\u017ce sta\u0107 si\u0119 wyborow\u0105 snajperk\u0105.<\/p>\n<p><strong>Trenerka S.Gustowska<\/strong>: <em>Szkoda, \u017ce cz\u0119\u015b\u0107 dziewczyn nie by\u0142a w 100% dyspozycji &#8211; to przek\u0142ada\u0142o si\u0119 na gre, kt\u00f3ra najlepiej nie wygl\u0105da\u0142a. Zdobyta bramka z Poloni\u0105 ma dla nas bardzo du\u017ce znaczenie mentalne, a tego trzeba dziewczynom na pocz\u0105tku przygody z pi\u0142k\u0105 no\u017cn\u0105. Musimy pracowa\u0107 dalej, a sukcesy przyjd\u0105.\u00a0<\/em><\/p>\n<p>&nbsp;<\/p>\n<p>KKS &#8222;Wis\u0142a&#8221; Skocz\u00f3w \u00a0&#8211; \u00a0GKS Polonia Tychy \u00a0 \u00a0 1:9 \u00a0(0:4)<\/p>\n<p>Sk\u0142ad: Szczypka &#8211; Dudek, Nowak, Niemiec, Makula Kar. &#8211; B\u0105k, Bogacka, Bujak, Makula Kam. &#8211; Cie\u015blar, Marekwica<br \/>\nRezerwa: Margieta, Jung, Tyrna, Rygiel N.<\/p>\n<p>&nbsp;<\/p>\n<p>Kolejne spotkanie Wis\u0142a Skocz\u00f3w rozegra <strong>24.05 (\u015broda) o 18:00 w Wi\u015blicy<\/strong>, podejmuj\u0105c <strong>UKS Gimnazjum Istebna &#8211; vice lidera<\/strong>, kt\u00f3ry zagra w bara\u017cach o II lig\u0119. B\u0119dzie to bardzo trudne spotkanie dla naszych dziewcz\u0105t, kt\u00f3re jak zapowiedzia\u0142y \u0142atwo si\u0119 nie poddadz\u0105 i b\u0119d\u0105 robi\u0142y wszystko, aby straci\u0107 jak najmniej bramek, mo\u017ce i pokusz\u0105 si\u0119 o bramk\u0119 honorow\u0105.<\/p>\n<p>Ostatnie spotkanie w sezonie 2016\/2017 zostanie rozegrane na wyje\u017adzie w <strong>Bielsku-Bia\u0142ej<\/strong> z tamtejszym <strong>BTS &#8222;Rekord&#8221; &#8211; 28.05 (niedziela) o godz. 17:00<\/strong> na sztucznej murawie przy ul. Startowej. Liczymy, \u017ce &#8222;Wise\u0142ki&#8221; zako\u0144cz\u0105 rozgrywki pomy\u015blnie &#8211; boisko zweryfikuje.<\/p>\n","protected":false},"excerpt":{"rendered":"<p>&#8222;Wise\u0142ki&#8221; rozegraj\u0105 trzy spotkania od 21.05 do 28.05.<\/p>\n","protected":false},"author":1,"featured_media":2655,"comment_status":"closed","ping_status":"closed","sticky":false,"template":"","format":"standard","meta":{"ngg_post_thumbnail":0,"footnotes":""},"categories":[4],"tags":[],"class_list":["post-2648","post","type-post","status-publish","format-standard","has-post-thumbnail","hentry","category-news"],"featured_image_url":{"thumbnail":"http:\/\/wisla.skoczow.pl\/wp-content\/uploads\/2017\/05\/DSC_0182-150x150.jpg","medium":"http:\/\/wisla.skoczow.pl\/wp-content\/uploads\/2017\/05\/DSC_0182-300x168.jpg","medium_large":"http:\/\/wisla.skoczow.pl\/wp-content\/uploads\/2017\/05\/DSC_0182.jpg","large":"http:\/\/wisla.skoczow.pl\/wp-content\/uploads\/2017\/05\/DSC_0182-1024x576.jpg","1536x1536":"http:\/\/wisla.skoczow.pl\/wp-content\/uploads\/2017\/05\/DSC_0182.jpg","2048x2048":"http:\/\/wisla.skoczow.pl\/wp-content\/uploads\/2017\/05\/DSC_0182.jpg","sportspress-crop-medium":"http:\/\/wisla.skoczow.pl\/wp-content\/uploads\/2017\/05\/DSC_0182.jpg","sportspress-fit-medium":"http:\/\/wisla.skoczow.pl\/wp-content\/uploads\/2017\/05\/DSC_0182-300x168.jpg","sportspress-fit-icon":"http:\/\/wisla.skoczow.pl\/wp-content\/uploads\/2017\/05\/DSC_0182-128x72.jpg","sportspress-fit-mini":"http:\/\/wisla.skoczow.pl\/wp-content\/uploads\/2017\/05\/DSC_0182-32x18.jpg"},"post_author":"admin","assigned_categories":"Aktualno\u015bci","_links":{"self":[{"href":"http:\/\/wisla.skoczow.pl\/index.php?rest_route=\/wp\/v2\/posts\/2648","targetHints":{"allow":["GET"]}}],"collection":[{"href":"http:\/\/wisla.skoczow.pl\/index.php?rest_route=\/wp\/v2\/posts"}],"about":[{"href":"http:\/\/wisla.skoczow.pl\/index.php?rest_route=\/wp\/v2\/types\/post"}],"author":[{"embeddable":true,"href":"http:\/\/wisla.skoczow.pl\/index.php?rest_route=\/wp\/v2\/users\/1"}],"replies":[{"embeddable":true,"href":"http:\/\/wisla.skoczow.pl\/index.php?rest_route=%2Fwp%2Fv2%2Fcomments&post=2648"}],"version-history":[{"count":9,"href":"http:\/\/wisla.skoczow.pl\/index.php?rest_route=\/wp\/v2\/posts\/2648\/revisions"}],"predecessor-version":[{"id":2677,"href":"http:\/\/wisla.skoczow.pl\/index.php?rest_route=\/wp\/v2\/posts\/2648\/revisions\/2677"}],"wp:featuredmedia":[{"embeddable":true,"href":"http:\/\/wisla.skoczow.pl\/index.php?rest_route=\/wp\/v2\/media\/2655"}],"wp:attachment":[{"href":"http:\/\/wisla.skoczow.pl\/index.php?rest_route=%2Fwp%2Fv2%2Fmedia&parent=2648"}],"wp:term":[{"taxonomy":"category","embeddable":true,"href":"http:\/\/wisla.skoczow.pl\/index.php?rest_route=%2Fwp%2Fv2%2Fcategories&post=2648"},{"taxonomy":"post_tag","embeddable":true,"href":"http:\/\/wisla.skoczow.pl\/index.php?rest_route=%2Fwp%2Fv2%2Ftags&post=2648"}],"curies":[{"name":"wp","href":"https:\/\/api.w.org\/{rel}","templated":true}]}}