{"id":2666,"date":"2017-05-24T20:44:25","date_gmt":"2017-05-24T19:44:25","guid":{"rendered":"http:\/\/wisla.skoczow.pl\/?p=2666"},"modified":"2022-01-23T19:14:39","modified_gmt":"2022-01-23T18:14:39","slug":"iii-liga-nie-porazka-a-kolejna-lekcja-dla-juniorek","status":"publish","type":"post","link":"http:\/\/wisla.skoczow.pl\/?p=2666","title":{"rendered":"III liga: Nie pora\u017cka, a kolejna lekcja dla juniorek."},"content":{"rendered":"<p>W \u015brodku tygodnia zmierzyli\u015bmy si\u0119 z UKS Gimnazjum Istebna na boisku w Wi\u015blicy.<!--more--><\/p>\n<p>&#8222;Wise\u0142ki&#8221; stan\u0119\u0142y przed bardzo trudnym zadaniem, musia\u0142y stawi\u0107 czo\u0142a vice liderowi rozgrywek. Mia\u0142y r\u00f3wnie\u017c \u015bwiadomo\u015b\u0107, \u017ce s\u0105 to derby.\u00a0Spotkanie by\u0142o jednostronne &#8211; bramki sypa\u0142y si\u0119 jedna za drug\u0105 &#8211; nasze dziewcz\u0119ta by\u0142y bezradne, a zast\u0119puj\u0105ca <strong>Ann\u0119 Szczypk\u0119<\/strong> mi\u0119dzy s\u0142upkami bramkarka nie popisa\u0142a si\u0119 najlepsz\u0105 dyspozycj\u0105 &#8211; dziewcz\u0119ta z pola walczy\u0142y, robi\u0142y co mog\u0142y. W drugiej po\u0142owie &#8222;Wise\u0142kom&#8221; uda\u0142o si\u0119 nawet wywalczy\u0107 rzut karny, podyktowany po faulu na <strong>D\u017cesice Cie\u015blar<\/strong>, kt\u00f3ra po szar\u017cy lew\u0105 stron\u0105 boiska zosta\u0142a zatrzymana nieprzepisowo &#8211; zawodniczka go\u015bci zosta\u0142a ukarana \u017c\u00f3\u0142t\u0105 kartk\u0105.\u00a0Niestety, nie zosta\u0142 on wykorzystany &#8211; emocje wzi\u0119\u0142y g\u00f3r\u0119 i Istebnianki uratowa\u0142a poprzeczka &#8211; by\u0142o blisko gola honorowego. Brawa dla dziewczyn za postaw\u0119 i walk\u0119 do ostatniego gwizdka &#8211; kolejna lekcja odrobiona. Zesp\u00f3\u0142 w tym sk\u0142adzie dopiero zaczyna, wi\u0119c i frycowe musi zap\u0142aci\u0107.<\/p>\n<p>&nbsp;<\/p>\n<p><strong>Trenerksa S.Gustowska:<\/strong> <em>Dzi\u0119kuj\u0119 dziewczynom, \u017ce <em>si\u0119<\/em>\u00a0nie podda\u0142y i walczy\u0142y do ko\u0144ca. Niestety bardzo boli taki wynik. ale wierz\u0119, \u017ce uczyni nas<em>\u00a0to<\/em>\u00a0jako dru\u017cyn\u0119 jeszcze bardziej silniejszymi. Do\u015bwiadczony rywal pokona\u0142 nas. Gratuluj\u0119 dziewczynom z Istebnej i \u017cycz\u0119 powodzenia w bara\u017cach. Mecz b\u0119dzie przeanalizowany metod\u0105 video, zyskamy dzi\u0119ki temu precyzyjny materia\u0142 wyznaczaj\u0105cy kierunek pracy zar\u00f3wno indywidualnej jak i zespo\u0142owej. My\u015bl\u0119, \u017ce naszej mocno odm\u0142odzonej dru\u017cynie potrzeba jeszcze troch\u0119 czasu, spokojnej pracy. Na szcz\u0119\u015bcie dziewczyny s\u0105 gotowe i zmotywowane do podj\u0119cia dalszego wysi\u0142ku.\u00a0<\/em><em>Zabrak\u0142o nam dzi\u015b &#8222;Szczypy&#8221; na bramce, kt\u00f3ra ostatnio zaczyna fajnie si\u0119 rozwija\u0107 i z pewno\u015bci\u0105 wynik by\u0142by ni\u017cszy. Wielka szkoda, \u017ce kilka zawodniczek zachowa\u0142o si\u0119 bardzo nieodpowiednio &#8211; konsekwencje zostan\u0105 wyci\u0105gni\u0119te.<\/em><\/p>\n<p>&nbsp;<\/p>\n<p>KKS &#8222;Wis\u0142a&#8221; Skocz\u00f3w \u00a0 &#8211; \u00a0 UKS Gimnazjum Istebna \u00a0 0:19 \u00a0(0:11)<\/p>\n<p>Sk\u0142ad: Rygiel N. &#8211; Makula Kar., Dudek, Niemiec, Jung &#8211; B\u0105k, Bogacka, Bujak, Makula Kam. &#8211; Cie\u015blar, Marekwica<br \/>\nRezerwa: Margieta, Wise\u0142ka, Polok, Tyrna, Rygiel S., G\u00f3rniak<\/p>\n<p>&nbsp;<\/p>\n<p>Dzi\u015b szeregi &#8222;Wis\u0142y&#8221; Skocz\u00f3w opu\u015bci\u0142y trzy zawodniczki, kt\u00f3re nagminnie \u0142ama\u0142y regulamin Klubu.<\/p>\n<p>&nbsp;<\/p>\n","protected":false},"excerpt":{"rendered":"<p>W \u015brodku tygodnia zmierzyli\u015bmy si\u0119 z UKS Gimnazjum Istebna na boisku w Wi\u015blicy.<\/p>\n","protected":false},"author":1,"featured_media":2674,"comment_status":"closed","ping_status":"closed","sticky":false,"template":"","format":"standard","meta":{"ngg_post_thumbnail":0,"footnotes":""},"categories":[4],"tags":[],"class_list":["post-2666","post","type-post","status-publish","format-standard","has-post-thumbnail","hentry","category-news"],"featured_image_url":{"thumbnail":"http:\/\/wisla.skoczow.pl\/wp-content\/uploads\/2017\/05\/wi\u015blica-boisko-150x150.jpg","medium":"http:\/\/wisla.skoczow.pl\/wp-content\/uploads\/2017\/05\/wi\u015blica-boisko-300x168.jpg","medium_large":"http:\/\/wisla.skoczow.pl\/wp-content\/uploads\/2017\/05\/wi\u015blica-boisko.jpg","large":"http:\/\/wisla.skoczow.pl\/wp-content\/uploads\/2017\/05\/wi\u015blica-boisko-1024x575.jpg","1536x1536":"http:\/\/wisla.skoczow.pl\/wp-content\/uploads\/2017\/05\/wi\u015blica-boisko.jpg","2048x2048":"http:\/\/wisla.skoczow.pl\/wp-content\/uploads\/2017\/05\/wi\u015blica-boisko.jpg","sportspress-crop-medium":"http:\/\/wisla.skoczow.pl\/wp-content\/uploads\/2017\/05\/wi\u015blica-boisko.jpg","sportspress-fit-medium":"http:\/\/wisla.skoczow.pl\/wp-content\/uploads\/2017\/05\/wi\u015blica-boisko-300x168.jpg","sportspress-fit-icon":"http:\/\/wisla.skoczow.pl\/wp-content\/uploads\/2017\/05\/wi\u015blica-boisko-128x71.jpg","sportspress-fit-mini":"http:\/\/wisla.skoczow.pl\/wp-content\/uploads\/2017\/05\/wi\u015blica-boisko-32x17.jpg"},"post_author":"admin","assigned_categories":"Aktualno\u015bci","_links":{"self":[{"href":"http:\/\/wisla.skoczow.pl\/index.php?rest_route=\/wp\/v2\/posts\/2666","targetHints":{"allow":["GET"]}}],"collection":[{"href":"http:\/\/wisla.skoczow.pl\/index.php?rest_route=\/wp\/v2\/posts"}],"about":[{"href":"http:\/\/wisla.skoczow.pl\/index.php?rest_route=\/wp\/v2\/types\/post"}],"author":[{"embeddable":true,"href":"http:\/\/wisla.skoczow.pl\/index.php?rest_route=\/wp\/v2\/users\/1"}],"replies":[{"embeddable":true,"href":"http:\/\/wisla.skoczow.pl\/index.php?rest_route=%2Fwp%2Fv2%2Fcomments&post=2666"}],"version-history":[{"count":9,"href":"http:\/\/wisla.skoczow.pl\/index.php?rest_route=\/wp\/v2\/posts\/2666\/revisions"}],"predecessor-version":[{"id":2676,"href":"http:\/\/wisla.skoczow.pl\/index.php?rest_route=\/wp\/v2\/posts\/2666\/revisions\/2676"}],"wp:featuredmedia":[{"embeddable":true,"href":"http:\/\/wisla.skoczow.pl\/index.php?rest_route=\/wp\/v2\/media\/2674"}],"wp:attachment":[{"href":"http:\/\/wisla.skoczow.pl\/index.php?rest_route=%2Fwp%2Fv2%2Fmedia&parent=2666"}],"wp:term":[{"taxonomy":"category","embeddable":true,"href":"http:\/\/wisla.skoczow.pl\/index.php?rest_route=%2Fwp%2Fv2%2Fcategories&post=2666"},{"taxonomy":"post_tag","embeddable":true,"href":"http:\/\/wisla.skoczow.pl\/index.php?rest_route=%2Fwp%2Fv2%2Ftags&post=2666"}],"curies":[{"name":"wp","href":"https:\/\/api.w.org\/{rel}","templated":true}]}}