{"id":3642,"date":"2018-10-12T20:58:41","date_gmt":"2018-10-12T19:58:41","guid":{"rendered":"http:\/\/wisla.skoczow.pl\/?p=3642"},"modified":"2022-01-23T19:14:16","modified_gmt":"2022-01-23T18:14:16","slug":"mistrzynie-slaska-2018-kilka-slow-o-sukcesie","status":"publish","type":"post","link":"http:\/\/wisla.skoczow.pl\/?p=3642","title":{"rendered":"Mistrzynie \u015al\u0105ska 2018 &#8211; kilka s\u0142\u00f3w o sukcesie&#8230;"},"content":{"rendered":"<p>Zawodniczki postanowi\u0142y wypowiedzie\u0107 si\u0119 po sukcesie!<!--more--><\/p>\n<p>Chod\u017a min\u0119\u0142o ju\u017c 4 miesi\u0105ce od zako\u0144czenia rozgrywek sezonu 2017\/2018 to wspomnienia s\u0105 wci\u0105\u017c \u017cywe po osi\u0105gni\u0119ciu przez dziewczyny pierwszego sukcesu. G\u0142\u00f3wnie to wychowanki klubu, kt\u00f3re swoj\u0105 ci\u0119\u017ck\u0105 prac\u0105 pokaza\u0142y, \u017ce warto trenowa\u0107 do upad\u0142ego i walczy\u0107 z przeciwno\u015bciami. Pami\u0105tkowy puchar otrzyma\u0142y 06.10 w Zabrzu z r\u0105k przewodnicz\u0105cej Wydzia\u0142u Pi\u0142ki Kobiecej &#8211; Agnieszki Pluskoty. Mistrzynie \u015al\u0105ska 2018 podsumowuj\u0105 to co si\u0119 wydarzy\u0142o!<\/p>\n<p>&nbsp;<\/p>\n<p><strong>ZUZANNA GUZDEK:\u00a0<\/strong><em>Ci\u0119\u017cko walczy\u0142y\u015bmy i my\u015bl\u0119, \u017ce na to zas\u0142u\u017cy\u0142y\u015bmy. Nie poddawa\u0142y\u015bmy si\u0119. Walczy\u0142y\u015bmy do &#8222;ostatniego gwizdka&#8221;. Nie oby\u0142o si\u0119 bez p\u0142aczu i kontuzji. Jestem dumna z tego, \u017ce zdoby\u0142y\u015bmy mistrzostwo \u015a<\/em><em>l\u0105ska. Wszystko zawdzi\u0119czamy swojej ci\u0119\u017ckiej pracy i przede wszystkim naszej trenerce, kt\u00f3ra nas dopingowa\u0142a i wierzy\u0142a w nas do ko\u0144ca.<\/em><\/p>\n<p><strong>NIKOLA SKURZOK:<\/strong>\u00a0<em>We wrze\u015bniu 2017 roku rozpocz\u0119\u0142y\u015bmy zmagania ze \u015al\u0105sk\u0105 Lig\u0105 M\u0142odziczek. Ka\u017cda z nas si\u0119 ba\u0142a, bo by\u0142o to dla dla nas nowe wyzwanie, do kt\u00f3rego bardzo d\u0142ugo si\u0119 przygotowywa\u0142y\u015bmy. Mia\u0142y\u015bmy bowiem wsp\u00f3lny cel i wszystkie stara\u0142y\u015bmy si\u0119 do niego d\u0105\u017cy\u0107. Gra\u0142y\u015bmy, wykorzystuj\u0105c wszystkie za\u0142o\u017cenia taktyczne. Bardzo si\u0119 cieszy\u0142y\u015bmy, gdy po rundzie jesiennej by\u0142y\u015bmy na trzecim miejscu. Po wielu przem\u00f3wieniach motywacyjnych naszej trenerki uzna\u0142y\u015bmy, \u017ce musimy utrzyma\u0107 pozycj\u0119 z jesieni. Uda\u0142o nam si\u0119, wysz\u0142o nawet lepiej. Po ostatnim meczu w czerwcu, ju\u017c prawie oficjalnie zosta\u0142y\u015bmy mistrzyniami \u015al\u0105ska (troch\u0119 czeka\u0142y\u015bmy na oficjaln\u0105 decyzj\u0119 \u015alZPN). Jestem z nas dumna, bo pomimo nielicznych k\u0142\u00f3tni, smutk\u00f3w i kontuzji walczy\u0142y\u015bmy do ko\u0144ca i dotar\u0142y\u015bmy prawie na sam szczyt. \u0141\u0105czy nas niezwyk\u0142a wi\u0119\u017a, kt\u00f3r\u0105 wykorzystujemy na boisku.<\/em><\/p>\n<p><strong>ADRIANNA SOJKA:<\/strong><em>\u00a0Regularno\u015b\u0107, wysi\u0142ek i ci\u0119\u017cka praca to cechy bez kt\u00f3rych tytu\u0142 mistrza \u015al\u0105ska by\u0142by dla nas nie realny. Niekt\u00f3re mecze by\u0142y bardzo trudne, czasami pola\u0142y si\u0119 \u0142zy, ale op\u0142aca\u0142o si\u0119. Pokaza\u0142y\u015bmy wszystkim na co nas sta\u0107! To co osi\u0105gn\u0119\u0142y\u015bmy zawdzi\u0119czamy przede wszystkim naszej trenerce, kt\u00f3ra doprowadzi\u0142a nas do tego tytu\u0142u. Jestem dumna z tego co dokona\u0142y\u015bmy!<br \/>\n<\/em><\/p>\n<p><strong>ALEKSANDRA KARKOSZKA:<\/strong>\u00a0<em>Dotar\u0142y\u015bmy do lidera ci\u0119\u017ck\u0105 prac\u0105, dobrym humorem w szatni, determinacj\u0105 i nauk\u0105. Wydaje mi si\u0119 \u017ce warto by\u0142o spoci\u0107 i sp\u0119dza\u0107 czas na treningu ni\u017c na spotkaniu ze znajomymi. Na pocz\u0105tku mieli\u015bmy cel i aby zdoby\u0107 podium, zdobywaj\u0105c 1 miejsce nie tylko zdobyli\u015bmy miejsce na podium ale tak\u017ce uznanie innych zespo\u0142\u00f3w. Chcia\u0142abym podzi\u0119kowa\u0107 trenerce za przygotowanie nas kondycyjnie i teoretycznie.<\/em><\/p>\n<p><strong>KORNELIA MA\u0141YJUREK:<\/strong> Z<em>dobywaj\u0105c mistrzostwo \u015al\u0105ska wk\u0142ada\u0142y\u015bmy bardzo du\u017co pracy aby tak daleko doj\u015b\u0107, by\u0142y upadki ale i tak czy tak dawa\u0142y\u015bmy rad\u0119. Na 1 miejsce pracowa\u0142 ca\u0142y zesp\u00f3\u0142 i walczy\u0142 do samego ko\u0144ca. Na treningach by\u0142y \u015bmiechy, hihy ale i tak czy tak s\u0142ucha\u0142y\u015bmy uwa\u017cnie naszej trenerki, dzi\u0119ki kt\u00f3rej tez doszli\u015bmy tak daleko. Ka\u017cda zawodniczka dawa\u0142a z siebie wi\u0119cej ni\u017c 100% na treningach jak i na meczu. W klubie zawsze jest poczucie humoru. Ka\u017cda zawodniczka wspiera swoj\u0105 kole\u017cank\u0119 kt\u00f3rej co\u015b posz\u0142o nie tak. Ka\u017cda dziewczyna stara\u0142a si\u0119 na meczu, aby byli z nas dumni rodzice jak i ca\u0142y klub. Ciesz\u0119 si\u0119 z ca\u0142ego serca ze mog\u0119 gra\u0107 w takim \u015bwietnym klubie. Du\u017co si\u0119 nauczy\u0142am i nie b\u0119d\u0119 rezygnowa\u0107 z tego co mam i kocham.<\/em><\/p>\n<p><strong>MAGDALENA GRYCZ:<\/strong>\u00a0<em>Nie osi\u0105gn\u0119\u0142y\u015bmy tego przez przypadek. Ci\u0119\u017cko na to pracowa\u0142y\u015bmy. Cho\u0107 nie wszystko sz\u0142o po naszej my\u015bli nie dali\u015bmy za wygran\u0105. Dzi\u0119ki wzajemnemu wsparciu da\u0142y\u015bmy rad\u0119. Jestem bardzo dumna, \u017ce mimo lepszych i gorszych moment\u00f3w uda\u0142o nam si\u0119 osi\u0105gn\u0105\u0107 nie tylko mistrzostwo, ale tak\u017ce szacunek i uznanie innych. Chcia\u0142abym podzi\u0119kowa\u0107 trenerce za to \u017ce nigdy w nas nie zw\u0105tpi\u0142a, a dziewczynom za to, \u017ce mimo trudno\u015bci wszystkie walczy\u0142y\u015bmy do ko\u0144ca<\/em>.<\/p>\n<p><strong>MAGDALENA WOJEWODZIC:<\/strong>\u00a0<em>Bycie mistrzyni\u0105 \u015al\u0105ska to wspania\u0142e uczucie. To podsumowanie naszej ci\u0119\u017ckiej pracy oraz waleczno\u015bci. Tego co si\u0119 nauczy\u0142y\u015bmy i wsp\u00f3lnie zrealizowa\u0142y\u015bmy, jest to potwierdzenie, \u017ce trening czyni mistrza.<\/em><\/p>\n<p><strong>ESTERA WANAT:\u00a0<\/strong><em>Mistrzostwo zdobyli\u015bmy przede wszystkim ci\u0119\u017cka prac\u0105, prac\u0105 zespo\u0142ow\u0105 i wsp\u00f3lna motywacj\u0105. &#8222;Jeden za wszystkich wszyscy za jednego&#8221; my\u015bl\u0119, \u017ce w naszym zespole to by\u0142o wida\u0107, gdy kto\u015b co\u015b \u017ale zrobi\u0142 nikt mu nie wytyka\u0142 b\u0142\u0119d\u00f3w. Mi\u0119dzy innymi zdobyli\u015bmy to 1 miejsce bo trenerka w nas nie przestawa\u0142a wierzy\u0107. Pani Sonia nie popuszcza\u0142a w treningach i w ten spos\u00f3b te\u017c uda\u0142o nam si\u0119 zdoby\u0107 tego lidera.<\/em><\/p>\n<p><strong>ANNA PONIKIEWSKA (Kapitan zespo\u0142u):\u00a0<\/strong><em>Mistrzostwo zdoby\u0142y\u015bmy ci\u0119\u017ck\u0105 praca. Po mimo b\u00f3lu walczy\u0142y\u015bmy do ko\u0144ca i nie poddawali\u015bmy si\u0119. Na treningach by\u0142y \u015bmiechy, ale dzi\u0119ki Pani trener, naszej obecno\u015bci na treningach i skoncentrowaniu doszli\u015bmy do Mistrzostwa \u015al\u0105ska.<\/em><\/p>\n<p><strong>EMILIA JAWORSKA:\u00a0<\/strong><em>Przygotowania do \u015al\u0105skiej Ligi M\u0142odziczek trwa\u0142y bardzo d\u0142ugo. Momentami by\u0142o naprawd\u0119 ci\u0119\u017cko, ale wszystkie dawa\u0142y\u015bmy z siebie wszystko. Z dnia na dzie\u0144 stawa\u0142y\u015bmy si\u0119 lepsze i by\u0142y\u015bmy coraz bardziej \u015bwiadome naszej warto\u015bci. Nasze wi\u0119zi zacie\u015bni\u0142y si\u0119 co r\u00f3wnie\u017c wp\u0142yn\u0119\u0142o na jako\u015b\u0107 naszej gry. Nie mog\u0119 powiedzie\u0107, \u017ce nie by\u0142o \u017cadnych przeszk\u00f3d bo zdarzy\u0142o si\u0119 kilka przegranych, ale nie podda\u0142y\u015bmy si\u0119 i walczy\u0142y\u015bmy dalej. Od pocz\u0105tku rozgrywek wierzy\u0142y\u015bmy w nasze mo\u017cliwo\u015bci. Nie by\u0142o \u0142atwo, nasze przeciwniczki dawa\u0142y z siebie sto procent. Wszystkie mecze da\u0142y nam nowe do\u015bwiadczenia i pozwala\u0142y dalej si\u0119 rozwija\u0107. By\u0142o ci\u0119\u017cko osi\u0105gn\u0105\u0107 cel, ale da\u0142y\u015bmy rade. Nigdy nie wolno si\u0119 poddawa\u0107 i zawsze nale\u017cy walczy\u0107 do ko\u0144ca.<\/em><\/p>\n<p><strong>TRENER SONIA GUSTOWSKA:\u00a0<\/strong> <em>Pragn\u0119 pogratulowa\u0107 dziewczynom wytrwa\u0142o\u015bci w d\u0105\u017ceniu do celu. Sukces jest wynikiem ich ci\u0119\u017ckiej pracy na treningach i na prawd\u0119 super atmosfery w zespole.\u00a0 Dzi\u0119kuj\u0119 za te wszystkie wspania\u0142e chwile, pe\u0142ne rado\u015bci i \u0142ez. Dzi\u0119kuj\u0119 r\u00f3wnie\u017c za ogromne zaufanie ze strony dziewczyn, jak i podj\u0119t\u0105 walk\u0119 z tyloma przeciwno\u015bciami. Dokona\u0142y o wiele wi\u0119cej ni\u017c planowano &#8211; obra\u0142y w\u0142a\u015bciw\u0105 drog\u0119 &#8211; ci\u0119\u017ck\u0105 prac\u0119. Tego im \u017cycz\u0119 w dalszym rozwoju pi\u0142karskim &#8211; nagrody w postaci pi\u0119knych chwil zwyci\u0119stwa.<\/em><\/p>\n<p>&nbsp;<\/p>\n<p><a href=\"http:\/\/wisla.skoczow.pl\/wp-content\/uploads\/2018\/10\/IMG_3098-e1540497477147.jpg\"><img loading=\"lazy\" decoding=\"async\" class=\"aligncenter size-large wp-image-4002\" alt=\"IMG_3098\" src=\"http:\/\/wisla.skoczow.pl\/wp-content\/uploads\/2018\/10\/IMG_3098-e1540497477147-768x1024.jpg\" width=\"768\" height=\"1024\" srcset=\"http:\/\/wisla.skoczow.pl\/wp-content\/uploads\/2018\/10\/IMG_3098-e1540497477147-768x1024.jpg 768w, http:\/\/wisla.skoczow.pl\/wp-content\/uploads\/2018\/10\/IMG_3098-e1540497477147-225x300.jpg 225w\" sizes=\"auto, (max-width: 768px) 100vw, 768px\" \/><\/a><\/p>\n<p><a href=\"http:\/\/wisla.skoczow.pl\/wp-content\/uploads\/2018\/10\/IMG_3097.jpg\"><img loading=\"lazy\" decoding=\"async\" class=\"aligncenter size-large wp-image-4004\" alt=\"IMG_3097\" src=\"http:\/\/wisla.skoczow.pl\/wp-content\/uploads\/2018\/10\/IMG_3097-1024x540.jpg\" width=\"1024\" height=\"540\" srcset=\"http:\/\/wisla.skoczow.pl\/wp-content\/uploads\/2018\/10\/IMG_3097-1024x540.jpg 1024w, http:\/\/wisla.skoczow.pl\/wp-content\/uploads\/2018\/10\/IMG_3097-300x158.jpg 300w, http:\/\/wisla.skoczow.pl\/wp-content\/uploads\/2018\/10\/IMG_3097-128x67.jpg 128w, http:\/\/wisla.skoczow.pl\/wp-content\/uploads\/2018\/10\/IMG_3097-32x16.jpg 32w\" sizes=\"auto, (max-width: 1024px) 100vw, 1024px\" \/><\/a><\/p>\n","protected":false},"excerpt":{"rendered":"<p>Zawodniczki postanowi\u0142y wypowiedzie\u0107 si\u0119 po sukcesie!<\/p>\n","protected":false},"author":1,"featured_media":4004,"comment_status":"closed","ping_status":"closed","sticky":false,"template":"","format":"standard","meta":{"ngg_post_thumbnail":0,"footnotes":""},"categories":[4],"tags":[],"class_list":["post-3642","post","type-post","status-publish","format-standard","has-post-thumbnail","hentry","category-news"],"featured_image_url":{"thumbnail":"http:\/\/wisla.skoczow.pl\/wp-content\/uploads\/2018\/10\/IMG_3097-150x150.jpg","medium":"http:\/\/wisla.skoczow.pl\/wp-content\/uploads\/2018\/10\/IMG_3097-300x158.jpg","medium_large":"http:\/\/wisla.skoczow.pl\/wp-content\/uploads\/2018\/10\/IMG_3097.jpg","large":"http:\/\/wisla.skoczow.pl\/wp-content\/uploads\/2018\/10\/IMG_3097-1024x540.jpg","1536x1536":"http:\/\/wisla.skoczow.pl\/wp-content\/uploads\/2018\/10\/IMG_3097.jpg","2048x2048":"http:\/\/wisla.skoczow.pl\/wp-content\/uploads\/2018\/10\/IMG_3097.jpg","sportspress-crop-medium":"http:\/\/wisla.skoczow.pl\/wp-content\/uploads\/2018\/10\/IMG_3097.jpg","sportspress-fit-medium":"http:\/\/wisla.skoczow.pl\/wp-content\/uploads\/2018\/10\/IMG_3097-300x158.jpg","sportspress-fit-icon":"http:\/\/wisla.skoczow.pl\/wp-content\/uploads\/2018\/10\/IMG_3097-128x67.jpg","sportspress-fit-mini":"http:\/\/wisla.skoczow.pl\/wp-content\/uploads\/2018\/10\/IMG_3097-32x16.jpg"},"post_author":"admin","assigned_categories":"Aktualno\u015bci","_links":{"self":[{"href":"http:\/\/wisla.skoczow.pl\/index.php?rest_route=\/wp\/v2\/posts\/3642","targetHints":{"allow":["GET"]}}],"collection":[{"href":"http:\/\/wisla.skoczow.pl\/index.php?rest_route=\/wp\/v2\/posts"}],"about":[{"href":"http:\/\/wisla.skoczow.pl\/index.php?rest_route=\/wp\/v2\/types\/post"}],"author":[{"embeddable":true,"href":"http:\/\/wisla.skoczow.pl\/index.php?rest_route=\/wp\/v2\/users\/1"}],"replies":[{"embeddable":true,"href":"http:\/\/wisla.skoczow.pl\/index.php?rest_route=%2Fwp%2Fv2%2Fcomments&post=3642"}],"version-history":[{"count":26,"href":"http:\/\/wisla.skoczow.pl\/index.php?rest_route=\/wp\/v2\/posts\/3642\/revisions"}],"predecessor-version":[{"id":4011,"href":"http:\/\/wisla.skoczow.pl\/index.php?rest_route=\/wp\/v2\/posts\/3642\/revisions\/4011"}],"wp:featuredmedia":[{"embeddable":true,"href":"http:\/\/wisla.skoczow.pl\/index.php?rest_route=\/wp\/v2\/media\/4004"}],"wp:attachment":[{"href":"http:\/\/wisla.skoczow.pl\/index.php?rest_route=%2Fwp%2Fv2%2Fmedia&parent=3642"}],"wp:term":[{"taxonomy":"category","embeddable":true,"href":"http:\/\/wisla.skoczow.pl\/index.php?rest_route=%2Fwp%2Fv2%2Fcategories&post=3642"},{"taxonomy":"post_tag","embeddable":true,"href":"http:\/\/wisla.skoczow.pl\/index.php?rest_route=%2Fwp%2Fv2%2Ftags&post=3642"}],"curies":[{"name":"wp","href":"https:\/\/api.w.org\/{rel}","templated":true}]}}