{"id":3869,"date":"2018-09-23T19:11:36","date_gmt":"2018-09-23T18:11:36","guid":{"rendered":"http:\/\/wisla.skoczow.pl\/?p=3869"},"modified":"2022-01-23T19:14:16","modified_gmt":"2022-01-23T18:14:16","slug":"iv-liga-odmlodzony-niedoswiadczony-zespol-zadebiutowal","status":"publish","type":"post","link":"http:\/\/wisla.skoczow.pl\/?p=3869","title":{"rendered":"IV liga: Odm\u0142odzony, niedo\u015bwiadczony zesp\u00f3\u0142 zadebiutowa\u0142."},"content":{"rendered":"<p>Ruszy\u0142y rozgrywki IV ligi kobiet!<!--more--><\/p>\n<p><strong>LKS Bory Pietrzykowice &#8211; KKS &#8222;Wis\u0142a&#8221; Skocz\u00f3w\u00a0 01.09 (sobota) g. 13:00<\/strong><br \/>\nZawodniczki rozpocz\u0119\u0142y zmagania ligowe po rocznej przerwie i ca\u0142kowitej zmianie osobowej kadry. Na pocz\u0105tek zmierzy\u0142y si\u0119 z bardzo wzmocnion\u0105 dru\u017cyn\u0105 z Pietrzykowic. Gospodynie podpar\u0142y si\u0119 kilkoma bardzo do\u015bwiadczonymi zawodniczkami, kt\u00f3re nie jeden sezon maj\u0105 za sob\u0105. Wysoka przegrana i ogromna si\u0142a przeciwniczek mog\u0142y zniech\u0119ci\u0107 nasze dziewcz\u0119ta do dalszej gry, ale tak si\u0119 nie sta\u0142o. Mimo wyra\u017anej przewagi fizycznej i techniczej, niestety u naszych dziewczyn wida\u0107 ogromne braki w przygotowaniu fizycznym, uda\u0142o si\u0119 zdoby\u0107 bramk\u0119 honorow\u0105. Po rzucie wolnym &#8211; do\u015brodkowaniu przez<strong> Ew\u0119 Pietrzyk<\/strong>, kt\u00f3ra pos\u0142a\u0142a futbol\u00f3wk\u0119 w pole karne przeciwniczek &#8211; <strong>Patrycja Sobik<\/strong> umie\u015bci\u0142a w drugiej po\u0142owie spotkania pi\u0142k\u0119 w siatce. Zdobycie bramki by\u0142o jej pierwszym golem w klubie.\u00a0 Spotkanie zako\u0144czy\u0142o si\u0119 wynikiem 13:1. (10:0)<\/p>\n<p><strong>Trener Krzysztof Pajonk:<\/strong> <em>Dziewczyny nie pokaza\u0142y si\u0119 z najlepszej strony, odda\u0142y inicjatyw\u0119 przeciwniczkom. Zanim mecz si\u0119 rozpocz\u0105\u0142 one za\u0142o\u017cy\u0142y, \u017ce go przegra\u0142y. Przegrywa\u0107 nale\u017cy z honorem, tak, aby przeciwnik zapami\u0119ta\u0142, \u017ce nia mia\u0142 \u0142atwo. Szkoda, \u017ce zabrak\u0142o woli walki. Brak kondycji fizycznej robi swoje i pokazuje ile pracy jeszcze mamy do zrobienia. Na dzie\u0144 dzisiejszy musimy uzna\u0107 wy\u017cszo\u015b\u0107 przeciwnika.<\/em><\/p>\n<p><strong>BTS Rekord II Bielsko-Bia\u0142a &#8211; KKS &#8222;Wis\u0142a&#8221; Skocz\u00f3w 09.09 (niedziela) g. 15:30<br \/>\n<\/strong>Spotkanie z rezerwami I &#8211; ligowego klubu nie nale\u017ca\u0142o do najprzyjemniejszych. Przeciwnik nie mia\u0142 dla nas \u017cadnej taryfy ulgowej i wstawi\u0142 do sk\u0142adu wyj\u015bciowego zawodniczki graj\u0105ce w pierwszej lidze. Czasem wydaje si\u0119 to niesprawiedliwe kiedy trzeba walczy\u0107 z rywalem o trzy klasy wy\u017cej, ale c\u00f3\u017c mieli do tego prawo. Dziewczyny dzielnie stawia\u0142y op\u00f3r na tyle ile potrafi\u0142y, ale zn\u00f3w musia\u0142y uzna\u0107 wy\u017cszo\u015b\u0107 przeciwniczek i dosta\u0142y lekcj\u0119 futbolu od kole\u017canek z Bielska. Spotkanie zako\u0144czy\u0142o si\u0119 wynikiem 11:0 (8:0). &#8222;Wise\u0142ki&#8221; wyci\u0105gne\u0142y wnioski z tego spotkania co pokaza\u0142y kolejne mecze.<\/p>\n<p><strong>KKS &#8222;Wis\u0142a&#8221; Skocz\u00f3w &#8211; GKS Rozbark Bytom\u00a0 16.09 (niedziela) g. 11:00<\/strong><br \/>\nKolejne spotkanie odby\u0142o si\u0119 na w\u0142asnym boisku w Skoczowie, a podejmowali\u015bmy zesp\u00f3\u0142 z Bytomia. W tym spotkaniu dziewczyny pokaza\u0142y co to walka i mimo brak\u00f3w technicznych i fizycznych walczy\u0142y do upad\u0142ego. W pierwszych minutach stworzy\u0142y sobie kilka sytuacji, kt\u00f3re mog\u0142y zamieni\u0107 na bramk\u0119 i tylko s\u0142upek uratowa\u0142 przeciwniczki przed strat\u0105 gola. Niestety, zn\u00f3w z\u0142a kondycja i chwilowy brak koncentracji wystarczy\u0142 by zawodniczki GKS-u Rozbark pod koniec pierwszej po\u0142owy w przeci\u0105gu 7 minut wysz\u0142y na prowadzenie &#8211; 0:2. Druga po\u0142owa to r\u00f3wnie\u017c walka, dziewcz\u0119ta zacz\u0119\u0142y odwa\u017cniej atakowa\u0107 i uderza\u0107 z daleka. Niestety to za ma\u0142o, wiele uderze\u0144 do bramki by\u0142o niecelnych &#8211; wynik utrzyma\u0142 si\u0119 z po\u0142owy. Po tym spotkaniu by\u0142 niedosyt.<\/p>\n<p><strong>Trener Krzysztof Pajonk:<\/strong> <em>By\u0142a walka, serce i wiele pr\u00f3b. Szkoda, \u017ce wkrad\u0142a si\u0119 niedok\u0142adno\u015b\u0107 przy wyko\u0144czeniu akcji. Praca,praca i jeszcze raz praca. Trzeba zaczeka\u0107 na wyniki, dziewczyny musz\u0105 opu\u015bci\u0107 swoj\u0105 stref\u0119 komfortu &#8211; wtedy co\u015b z tego b\u0119dzie.<\/em><\/p>\n<p><strong>KS Ku\u017ania Ustro\u0144 &#8211; KKS &#8222;Wis\u0142a&#8221; Skocz\u00f3w\u00a0 23.09 (niedziela) g. 14:00<br \/>\n<\/strong>&#8222;Wise\u0142ki&#8221; stoczy\u0142y istn\u0105 wojn\u0119 na boisku &#8211; ostra gra na pograniczu faulu, niepotrzebne komentarze przeciwniczek, kt\u00f3re by\u0142y prowokuj\u0105ce i nie mia\u0142y nic wsp\u00f3lnego ze zdrow\u0105 rywalizacj\u0105 &#8211; dziewczyny ignorowa\u0142y to, bo uznaj\u0105 gr\u0119 fair play. M\u0142ody sk\u0142ad osobowy uczy si\u0119 i ma co\u015b czego nikt im nie odbierze &#8211; wol\u0119 walki oraz pasj\u0119. Brak koncentracji w pierwszych minutach zako\u0144czy\u0142 si\u0119 strat\u0105 pierwszej bramki, potem d\u0142ugo nic i przeciwniczki wykorzystuj\u0105 rzut wolny, kt\u00f3ry daje im prowadzenie 2:0 &#8211; tak ko\u0144czy si\u0119 pierwsza po\u0142owa. W drugiej cz\u0119\u015bci spotkania przeciwniczki zn\u00f3w musia\u0142y si\u0119 nam\u0119czy\u0107 bo dopiero w 71&#8242; minucie &#8222;Wise\u0142ki&#8221; trac\u0105 kolejnego gola &#8211; 3:0.<\/p>\n<p><strong>Trener Krzysztof Pajonk:<\/strong> <em>Brak koncentracji w kluczowych momentach gry potrafi si\u0119 m\u015bci\u0107, przeciwnik si\u0119 nie pomyli\u0142 i wykorzysta\u0142 to. Musimy popracowa\u0107 nad gr\u0105 1&#215;1, nie mo\u017cemy ba\u0107 si\u0119 podejmowa\u0107 takich pojedynk\u00f3w. Wyrazy uznania dla kilku zawodniczek, kt\u00f3re walczy\u0142y do ko\u0144ca i nie odpuszcza\u0142y przeciwniczkom. Czeka nas dalej praca.<\/em><\/p>\n<p><strong>Kolejne spotkanie &#8222;Wise\u0142ki&#8221; mia\u0142y rozegra\u0107 w Istebnej 30 wrze\u015bnia. W rozgrywkach nast\u0105pi\u0142a zmiana &#8211; wycofa\u0142a si\u0119 dru\u017cyna UKKS II Istebna &#8211; wszystkie wyniki z t\u0105 dru\u017cyn\u0105 zosta\u0142y anulowane. Ten fakt sprawia, \u017ce w lidze pozosta\u0142o pi\u0119\u0107 zespo\u0142\u00f3w i zako\u0144czy\u0142a sie pierwsza runda jesienna. 6 pa\u017adziernika rusza druga runda jesienna &#8211; rewan\u017cowa.<\/strong><\/p>\n<p><strong>Trzymamy kciuki za dziewczyny bo robi\u0105 to z pasji!<\/strong><\/p>\n<p>&nbsp;<\/p>\n","protected":false},"excerpt":{"rendered":"<p>Ruszy\u0142y rozgrywki IV ligi kobiet!<\/p>\n","protected":false},"author":1,"featured_media":3937,"comment_status":"closed","ping_status":"closed","sticky":false,"template":"","format":"standard","meta":{"ngg_post_thumbnail":0,"footnotes":""},"categories":[4],"tags":[],"class_list":["post-3869","post","type-post","status-publish","format-standard","has-post-thumbnail","hentry","category-news"],"featured_image_url":{"thumbnail":"http:\/\/wisla.skoczow.pl\/wp-content\/uploads\/2018\/09\/IMG_2502-150x150.jpg","medium":"http:\/\/wisla.skoczow.pl\/wp-content\/uploads\/2018\/09\/IMG_2502-300x123.jpg","medium_large":"http:\/\/wisla.skoczow.pl\/wp-content\/uploads\/2018\/09\/IMG_2502.jpg","large":"http:\/\/wisla.skoczow.pl\/wp-content\/uploads\/2018\/09\/IMG_2502-1024x420.jpg","1536x1536":"http:\/\/wisla.skoczow.pl\/wp-content\/uploads\/2018\/09\/IMG_2502.jpg","2048x2048":"http:\/\/wisla.skoczow.pl\/wp-content\/uploads\/2018\/09\/IMG_2502.jpg","sportspress-crop-medium":"http:\/\/wisla.skoczow.pl\/wp-content\/uploads\/2018\/09\/IMG_2502.jpg","sportspress-fit-medium":"http:\/\/wisla.skoczow.pl\/wp-content\/uploads\/2018\/09\/IMG_2502-300x123.jpg","sportspress-fit-icon":"http:\/\/wisla.skoczow.pl\/wp-content\/uploads\/2018\/09\/IMG_2502-128x52.jpg","sportspress-fit-mini":"http:\/\/wisla.skoczow.pl\/wp-content\/uploads\/2018\/09\/IMG_2502-32x13.jpg"},"post_author":"admin","assigned_categories":"Aktualno\u015bci","_links":{"self":[{"href":"http:\/\/wisla.skoczow.pl\/index.php?rest_route=\/wp\/v2\/posts\/3869","targetHints":{"allow":["GET"]}}],"collection":[{"href":"http:\/\/wisla.skoczow.pl\/index.php?rest_route=\/wp\/v2\/posts"}],"about":[{"href":"http:\/\/wisla.skoczow.pl\/index.php?rest_route=\/wp\/v2\/types\/post"}],"author":[{"embeddable":true,"href":"http:\/\/wisla.skoczow.pl\/index.php?rest_route=\/wp\/v2\/users\/1"}],"replies":[{"embeddable":true,"href":"http:\/\/wisla.skoczow.pl\/index.php?rest_route=%2Fwp%2Fv2%2Fcomments&post=3869"}],"version-history":[{"count":30,"href":"http:\/\/wisla.skoczow.pl\/index.php?rest_route=\/wp\/v2\/posts\/3869\/revisions"}],"predecessor-version":[{"id":3977,"href":"http:\/\/wisla.skoczow.pl\/index.php?rest_route=\/wp\/v2\/posts\/3869\/revisions\/3977"}],"wp:featuredmedia":[{"embeddable":true,"href":"http:\/\/wisla.skoczow.pl\/index.php?rest_route=\/wp\/v2\/media\/3937"}],"wp:attachment":[{"href":"http:\/\/wisla.skoczow.pl\/index.php?rest_route=%2Fwp%2Fv2%2Fmedia&parent=3869"}],"wp:term":[{"taxonomy":"category","embeddable":true,"href":"http:\/\/wisla.skoczow.pl\/index.php?rest_route=%2Fwp%2Fv2%2Fcategories&post=3869"},{"taxonomy":"post_tag","embeddable":true,"href":"http:\/\/wisla.skoczow.pl\/index.php?rest_route=%2Fwp%2Fv2%2Ftags&post=3869"}],"curies":[{"name":"wp","href":"https:\/\/api.w.org\/{rel}","templated":true}]}}