{"id":3874,"date":"2018-09-22T13:19:11","date_gmt":"2018-09-22T12:19:11","guid":{"rendered":"http:\/\/wisla.skoczow.pl\/?p=3874"},"modified":"2022-01-23T19:14:16","modified_gmt":"2022-01-23T18:14:16","slug":"nowe-twarze-w-klubie","status":"publish","type":"post","link":"http:\/\/wisla.skoczow.pl\/?p=3874","title":{"rendered":"Nowe twarze w klubie!"},"content":{"rendered":"<p>20 nowych zawodniczek do\u0142\u0105czy\u0142o do klubu!<!--more--><\/p>\n<p>Dziewcz\u0119ta graj\u0105ce wcze\u015bniej z ch\u0142opakami w lidze trampkarza\/m\u0142odzika do\u0142\u0105czy\u0142y do zespo\u0142\u00f3w KKS-u. Cieszy bardzo ten fakt, poniewa\u017c s\u0105 to dziewczyny z obszaru ca\u0142ego powiatu ale i s\u0105siednich wojew\u00f3dztw, a nawet z zagranicy!<\/p>\n<p>&#8211; Weronika Sztuchlik: wychowanka LKS Victoria Ha\u017clach<br \/>\n&#8211; Ma\u0142ogrzata Szu\u015bcik: wychowanka LKS Stra\u017cak Pielgrzymowice<br \/>\n&#8211; Paulina Kowalska: wychowanka UKS Orze\u0142 Moszczenica<br \/>\n&#8211; Magdalena Wojewodzic: wychowanka LKS Stra\u017cak Pielgrzymowice<br \/>\n&#8211; Zuzanna Guzdek: wychowanka RKS Cukrownik Chybie<br \/>\n&#8211; Wiktoria Pajonk: wychowanka LKS Zryw B\u0105k\u00f3w<br \/>\n&#8211; Ewa Pietrzyk: wychowanka LKS Beskid Brenna<br \/>\n&#8211; Wiktoria Kozie\u0142: wychowanka LKS Pog\u00f3rze<br \/>\n&#8211; Justyna Wi\u0142gasz: wychowanka LKS Iskra Iskrzyczyn<br \/>\n&#8211;\u00a0Ma\u0142gorzata Nadajczyk: wychowanka TS Piast Skawina (woj. Ma\u0142opolskie)<br \/>\n&#8211; Uliana Ledienova (Ukraina)<\/p>\n<p>Do\u0142\u0105czy\u0142y r\u00f3wnie\u017c:<br \/>\n&#8211; Natalia Siatkowska<br \/>\n&#8211; Martyna Siatkowska<br \/>\n&#8211; Otylia Stryjakowska<br \/>\n&#8211; Weronika Homel<br \/>\n&#8211; Sobik Patrycja<br \/>\n&#8211; Dominka Dziadek<br \/>\n&#8211; Nikoleta Dziadek<br \/>\n&#8211; Julia Heczko<br \/>\n&#8211; Zuzanna G\u0142\u0105b<\/p>\n<p><span style=\"color: #ff0000;\"><strong>Witam w KKS i \u017cyczymy sukces\u00f3w!<\/strong><\/span><\/p>\n<p><strong>Pragniemy r\u00f3wnie\u017c poinformowa\u0107, \u017ce mamy w planach utworzy\u0107 sekcj\u0119 futsalu kobiet! Niebawem wi\u0119cej informacji!<\/strong><\/p>\n","protected":false},"excerpt":{"rendered":"<p>20 nowych zawodniczek do\u0142\u0105czy\u0142o do klubu!<\/p>\n","protected":false},"author":1,"featured_media":3967,"comment_status":"closed","ping_status":"closed","sticky":false,"template":"","format":"standard","meta":{"ngg_post_thumbnail":0,"footnotes":""},"categories":[4],"tags":[],"class_list":["post-3874","post","type-post","status-publish","format-standard","has-post-thumbnail","hentry","category-news"],"featured_image_url":{"thumbnail":"http:\/\/wisla.skoczow.pl\/wp-content\/uploads\/2018\/09\/IMG_2314-150x150.jpg","medium":"http:\/\/wisla.skoczow.pl\/wp-content\/uploads\/2018\/09\/IMG_2314-300x225.jpg","medium_large":"http:\/\/wisla.skoczow.pl\/wp-content\/uploads\/2018\/09\/IMG_2314.jpg","large":"http:\/\/wisla.skoczow.pl\/wp-content\/uploads\/2018\/09\/IMG_2314-1024x768.jpg","1536x1536":"http:\/\/wisla.skoczow.pl\/wp-content\/uploads\/2018\/09\/IMG_2314.jpg","2048x2048":"http:\/\/wisla.skoczow.pl\/wp-content\/uploads\/2018\/09\/IMG_2314.jpg","sportspress-crop-medium":"http:\/\/wisla.skoczow.pl\/wp-content\/uploads\/2018\/09\/IMG_2314.jpg","sportspress-fit-medium":"http:\/\/wisla.skoczow.pl\/wp-content\/uploads\/2018\/09\/IMG_2314-300x225.jpg","sportspress-fit-icon":"http:\/\/wisla.skoczow.pl\/wp-content\/uploads\/2018\/09\/IMG_2314-128x96.jpg","sportspress-fit-mini":"http:\/\/wisla.skoczow.pl\/wp-content\/uploads\/2018\/09\/IMG_2314-32x24.jpg"},"post_author":"admin","assigned_categories":"Aktualno\u015bci","_links":{"self":[{"href":"http:\/\/wisla.skoczow.pl\/index.php?rest_route=\/wp\/v2\/posts\/3874","targetHints":{"allow":["GET"]}}],"collection":[{"href":"http:\/\/wisla.skoczow.pl\/index.php?rest_route=\/wp\/v2\/posts"}],"about":[{"href":"http:\/\/wisla.skoczow.pl\/index.php?rest_route=\/wp\/v2\/types\/post"}],"author":[{"embeddable":true,"href":"http:\/\/wisla.skoczow.pl\/index.php?rest_route=\/wp\/v2\/users\/1"}],"replies":[{"embeddable":true,"href":"http:\/\/wisla.skoczow.pl\/index.php?rest_route=%2Fwp%2Fv2%2Fcomments&post=3874"}],"version-history":[{"count":7,"href":"http:\/\/wisla.skoczow.pl\/index.php?rest_route=\/wp\/v2\/posts\/3874\/revisions"}],"predecessor-version":[{"id":3980,"href":"http:\/\/wisla.skoczow.pl\/index.php?rest_route=\/wp\/v2\/posts\/3874\/revisions\/3980"}],"wp:featuredmedia":[{"embeddable":true,"href":"http:\/\/wisla.skoczow.pl\/index.php?rest_route=\/wp\/v2\/media\/3967"}],"wp:attachment":[{"href":"http:\/\/wisla.skoczow.pl\/index.php?rest_route=%2Fwp%2Fv2%2Fmedia&parent=3874"}],"wp:term":[{"taxonomy":"category","embeddable":true,"href":"http:\/\/wisla.skoczow.pl\/index.php?rest_route=%2Fwp%2Fv2%2Fcategories&post=3874"},{"taxonomy":"post_tag","embeddable":true,"href":"http:\/\/wisla.skoczow.pl\/index.php?rest_route=%2Fwp%2Fv2%2Ftags&post=3874"}],"curies":[{"name":"wp","href":"https:\/\/api.w.org\/{rel}","templated":true}]}}