{"id":4212,"date":"2019-01-16T13:11:14","date_gmt":"2019-01-16T12:11:14","guid":{"rendered":"http:\/\/wisla.skoczow.pl\/?p=4212"},"modified":"2022-01-23T19:14:16","modified_gmt":"2022-01-23T18:14:16","slug":"kornelia-malyjurek-powolana-na-konsultacje-selekcyjna-do-kadry-slaska-u14","status":"publish","type":"post","link":"http:\/\/wisla.skoczow.pl\/?p=4212","title":{"rendered":"Kornelia Ma\u0142yjurek powo\u0142ana na konsultacj\u0119 selekcyjn\u0105 do Kadry \u015al\u0105\u015bka U14!"},"content":{"rendered":"<p>Nasza bramkarka otrzyma\u0142a powo\u0142anie na najbli\u017csze konsultacje reprezentacji \u015alZPN rocznika 2005.<!--more--><\/p>\n<p>Korneli\u0105 trenerzy interesowali si\u0119 ju\u017c w zesz\u0142ym roku, natomiast dopiero teraz otrzyma\u0142a powo\u0142anie. Swoimi umiej\u0119tno\u015bciami prezentowa\u0142a si\u0119 \u015bwietnie w \u015al\u0105skiej Lidze M\u0142odziczek w sezonie 2017\/2018, gdzie wraz z dziewczynami wywalczy\u0142a tytu\u0142 Mistrzostwa \u015al\u0105ska. Jest wychowank\u0105 &#8222;Wis\u0142y&#8221; Skocz\u00f3w, a przygod\u0119 z pi\u0142k\u0105 zacz\u0119\u0142a 1,5 roku temu. Trener Krzysztof Klonek wyrazi\u0142 zainteresowanie Kor\u0105 ponownie podczas M\u0142odzie\u017cowych Mistrzostw Polski w futsalu do lat 14 w Rybniku. \u017byczymy Korneli owocnego spotkania selekcyjnego i kolejnych powo\u0142a\u0144. Trzymamy mocno kciuki 30 stycznia (\u015broda), testy odb\u0119d\u0105 si\u0119 w Chorzowie na stadionie \u015al\u0105skim w godzinach 9:00-10:30.<\/p>\n","protected":false},"excerpt":{"rendered":"<p>Nasza bramkarka otrzyma\u0142a powo\u0142anie na najbli\u017csze konsultacje reprezentacji \u015alZPN rocznika 2005.<\/p>\n","protected":false},"author":1,"featured_media":4213,"comment_status":"closed","ping_status":"closed","sticky":false,"template":"","format":"standard","meta":{"ngg_post_thumbnail":0,"footnotes":""},"categories":[4],"tags":[],"class_list":["post-4212","post","type-post","status-publish","format-standard","has-post-thumbnail","hentry","category-news"],"featured_image_url":{"thumbnail":"http:\/\/wisla.skoczow.pl\/wp-content\/uploads\/2019\/01\/kora-150x150.png","medium":"http:\/\/wisla.skoczow.pl\/wp-content\/uploads\/2019\/01\/kora-300x162.png","medium_large":"http:\/\/wisla.skoczow.pl\/wp-content\/uploads\/2019\/01\/kora.png","large":"http:\/\/wisla.skoczow.pl\/wp-content\/uploads\/2019\/01\/kora-1024x553.png","1536x1536":"http:\/\/wisla.skoczow.pl\/wp-content\/uploads\/2019\/01\/kora.png","2048x2048":"http:\/\/wisla.skoczow.pl\/wp-content\/uploads\/2019\/01\/kora.png","sportspress-crop-medium":"http:\/\/wisla.skoczow.pl\/wp-content\/uploads\/2019\/01\/kora.png","sportspress-fit-medium":"http:\/\/wisla.skoczow.pl\/wp-content\/uploads\/2019\/01\/kora-300x162.png","sportspress-fit-icon":"http:\/\/wisla.skoczow.pl\/wp-content\/uploads\/2019\/01\/kora-128x69.png","sportspress-fit-mini":"http:\/\/wisla.skoczow.pl\/wp-content\/uploads\/2019\/01\/kora-32x17.png"},"post_author":"admin","assigned_categories":"Aktualno\u015bci","_links":{"self":[{"href":"http:\/\/wisla.skoczow.pl\/index.php?rest_route=\/wp\/v2\/posts\/4212","targetHints":{"allow":["GET"]}}],"collection":[{"href":"http:\/\/wisla.skoczow.pl\/index.php?rest_route=\/wp\/v2\/posts"}],"about":[{"href":"http:\/\/wisla.skoczow.pl\/index.php?rest_route=\/wp\/v2\/types\/post"}],"author":[{"embeddable":true,"href":"http:\/\/wisla.skoczow.pl\/index.php?rest_route=\/wp\/v2\/users\/1"}],"replies":[{"embeddable":true,"href":"http:\/\/wisla.skoczow.pl\/index.php?rest_route=%2Fwp%2Fv2%2Fcomments&post=4212"}],"version-history":[{"count":3,"href":"http:\/\/wisla.skoczow.pl\/index.php?rest_route=\/wp\/v2\/posts\/4212\/revisions"}],"predecessor-version":[{"id":4216,"href":"http:\/\/wisla.skoczow.pl\/index.php?rest_route=\/wp\/v2\/posts\/4212\/revisions\/4216"}],"wp:featuredmedia":[{"embeddable":true,"href":"http:\/\/wisla.skoczow.pl\/index.php?rest_route=\/wp\/v2\/media\/4213"}],"wp:attachment":[{"href":"http:\/\/wisla.skoczow.pl\/index.php?rest_route=%2Fwp%2Fv2%2Fmedia&parent=4212"}],"wp:term":[{"taxonomy":"category","embeddable":true,"href":"http:\/\/wisla.skoczow.pl\/index.php?rest_route=%2Fwp%2Fv2%2Fcategories&post=4212"},{"taxonomy":"post_tag","embeddable":true,"href":"http:\/\/wisla.skoczow.pl\/index.php?rest_route=%2Fwp%2Fv2%2Ftags&post=4212"}],"curies":[{"name":"wp","href":"https:\/\/api.w.org\/{rel}","templated":true}]}}