{"id":4224,"date":"2019-01-21T14:01:18","date_gmt":"2019-01-21T13:01:18","guid":{"rendered":"http:\/\/wisla.skoczow.pl\/?p=4224"},"modified":"2022-01-23T19:14:16","modified_gmt":"2022-01-23T18:14:16","slug":"mlodziczki-zajely-ii-miejsce-w-ustroniu","status":"publish","type":"post","link":"http:\/\/wisla.skoczow.pl\/?p=4224","title":{"rendered":"M\u0142odziczki zaj\u0119\u0142y II miejsce w Ustroniu!"},"content":{"rendered":"<p>Rocznik 2006 i m\u0142. w sobot\u0119 19.01 bra\u0142y udzia\u0142 w turnieju halowym gdzie zmierzy\u0142y si\u0119 mi\u0119dzy innymi z zawodniczkami z ma\u0142opolski.<!--more--><\/p>\n<p>&#8222;Wise\u0142ki&#8221; pod wodz\u0105 <strong>Krzysztofa Pajonka<\/strong>, po raz pierwszy wyst\u0105pi\u0142y w turnieju halowym, kt\u00f3ry zosta\u0142 zorganizowany przez sportkontakt.pl. Zmagania odbywa\u0142y si\u0119 na sali sportowej szko\u0142y podstawowej nr 1 przy ul.Partyzant\u00f3w 2. Dziewcz\u0119ta bardzo dobrze sobie radzi\u0142y w konfrontacji z przeciwniczkami. W pierwszym spotkaniu pokona\u0142y ekip\u0119 SWD Wodzis\u0142aw \u015al\u0105ski &#8211; 3:0! Hat-tricka zdoby\u0142a <strong>Sara \u0106wi\u0119czek<\/strong>. W kolejnym spotkaniu zmierzy\u0142y si\u0119 z Nieszkowiank\u0105 Bochnia, z kt\u00f3r\u0105 ostatecznie po d\u0142ugim prowadzeniu\u00a0 w meczu 1:0, gdzie bramk\u0119 zdoby\u0142a <strong>Anna Muras &#8211;<\/strong> dziewcz\u0119ta zremisowa\u0142y trac\u0105c bramk\u0119 w ostatnich sekundach meczu.\u00a0 Pozosta\u0142e dwa spotkania dziewcz\u0119ta przegra\u0142y i jedno zremisowa\u0142y bezbramkowo. Udzia\u0142 w turnieju wzi\u0119\u0142o \u0142\u0105cznie pi\u0119\u0107 zespo\u0142\u00f3w. Po zliczeniu wszystkich spotka\u0144 dziewcz\u0119ta zaj\u0119\u0142y II miejsce! Trener jest zadowolony ze swych podopiecznych i dzi\u0119kuje dziewczynom za walk\u0119 do ko\u0144ca. Na dzie\u0144 dzisiejszy jest jeszcze nad czym pracowa\u0107, ale dziewczyny zmierzaj\u0105 w dobrym kierunku. We wtorek 22.01 dziewcz\u0119ta rozegraj\u0105 sparing z zespo\u0142em z Bochni, kt\u00f3ry obecnie przebywa na obozie w Ustroniu. Spotkanie odb\u0119dzie si\u0119 o g.19:00 na sztucznym boisku na G\u00f3rnym Borze.<\/p>\n<p>Wyniki:<br \/>\n<strong>KKS &#8222;Wis\u0142a&#8221; Skocz\u00f3w &#8211; SWD Wodzis\u0142aw \u015al\u0105ski\u00a0 3:0<\/strong><br \/>\n<strong>SWD Wodzis\u0142aw II &#8211; KKS &#8222;Wis\u0142a Skocz\u00f3w\u00a0 0:0<\/strong><br \/>\nSWD Wodzis\u0142aw \u015al\u0105ski &#8211; Nieszkowianka Bochnia 0:2<br \/>\nNieszkowianka Bochnia &#8211; SWD Wodzis\u0142aw \u015al\u0105ski 4:0<br \/>\n<strong>KKS &#8222;Wis\u0142a&#8221; Skocz\u00f3w &#8211; Nieszkowianka Bochnia II 0:2<\/strong><br \/>\nSWD Wodzis\u0142aw \u015al\u0105ski II &#8211; Nieszkowianka Bochnia II 0:1<br \/>\n<strong>KKS &#8222;Wis\u0142a&#8221; Skocz\u00f3w &#8211; Nieszkowianka Bochnia II 1:1<\/strong><br \/>\n<strong>Nieszkowianka Bochnia &#8211; KKS &#8222;Wis\u0142a&#8221; Skocz\u00f3w 2:0<\/strong><br \/>\nNieszkowianka Bochnia II &#8211; SWD Wodzis\u0142aw \u015al\u0105ski II 2:0<\/p>\n<p>Barwy &#8222;Wis\u0142y&#8221; reprezentowa\u0142y: Karolina Stylok, Oliwia Cichocka, Wiktoria Kozie\u0142, Anna Muras, Julia Skurzok, Otylia Stryjakowska, Uliana Ledienova, Sara \u0106wi\u0119czek, Katarzyna Myrmus, Julia Olesz.<\/p>\n<p style=\"text-align: center;\"><a href=\"http:\/\/wisla.skoczow.pl\/wp-content\/uploads\/2019\/01\/u132.jpg\"><img loading=\"lazy\" decoding=\"async\" class=\"size-medium wp-image-4228 aligncenter\" alt=\"u132\" src=\"http:\/\/wisla.skoczow.pl\/wp-content\/uploads\/2019\/01\/u132-300x225.jpg\" width=\"300\" height=\"225\" srcset=\"http:\/\/wisla.skoczow.pl\/wp-content\/uploads\/2019\/01\/u132-300x225.jpg 300w, http:\/\/wisla.skoczow.pl\/wp-content\/uploads\/2019\/01\/u132-1024x768.jpg 1024w, http:\/\/wisla.skoczow.pl\/wp-content\/uploads\/2019\/01\/u132-128x96.jpg 128w, http:\/\/wisla.skoczow.pl\/wp-content\/uploads\/2019\/01\/u132-32x24.jpg 32w, http:\/\/wisla.skoczow.pl\/wp-content\/uploads\/2019\/01\/u132.jpg 2048w\" sizes=\"auto, (max-width: 300px) 100vw, 300px\" \/><\/a><\/p>\n<p style=\"text-align: center;\"><a href=\"http:\/\/wisla.skoczow.pl\/wp-content\/uploads\/2019\/01\/u131.jpg\"><img loading=\"lazy\" decoding=\"async\" class=\"size-medium wp-image-4227 aligncenter\" alt=\"u131\" src=\"http:\/\/wisla.skoczow.pl\/wp-content\/uploads\/2019\/01\/u131-300x225.jpg\" width=\"300\" height=\"225\" srcset=\"http:\/\/wisla.skoczow.pl\/wp-content\/uploads\/2019\/01\/u131-300x225.jpg 300w, http:\/\/wisla.skoczow.pl\/wp-content\/uploads\/2019\/01\/u131-1024x768.jpg 1024w, http:\/\/wisla.skoczow.pl\/wp-content\/uploads\/2019\/01\/u131-128x96.jpg 128w, http:\/\/wisla.skoczow.pl\/wp-content\/uploads\/2019\/01\/u131-32x24.jpg 32w, http:\/\/wisla.skoczow.pl\/wp-content\/uploads\/2019\/01\/u131.jpg 2048w\" sizes=\"auto, (max-width: 300px) 100vw, 300px\" \/><\/a><\/p>\n","protected":false},"excerpt":{"rendered":"<p>Rocznik 2006 i m\u0142. w sobot\u0119 19.01 bra\u0142y udzia\u0142 w turnieju halowym gdzie zmierzy\u0142y si\u0119 mi\u0119dzy innymi z zawodniczkami z ma\u0142opolski.<\/p>\n","protected":false},"author":1,"featured_media":4225,"comment_status":"closed","ping_status":"closed","sticky":false,"template":"","format":"standard","meta":{"ngg_post_thumbnail":0,"footnotes":""},"categories":[4],"tags":[],"class_list":["post-4224","post","type-post","status-publish","format-standard","has-post-thumbnail","hentry","category-news"],"featured_image_url":{"thumbnail":"http:\/\/wisla.skoczow.pl\/wp-content\/uploads\/2019\/01\/u13-150x150.jpg","medium":"http:\/\/wisla.skoczow.pl\/wp-content\/uploads\/2019\/01\/u13-300x225.jpg","medium_large":"http:\/\/wisla.skoczow.pl\/wp-content\/uploads\/2019\/01\/u13.jpg","large":"http:\/\/wisla.skoczow.pl\/wp-content\/uploads\/2019\/01\/u13-1024x768.jpg","1536x1536":"http:\/\/wisla.skoczow.pl\/wp-content\/uploads\/2019\/01\/u13.jpg","2048x2048":"http:\/\/wisla.skoczow.pl\/wp-content\/uploads\/2019\/01\/u13.jpg","sportspress-crop-medium":"http:\/\/wisla.skoczow.pl\/wp-content\/uploads\/2019\/01\/u13.jpg","sportspress-fit-medium":"http:\/\/wisla.skoczow.pl\/wp-content\/uploads\/2019\/01\/u13-300x225.jpg","sportspress-fit-icon":"http:\/\/wisla.skoczow.pl\/wp-content\/uploads\/2019\/01\/u13-128x96.jpg","sportspress-fit-mini":"http:\/\/wisla.skoczow.pl\/wp-content\/uploads\/2019\/01\/u13-32x24.jpg"},"post_author":"admin","assigned_categories":"Aktualno\u015bci","_links":{"self":[{"href":"http:\/\/wisla.skoczow.pl\/index.php?rest_route=\/wp\/v2\/posts\/4224","targetHints":{"allow":["GET"]}}],"collection":[{"href":"http:\/\/wisla.skoczow.pl\/index.php?rest_route=\/wp\/v2\/posts"}],"about":[{"href":"http:\/\/wisla.skoczow.pl\/index.php?rest_route=\/wp\/v2\/types\/post"}],"author":[{"embeddable":true,"href":"http:\/\/wisla.skoczow.pl\/index.php?rest_route=\/wp\/v2\/users\/1"}],"replies":[{"embeddable":true,"href":"http:\/\/wisla.skoczow.pl\/index.php?rest_route=%2Fwp%2Fv2%2Fcomments&post=4224"}],"version-history":[{"count":11,"href":"http:\/\/wisla.skoczow.pl\/index.php?rest_route=\/wp\/v2\/posts\/4224\/revisions"}],"predecessor-version":[{"id":4240,"href":"http:\/\/wisla.skoczow.pl\/index.php?rest_route=\/wp\/v2\/posts\/4224\/revisions\/4240"}],"wp:featuredmedia":[{"embeddable":true,"href":"http:\/\/wisla.skoczow.pl\/index.php?rest_route=\/wp\/v2\/media\/4225"}],"wp:attachment":[{"href":"http:\/\/wisla.skoczow.pl\/index.php?rest_route=%2Fwp%2Fv2%2Fmedia&parent=4224"}],"wp:term":[{"taxonomy":"category","embeddable":true,"href":"http:\/\/wisla.skoczow.pl\/index.php?rest_route=%2Fwp%2Fv2%2Fcategories&post=4224"},{"taxonomy":"post_tag","embeddable":true,"href":"http:\/\/wisla.skoczow.pl\/index.php?rest_route=%2Fwp%2Fv2%2Ftags&post=4224"}],"curies":[{"name":"wp","href":"https:\/\/api.w.org\/{rel}","templated":true}]}}