{"id":4263,"date":"2019-02-10T13:36:47","date_gmt":"2019-02-10T12:36:47","guid":{"rendered":"http:\/\/wisla.skoczow.pl\/?p=4263"},"modified":"2023-01-19T00:43:08","modified_gmt":"2023-01-18T23:43:08","slug":"kadra-a-i-mlodziczki-zagraly-sparingi","status":"publish","type":"post","link":"http:\/\/wisla.skoczow.pl\/?p=4263","title":{"rendered":"Kadra A i m\u0142odziczki zagra\u0142y sparingi."},"content":{"rendered":"<p>M\u0142odziczki i seniorki\/juniorki starsze nie marnuj\u0105 czasu i wci\u0105\u017c ogrywaj\u0105 si\u0119.<!--more--><\/p>\n<p><strong>KADRA&nbsp; A<\/strong><\/p>\n<p>9 lutego zawodniczki pierwszego zespo\u0142u zmierzy\u0142y si\u0119 z kole\u017cankami z podw\u00f3rka ligowego &#8211; GKS Rozbark Bytom. Spotkanie odby\u0142o si\u0119 na sztucznej nawierzchni przy ul. G.Morcinka 20. Pogoda nie dopisa\u0142a, cz\u0119ste opady deszczu i ch\u0142\u00f3d nie by\u0142 zbyt komfortowy dla dziewcz\u0105t. &#8222;Wise\u0142ki&#8221; stawi\u0142y si\u0119 na spotkanie w 14 &#8211; osobowym sk\u0142adzie i z optymizmem przyst\u0105pi\u0142y do meczu. Pocz\u0105tek nie by\u0142 udany, strata pierwszego gola nast\u0105pi\u0142a w 20 minucie po szybkiej akcji przeciwniczek skrzyd\u0142em &#8211; niedopilnowanie przez obro\u0144czynie napastniczki sko\u0144czy\u0142o si\u0119 strat\u0105 bramki. Do ko\u0144ca pierwszej po\u0142owy zawodniczki z Bytomia prowadzi\u0142y 0:1. Po zmianie po\u0142\u00f3w &#8222;Wise\u0142ki&#8221; wyra\u017anie chcia\u0142y pokaza\u0107, \u017ce tak \u0142atwo wygra\u0107 nie dadz\u0105, lecz niestety nieuwaga i strata kolejnej bramki &#8211; 0:2. W ostatnich 30 minutach spotkania tempo gry przy\u015bpieszy\u0142o znacz\u0105co. &#8222;Wise\u0142ki&#8221; zdoby\u0142y honorow\u0105 bramk\u0119, kt\u00f3rej autork\u0105 by\u0142a<strong> Klaudia Bogacka<\/strong>, wykonuj\u0105c pewnie rzut wolny. Przeciwniczki wyra\u017anie to zmobilizowa\u0142o i ponownie po akcji oskrzydlaj\u0105cej zdoby\u0142y bramk\u0119 &#8211; 1:3. Ca\u0142e spotkanie trwa\u0142o 2&#215;45 minut. Przed dziewcz\u0119tami du\u017co pracy taktycznej oraz znacz\u0105co musz\u0105 poprawi\u0107 kondycj\u0119 przed zbli\u017caj\u0105cymi si\u0119 rozgrywkami ligowymi, kt\u00f3re ruszaj\u0105 7 kwietnia.<\/p>\n<p><strong>KADRA&nbsp; U13\/U10<\/strong><\/p>\n<p>19 stycznia w hali w Pog\u00f3rzu, najm\u0142odsze adeptki futbolu zmierzy\u0142y si\u0119 z UKKS Istebn\u0105. Pocz\u0105tek meczu rozpocz\u0105\u0142 si\u0119 idealnie &#8211; &#8222;Wise\u0142ki&#8221; bardzo szybko wysz\u0142y na prowadzenie i pewnie po 12 minutach prowadzi\u0142y 4:0. W ci\u0105gu gry jednak przeciwniczki naciska\u0142y i odrobi\u0142y strat\u0119 bramkow\u0105 &#8211; 4:4. Nasze dziewcz\u0119ta id\u0105c za ciosem zdoby\u0142y jeszcze kolejne dwie bramki i przez d\u0142u\u017cszy czas prowadzi\u0142y 6:4. Wszystkie bramki dla KKS-u zdoby\u0142a <strong>Wiktoria Kozie\u0142<\/strong>. W ostatnich 15 minutach &#8222;Wise\u0142ki&#8221; wyra\u017anie odpu\u015bci\u0142y, a dziewcz\u0119ta z Istebnej to wykorzysta\u0142y. Do ko\u0144ca spotkania by\u0142 to ju\u017c koncert bramek przeciwniczek. Ostatecznie spotkanie zako\u0144czy\u0142o si\u0119 6:10 dla dziewcz\u0105t z UKKS-u. Spotkanie trwa\u0142o 2&#215;30 minut. By\u0142a to kolejna nauka dla naszych najm\u0142odszych zawodniczek. Trener Krzysztof Pajonk patrzy w przysz\u0142o\u015b\u0107 z optymizmem &#8211; teraz jest czas na pope\u0142nianie b\u0142\u0119d\u00f3w i popraw\u0119 umiej\u0119tno\u015bci, w przysz\u0142o\u015bci praca zaprocentuje.<\/p>\n<p>&nbsp;<\/p>\n<p>&nbsp;<\/p>\n","protected":false},"excerpt":{"rendered":"<p>M\u0142odziczki i seniorki\/juniorki starsze nie marnuj\u0105 czasu i wci\u0105\u017c ogrywaj\u0105 si\u0119.<\/p>\n","protected":false},"author":1,"featured_media":6812,"comment_status":"closed","ping_status":"closed","sticky":false,"template":"","format":"standard","meta":{"ngg_post_thumbnail":0,"footnotes":""},"categories":[4],"tags":[],"class_list":["post-4263","post","type-post","status-publish","format-standard","has-post-thumbnail","hentry","category-news"],"featured_image_url":{"thumbnail":"http:\/\/wisla.skoczow.pl\/wp-content\/uploads\/2021\/03\/herb_KKS-150x150.png","medium":"http:\/\/wisla.skoczow.pl\/wp-content\/uploads\/2021\/03\/herb_KKS-296x300.png","medium_large":"http:\/\/wisla.skoczow.pl\/wp-content\/uploads\/2021\/03\/herb_KKS.png","large":"http:\/\/wisla.skoczow.pl\/wp-content\/uploads\/2021\/03\/herb_KKS.png","1536x1536":"http:\/\/wisla.skoczow.pl\/wp-content\/uploads\/2021\/03\/herb_KKS.png","2048x2048":"http:\/\/wisla.skoczow.pl\/wp-content\/uploads\/2021\/03\/herb_KKS.png","sportspress-crop-medium":"http:\/\/wisla.skoczow.pl\/wp-content\/uploads\/2021\/03\/herb_KKS-300x300.png","sportspress-fit-medium":"http:\/\/wisla.skoczow.pl\/wp-content\/uploads\/2021\/03\/herb_KKS-296x300.png","sportspress-fit-icon":"http:\/\/wisla.skoczow.pl\/wp-content\/uploads\/2021\/03\/herb_KKS-126x128.png","sportspress-fit-mini":"http:\/\/wisla.skoczow.pl\/wp-content\/uploads\/2021\/03\/herb_KKS-32x32.png"},"post_author":"admin","assigned_categories":"Aktualno\u015bci","_links":{"self":[{"href":"http:\/\/wisla.skoczow.pl\/index.php?rest_route=\/wp\/v2\/posts\/4263","targetHints":{"allow":["GET"]}}],"collection":[{"href":"http:\/\/wisla.skoczow.pl\/index.php?rest_route=\/wp\/v2\/posts"}],"about":[{"href":"http:\/\/wisla.skoczow.pl\/index.php?rest_route=\/wp\/v2\/types\/post"}],"author":[{"embeddable":true,"href":"http:\/\/wisla.skoczow.pl\/index.php?rest_route=\/wp\/v2\/users\/1"}],"replies":[{"embeddable":true,"href":"http:\/\/wisla.skoczow.pl\/index.php?rest_route=%2Fwp%2Fv2%2Fcomments&post=4263"}],"version-history":[{"count":9,"href":"http:\/\/wisla.skoczow.pl\/index.php?rest_route=\/wp\/v2\/posts\/4263\/revisions"}],"predecessor-version":[{"id":9032,"href":"http:\/\/wisla.skoczow.pl\/index.php?rest_route=\/wp\/v2\/posts\/4263\/revisions\/9032"}],"wp:featuredmedia":[{"embeddable":true,"href":"http:\/\/wisla.skoczow.pl\/index.php?rest_route=\/wp\/v2\/media\/6812"}],"wp:attachment":[{"href":"http:\/\/wisla.skoczow.pl\/index.php?rest_route=%2Fwp%2Fv2%2Fmedia&parent=4263"}],"wp:term":[{"taxonomy":"category","embeddable":true,"href":"http:\/\/wisla.skoczow.pl\/index.php?rest_route=%2Fwp%2Fv2%2Fcategories&post=4263"},{"taxonomy":"post_tag","embeddable":true,"href":"http:\/\/wisla.skoczow.pl\/index.php?rest_route=%2Fwp%2Fv2%2Ftags&post=4263"}],"curies":[{"name":"wp","href":"https:\/\/api.w.org\/{rel}","templated":true}]}}