{"id":4269,"date":"2019-02-19T13:53:24","date_gmt":"2019-02-19T12:53:24","guid":{"rendered":"http:\/\/wisla.skoczow.pl\/?p=4269"},"modified":"2022-01-23T19:14:04","modified_gmt":"2022-01-23T18:14:04","slug":"iii-miejsce-juniorek-mlodszych","status":"publish","type":"post","link":"http:\/\/wisla.skoczow.pl\/?p=4269","title":{"rendered":"III miejsce juniorek m\u0142odszych!"},"content":{"rendered":"<p>W ostatni weekend &#8211; 16 lutego zawodniczki kadry U16 wzi\u0119\u0142y udzia\u0142 w I Halowym Turnieju Pi\u0142ki No\u017cnej Dziewcz\u0105t o Puchar W\u00f3jta Gminy Istebna.<\/p>\n<p><!--more--><\/p>\n<p>Zmagania odby\u0142y si\u0119 w Hali sportowej w ZSP w Istebnej, a do rywalizacji finalnie stawi\u0142o si\u0119 pi\u0119\u0107 zespo\u0142\u00f3w &#8211; UKKS Istebna, TS Mitech \u017bywiec, LKS Bestwina, KKS &#8222;Wis\u0142a&#8221; Skocz\u00f3w oraz BTS Rekord Bielsko-Bia\u0142a. Rozegrano spotkania systemem &#8222;ka\u017cdy z ka\u017cdym&#8221; po jednej po\u0142owie trwaj\u0105cej 22 minuty.<\/p>\n<p>W pierwszym spotkaniu &#8222;Wise\u0142ki&#8221; zmierzy\u0142y si\u0119 z dziewcz\u0119tami z \u017bywca. Niestety syndrom pierwszego meczu i ospa\u0142e pierwsze 5 minut zako\u0144czy\u0142y si\u0119 strat\u0105 bramki. Dopiero z biegiem czasu nasze zawodniczki &#8222;obudzi\u0142y si\u0119&#8221; i naciska\u0142y przeciwniczki. Niestety to nie wystarczy\u0142o i spotkanie zako\u0144czy\u0142o si\u0119 0:1 dla Mitechu. Kolejne spotkanie by\u0142o bardzo emocjonuj\u0105ce, &#8222;Wise\u0142ki&#8221; zmierzy\u0142y si\u0119 z Rekordem B-B. Od pocz\u0105tku mecz by\u0142 szybki, dynamiczny &#8211; jedna i druga strona atakowa\u0142a. Chwila nieuwagi w obronie i po uderzeniu z po\u0142owy bielszczanki pokona\u0142y bramkark\u0119 &#8222;Wis\u0142y&#8221; &#8211; 1:0. Walka trwa\u0142a do ko\u0144ca i po naprawd\u0119 dobrej akcji zespo\u0142owej w sytuacji sam na sam znalaz\u0142a si\u0119 <strong>Weronika Homel<\/strong>, kt\u00f3ra nie pomyli\u0142a si\u0119 &#8211; przelobowa\u0142a bramkark\u0119 BTS-u daj\u0105c wyr\u00f3wnanie 1:1. W spotkaniu z UKKS Istebn\u0105 zawodniczki ju\u017c gra\u0142y pewniej i rozkr\u0119ci\u0142y maszyn\u0119 &#8211; pewnie wygra\u0142y 2:0 z gospodyniami, a bramki zdoby\u0142y &#8211; <strong>Weronika Sztuchlik<\/strong> i<strong> Emilia Jaworska<\/strong>. Ostatnie spotkanie decydowa\u0142o o zaj\u0119ciu 2 lub 3 miejsca &#8211; dziewcz\u0119ta zmierzy\u0142y si\u0119 z LKS Bestwin\u0105, kt\u00f3r\u0105 pokona\u0142y 4:0. Bramki zdoby\u0142y: <strong>Estera Wanat<\/strong>, <strong>Weronika Sztuchlik<\/strong>, <strong>Emilia Jaworska<\/strong> oraz <strong>Laura Koenig<\/strong>. Warto doda\u0107, \u017ce najlepsz\u0105 bramkark\u0105 turnieju zosta\u0142a nasza zawodniczka &#8211; <strong>Kornelia Ma\u0142yjurek<\/strong>!<\/p>\n<p>Jak si\u0119 okaza\u0142o 2 miejsce w turnieju by\u0142o na wyci\u0105gni\u0119cie r\u0119ki, ale o tym zdecydowa\u0142 dopiero czwarty czynnik! Taka sama ilo\u015b\u0107 punkt\u00f3w z Rekordem B-B, mecz bezpo\u015bredni na remis, a r\u00f3\u017cnica bramek identyczna. Dopiero ilo\u015b\u0107 zdobytych bramek zdecydowa\u0142a o trzecim miejscu. Gra &#8222;Wise\u0142ek&#8221; mog\u0142a si\u0119 podoba\u0107, by\u0142a zespo\u0142owa, lecz zabrak\u0142o wi\u0119kszej skuteczno\u015bci w ataku &#8211; pi\u0142ka mog\u0142a wpada\u0107 cz\u0119\u015bciej do siatki. Najwa\u017cniejsze jednak jest to, \u017ce dziewczyny rozwijaj\u0105 si\u0119 pi\u0142karsko i id\u0105 w dobrym kierunku &#8211; po sukces.<\/p>\n<p>&nbsp;<\/p>\n<h1 style=\"text-align: center;\"><span style=\"color: #ff0000;\"><strong>WYNIKI:<\/strong><\/span><\/h1>\n<p><img loading=\"lazy\" decoding=\"async\" class=\"aligncenter size-full wp-image-4298\" alt=\"tabela istebna 2019\" src=\"http:\/\/wisla.skoczow.pl\/wp-content\/uploads\/2019\/02\/tabela-istebna-2019.jpg\" width=\"970\" height=\"318\" srcset=\"http:\/\/wisla.skoczow.pl\/wp-content\/uploads\/2019\/02\/tabela-istebna-2019.jpg 970w, http:\/\/wisla.skoczow.pl\/wp-content\/uploads\/2019\/02\/tabela-istebna-2019-300x98.jpg 300w, http:\/\/wisla.skoczow.pl\/wp-content\/uploads\/2019\/02\/tabela-istebna-2019-128x41.jpg 128w, http:\/\/wisla.skoczow.pl\/wp-content\/uploads\/2019\/02\/tabela-istebna-2019-32x10.jpg 32w\" sizes=\"auto, (max-width: 970px) 100vw, 970px\" \/><\/p>\n<p>&nbsp;<\/p>\n","protected":false},"excerpt":{"rendered":"<p>W ostatni weekend &#8211; 16 lutego zawodniczki kadry U16 wzi\u0119\u0142y udzia\u0142 w I Halowym Turnieju Pi\u0142ki No\u017cnej Dziewcz\u0105t o Puchar W\u00f3jta Gminy Istebna.<\/p>\n","protected":false},"author":1,"featured_media":4296,"comment_status":"closed","ping_status":"closed","sticky":false,"template":"","format":"standard","meta":{"ngg_post_thumbnail":0,"footnotes":""},"categories":[4],"tags":[],"class_list":["post-4269","post","type-post","status-publish","format-standard","has-post-thumbnail","hentry","category-news"],"featured_image_url":{"thumbnail":"http:\/\/wisla.skoczow.pl\/wp-content\/uploads\/2019\/02\/GCS_DSC_16408-150x150.jpg","medium":"http:\/\/wisla.skoczow.pl\/wp-content\/uploads\/2019\/02\/GCS_DSC_16408-300x200.jpg","medium_large":"http:\/\/wisla.skoczow.pl\/wp-content\/uploads\/2019\/02\/GCS_DSC_16408.jpg","large":"http:\/\/wisla.skoczow.pl\/wp-content\/uploads\/2019\/02\/GCS_DSC_16408-1024x682.jpg","1536x1536":"http:\/\/wisla.skoczow.pl\/wp-content\/uploads\/2019\/02\/GCS_DSC_16408.jpg","2048x2048":"http:\/\/wisla.skoczow.pl\/wp-content\/uploads\/2019\/02\/GCS_DSC_16408.jpg","sportspress-crop-medium":"http:\/\/wisla.skoczow.pl\/wp-content\/uploads\/2019\/02\/GCS_DSC_16408.jpg","sportspress-fit-medium":"http:\/\/wisla.skoczow.pl\/wp-content\/uploads\/2019\/02\/GCS_DSC_16408-300x200.jpg","sportspress-fit-icon":"http:\/\/wisla.skoczow.pl\/wp-content\/uploads\/2019\/02\/GCS_DSC_16408-128x85.jpg","sportspress-fit-mini":"http:\/\/wisla.skoczow.pl\/wp-content\/uploads\/2019\/02\/GCS_DSC_16408-32x21.jpg"},"post_author":"admin","assigned_categories":"Aktualno\u015bci","_links":{"self":[{"href":"http:\/\/wisla.skoczow.pl\/index.php?rest_route=\/wp\/v2\/posts\/4269","targetHints":{"allow":["GET"]}}],"collection":[{"href":"http:\/\/wisla.skoczow.pl\/index.php?rest_route=\/wp\/v2\/posts"}],"about":[{"href":"http:\/\/wisla.skoczow.pl\/index.php?rest_route=\/wp\/v2\/types\/post"}],"author":[{"embeddable":true,"href":"http:\/\/wisla.skoczow.pl\/index.php?rest_route=\/wp\/v2\/users\/1"}],"replies":[{"embeddable":true,"href":"http:\/\/wisla.skoczow.pl\/index.php?rest_route=%2Fwp%2Fv2%2Fcomments&post=4269"}],"version-history":[{"count":8,"href":"http:\/\/wisla.skoczow.pl\/index.php?rest_route=\/wp\/v2\/posts\/4269\/revisions"}],"predecessor-version":[{"id":4311,"href":"http:\/\/wisla.skoczow.pl\/index.php?rest_route=\/wp\/v2\/posts\/4269\/revisions\/4311"}],"wp:featuredmedia":[{"embeddable":true,"href":"http:\/\/wisla.skoczow.pl\/index.php?rest_route=\/wp\/v2\/media\/4296"}],"wp:attachment":[{"href":"http:\/\/wisla.skoczow.pl\/index.php?rest_route=%2Fwp%2Fv2%2Fmedia&parent=4269"}],"wp:term":[{"taxonomy":"category","embeddable":true,"href":"http:\/\/wisla.skoczow.pl\/index.php?rest_route=%2Fwp%2Fv2%2Fcategories&post=4269"},{"taxonomy":"post_tag","embeddable":true,"href":"http:\/\/wisla.skoczow.pl\/index.php?rest_route=%2Fwp%2Fv2%2Ftags&post=4269"}],"curies":[{"name":"wp","href":"https:\/\/api.w.org\/{rel}","templated":true}]}}