{"id":4271,"date":"2019-02-18T13:24:16","date_gmt":"2019-02-18T12:24:16","guid":{"rendered":"http:\/\/wisla.skoczow.pl\/?p=4271"},"modified":"2022-01-23T19:14:16","modified_gmt":"2022-01-23T18:14:16","slug":"kora-kadrowiczka-slaska","status":"publish","type":"post","link":"http:\/\/wisla.skoczow.pl\/?p=4271","title":{"rendered":"Kora kadrowiczka \u015al\u0105ska!"},"content":{"rendered":"<p>Ma\u0142yjurek powo\u0142ana do Kadry \u015al\u0105ska U14!<!--more--><\/p>\n<p>Nasza bramkarka zaprezentowa\u0142a si\u0119 bardzo dobrze na ostatnich konsultacjach kadrowych i otrzyma\u0142a powo\u0142anie od trenera Krzysztofa Klonka do reprezentacji wojew\u00f3dztwa.<br \/>\nZgrupowanie odb\u0119dzie si\u0119 w Chorzowie w dniach 20-24.02.2019 na obiektach Stadionu \u015al\u0105skiego. W ci\u0105gu tych pi\u0119ciu dni Kora odb\u0119dzie indywidualne treningi bramkarskie oraz z zespo\u0142em.<br \/>\nZaplanowany jest r\u00f3wnie\u017c sparing z dru\u017cyn\u0105 z Warszawy. \u017byczymy powodzenia i &#8222;numeru jeden&#8221; mi\u0119dzy s\u0142upkami!<\/p>\n","protected":false},"excerpt":{"rendered":"<p>Ma\u0142yjurek powo\u0142ana do Kadry \u015al\u0105ska U14!<\/p>\n","protected":false},"author":1,"featured_media":4279,"comment_status":"closed","ping_status":"closed","sticky":false,"template":"","format":"standard","meta":{"ngg_post_thumbnail":0,"footnotes":""},"categories":[4],"tags":[],"class_list":["post-4271","post","type-post","status-publish","format-standard","has-post-thumbnail","hentry","category-news"],"featured_image_url":{"thumbnail":"http:\/\/wisla.skoczow.pl\/wp-content\/uploads\/2019\/02\/GCS_DSC_4186-150x150.jpg","medium":"http:\/\/wisla.skoczow.pl\/wp-content\/uploads\/2019\/02\/GCS_DSC_4186-300x200.jpg","medium_large":"http:\/\/wisla.skoczow.pl\/wp-content\/uploads\/2019\/02\/GCS_DSC_4186.jpg","large":"http:\/\/wisla.skoczow.pl\/wp-content\/uploads\/2019\/02\/GCS_DSC_4186-1024x682.jpg","1536x1536":"http:\/\/wisla.skoczow.pl\/wp-content\/uploads\/2019\/02\/GCS_DSC_4186.jpg","2048x2048":"http:\/\/wisla.skoczow.pl\/wp-content\/uploads\/2019\/02\/GCS_DSC_4186.jpg","sportspress-crop-medium":"http:\/\/wisla.skoczow.pl\/wp-content\/uploads\/2019\/02\/GCS_DSC_4186.jpg","sportspress-fit-medium":"http:\/\/wisla.skoczow.pl\/wp-content\/uploads\/2019\/02\/GCS_DSC_4186-300x200.jpg","sportspress-fit-icon":"http:\/\/wisla.skoczow.pl\/wp-content\/uploads\/2019\/02\/GCS_DSC_4186-128x85.jpg","sportspress-fit-mini":"http:\/\/wisla.skoczow.pl\/wp-content\/uploads\/2019\/02\/GCS_DSC_4186-32x21.jpg"},"post_author":"admin","assigned_categories":"Aktualno\u015bci","_links":{"self":[{"href":"http:\/\/wisla.skoczow.pl\/index.php?rest_route=\/wp\/v2\/posts\/4271","targetHints":{"allow":["GET"]}}],"collection":[{"href":"http:\/\/wisla.skoczow.pl\/index.php?rest_route=\/wp\/v2\/posts"}],"about":[{"href":"http:\/\/wisla.skoczow.pl\/index.php?rest_route=\/wp\/v2\/types\/post"}],"author":[{"embeddable":true,"href":"http:\/\/wisla.skoczow.pl\/index.php?rest_route=\/wp\/v2\/users\/1"}],"replies":[{"embeddable":true,"href":"http:\/\/wisla.skoczow.pl\/index.php?rest_route=%2Fwp%2Fv2%2Fcomments&post=4271"}],"version-history":[{"count":4,"href":"http:\/\/wisla.skoczow.pl\/index.php?rest_route=\/wp\/v2\/posts\/4271\/revisions"}],"predecessor-version":[{"id":4315,"href":"http:\/\/wisla.skoczow.pl\/index.php?rest_route=\/wp\/v2\/posts\/4271\/revisions\/4315"}],"wp:featuredmedia":[{"embeddable":true,"href":"http:\/\/wisla.skoczow.pl\/index.php?rest_route=\/wp\/v2\/media\/4279"}],"wp:attachment":[{"href":"http:\/\/wisla.skoczow.pl\/index.php?rest_route=%2Fwp%2Fv2%2Fmedia&parent=4271"}],"wp:term":[{"taxonomy":"category","embeddable":true,"href":"http:\/\/wisla.skoczow.pl\/index.php?rest_route=%2Fwp%2Fv2%2Fcategories&post=4271"},{"taxonomy":"post_tag","embeddable":true,"href":"http:\/\/wisla.skoczow.pl\/index.php?rest_route=%2Fwp%2Fv2%2Ftags&post=4271"}],"curies":[{"name":"wp","href":"https:\/\/api.w.org\/{rel}","templated":true}]}}