{"id":4284,"date":"2019-03-04T08:04:34","date_gmt":"2019-03-04T07:04:34","guid":{"rendered":"http:\/\/wisla.skoczow.pl\/?p=4284"},"modified":"2022-01-23T19:14:04","modified_gmt":"2022-01-23T18:14:04","slug":"kadra-u16-i-a-rozegraly-kolejne-sparingi","status":"publish","type":"post","link":"http:\/\/wisla.skoczow.pl\/?p=4284","title":{"rendered":"Kadra U16 i A rozegra\u0142y kolejne sparingi."},"content":{"rendered":"<p>M\u0142odzie\u017c z wyra\u017anym progresem, seniorki wci\u0105\u017c musz\u0105 popracowa\u0107.<!--more--><\/p>\n<p><strong>KKS &#8222;Wis\u0142a&#8221; Skocz\u00f3w U16 &#8211; LKS Wis\u0142a Ma\u0142a\u00a0\u00a0\u00a0 16:1 (7:1)<\/strong><\/p>\n<p>Zesp\u00f3\u0142 juniorek m\u0142odszych zmierzy\u0142 si\u0119 z nowo powsta\u0142\u0105 dru\u017cyn\u0105 dziewcz\u0105t z Wis\u0142y Ma\u0142ej na orliku w Strumieniu 20 lutego podczas ferii o godz. 15:00 w wymiarze 2 x 40 minut. Z pocz\u0105tku zespo\u0142y nawzajem si\u0119 sprawdza\u0142y i bada\u0142y &#8211; ale na bramk\u0119 ze strony &#8222;Wise\u0142ek&#8221; nie trzeba by\u0142o d\u0142ugo czeka\u0107 &#8211; 1:0. Troch\u0119 rozlu\u017anienia i ospa\u0142o\u015bci wkrad\u0142o si\u0119 w gr\u0119 dziewcz\u0105t i przeciwniczki wyr\u00f3wna\u0142y &#8211; 1:1. Dziewczyny po 20 minutach jednak s\u0142abej gry w ko\u0144cu si\u0119 obudzi\u0142y i urz\u0105dzi\u0142y istny koncert bramek. Przeciwniczki by\u0142y bezradne, a &#8222;Wise\u0142ki&#8221; bombardowa\u0142y bramk\u0119. Du\u017co bardzo \u0142adnej zespo\u0142owej gry i stwarzanie sytuacji bramkowych da\u0142o wysokie zwyci\u0119stwo, ale ukaza\u0142o r\u00f3wnie\u017c, \u017ce jest nad czym pracowa\u0107 je\u015bli chodzi o skuteczno\u015b\u0107 w zdobywaniu &#8211; ilo\u015b\u0107 sytuacji niewykorzystanych mo\u017ce niepokoi\u0107.<\/p>\n<p>Bramki zdoby\u0142y:<br \/>\n&#8211; Karkoszka A. x 6<br \/>\n&#8211; Sztuchlik W. x 4<br \/>\n&#8211; Koenig L. x 2<br \/>\n&#8211; Jaworska E. x 2<br \/>\n&#8211; Stanna K. x 1<br \/>\n&#8211; Wanat E. x 1<\/p>\n<p>&nbsp;<\/p>\n<p><strong>KKS &#8222;Wis\u0142a&#8221; Skocz\u00f3w U16 &#8211; BTS &#8222;Rekord&#8221; Bielsko-Bia\u0142a\u00a0\u00a0\u00a0\u00a0 1:3 (0:2)<\/strong><\/p>\n<p>26 lutego zesp\u00f3\u0142 z Bielska przyjecha\u0142 do Skoczowa na sztuczne boisko na G\u00f3rnym Borze by rozegra\u0107 sparing w godzinach wieczornych. Gra by\u0142a zaci\u0119ta i bardzo wyr\u00f3wnana. &#8222;Wise\u0142ki&#8221; konstruowa\u0142y atak pozycyjny i d\u0142ugo utrzymywa\u0142y si\u0119 przy pi\u0142ce, ale niestety ka\u017cdy atak i podej\u015bcie pod bramk\u0119 ko\u0144czy\u0142 si\u0119 start\u0105 &#8211; zawodniczki nie umia\u0142y sko\u0144czy\u0107 uderzeniem do bramki. Taka bezsilno\u015b\u0107 i brak wiary oraz odwagi w oddawaniu uderze\u0144 do bramki doprowadzi\u0142 do trzech kontr i strat bramek. Dopiero w drugiej po\u0142owie <strong>Weronika Sztuchlik<\/strong> w ko\u0144cu odda\u0142a celne uderzenie, kt\u00f3re finalnie da\u0142o honorow\u0105 bramk\u0119. Dziewcz\u0119ta &#8222;zawiesi\u0142y si\u0119&#8221;, nast\u0105pi\u0142a blokada i ch\u0119\u0107 pozbycia si\u0119 pi\u0142ki. Szkoda, \u017ce zawodniczki nie odblokowa\u0142y si\u0119 bo by\u0142o wida\u0107, \u017ce graj\u0105 dobrze. Zesp\u00f3\u0142 dobrze operuje pi\u0142k\u0105, ale finalizacja gry szwankuje &#8211; niestety to jest do poprawy, w pi\u0142k\u0119 no\u017cn\u0105 gra si\u0119 po to, aby zdoby\u0107 wi\u0119cej bramek ni\u017c przeciwnik.<\/p>\n<p>&nbsp;<\/p>\n<p><strong>KKS &#8222;Wis\u0142a&#8221; Skocz\u00f3w U16 &#8211; AKS Miko\u0142\u00f3w\u00a0\u00a0 0:3\u00a0\u00a0 i\u00a0\u00a0 <strong>KKS &#8222;Wis\u0142a&#8221; Skocz\u00f3w &#8211; AKS Miko\u0142\u00f3w 0:4<\/strong><br \/>\n<\/strong><\/p>\n<p>W sobotnie popo\u0142udnie 2 marca zesp\u00f3\u0142 seniorek z Miko\u0142owa przyjecha\u0142 rozegra\u0107 sparing na boisku przy ul. G.Morcinka 20. Dziewcz\u0119ta na co dzie\u0144 zaprawione w bojach ligowych i z bardzo du\u017cym do\u015bwiadczeniem by\u0142y ogromnym wyzwaniem dla naszych juniorek, kt\u00f3re powoli stawiaj\u0105 swoje pierwsze kroki w doros\u0142ej pi\u0142ce. Spotkanie rozegrali\u015bmy 4 x 20 minut, gdzie co kwart\u0119 zmienia\u0142y si\u0119 zespo\u0142y &#8211; raz kadra A, a raz U16. Pozytywnym zaskoczeniem by\u0142a gra naszych 13\/14 latek, kt\u00f3re wyra\u017anie si\u0119 opiera\u0142y przeciwniczkom mimo r\u00f3\u017cnicy wieku i do\u015bwiadczenia. Juniorki stwarza\u0142y sytuacje do zdobycia bramki, a ilo\u015b\u0107 tych akcji na prawd\u0119 napawa optymizmem je\u015bli chodzi o gr\u0119 &#8211; gorzej ju\u017c by\u0142o ze skuteczno\u015bci\u0105 (dwa uderzenia w s\u0142upek i kilka sytuacji z kt\u00f3rych powinna pa\u015b\u0107 bramka). Zesp\u00f3\u0142 U16 pokaza\u0142, \u017ce ma ogromny potencja\u0142 &#8211; potrzebuje jeszcze do\u015bwiadczenia i ogrania. Zesp\u00f3\u0142 seniorek mimo, \u017ce gra\u0142 w os\u0142abieniu nie wypad\u0142 najgorzej, lecz wida\u0107, \u017ce brakuje wci\u0105\u017c zgrania mi\u0119dzy zawodniczkami &#8211; zbyt wolne wyprowadzanie pi\u0142ki z w\u0142asnej po\u0142owy, b\u0142\u0119dy w grze indywidualnej czy brak komunikacji.<\/p>\n<p>&nbsp;<\/p>\n<p>Wszystko wskazuje na to, \u017ce runda wiosenna w IV lidze b\u0119dzie wygl\u0105da\u0107 zupe\u0142nie inaczej &#8211; \u015alZPN wyszed\u0142 z propozycj\u0105 do zespo\u0142\u00f3w juniorskich, kt\u00f3re nie graj\u0105 w makroregionie, a dalsza kontynuacja \u015aLJM nie b\u0119dzie mia\u0142a miejsca.<br \/>\nW tym miesi\u0105cu dowiemy si\u0119 czy nasze dwa zespo\u0142y zagraj\u0105 w jednej lidze.<\/p>\n<p><strong>\u00a0<\/strong><\/p>\n<p>&nbsp;<\/p>\n<p>&nbsp;<\/p>\n","protected":false},"excerpt":{"rendered":"<p>M\u0142odzie\u017c z wyra\u017anym progresem, seniorki wci\u0105\u017c musz\u0105 popracowa\u0107.<\/p>\n","protected":false},"author":1,"featured_media":4339,"comment_status":"closed","ping_status":"closed","sticky":false,"template":"","format":"standard","meta":{"ngg_post_thumbnail":0,"footnotes":""},"categories":[4],"tags":[],"class_list":["post-4284","post","type-post","status-publish","format-standard","has-post-thumbnail","hentry","category-news"],"featured_image_url":{"thumbnail":"http:\/\/wisla.skoczow.pl\/wp-content\/uploads\/2019\/03\/GCS_DSC_6853-150x150.jpg","medium":"http:\/\/wisla.skoczow.pl\/wp-content\/uploads\/2019\/03\/GCS_DSC_6853-300x200.jpg","medium_large":"http:\/\/wisla.skoczow.pl\/wp-content\/uploads\/2019\/03\/GCS_DSC_6853.jpg","large":"http:\/\/wisla.skoczow.pl\/wp-content\/uploads\/2019\/03\/GCS_DSC_6853-1024x682.jpg","1536x1536":"http:\/\/wisla.skoczow.pl\/wp-content\/uploads\/2019\/03\/GCS_DSC_6853.jpg","2048x2048":"http:\/\/wisla.skoczow.pl\/wp-content\/uploads\/2019\/03\/GCS_DSC_6853.jpg","sportspress-crop-medium":"http:\/\/wisla.skoczow.pl\/wp-content\/uploads\/2019\/03\/GCS_DSC_6853.jpg","sportspress-fit-medium":"http:\/\/wisla.skoczow.pl\/wp-content\/uploads\/2019\/03\/GCS_DSC_6853-300x200.jpg","sportspress-fit-icon":"http:\/\/wisla.skoczow.pl\/wp-content\/uploads\/2019\/03\/GCS_DSC_6853-128x85.jpg","sportspress-fit-mini":"http:\/\/wisla.skoczow.pl\/wp-content\/uploads\/2019\/03\/GCS_DSC_6853-32x21.jpg"},"post_author":"admin","assigned_categories":"Aktualno\u015bci","_links":{"self":[{"href":"http:\/\/wisla.skoczow.pl\/index.php?rest_route=\/wp\/v2\/posts\/4284","targetHints":{"allow":["GET"]}}],"collection":[{"href":"http:\/\/wisla.skoczow.pl\/index.php?rest_route=\/wp\/v2\/posts"}],"about":[{"href":"http:\/\/wisla.skoczow.pl\/index.php?rest_route=\/wp\/v2\/types\/post"}],"author":[{"embeddable":true,"href":"http:\/\/wisla.skoczow.pl\/index.php?rest_route=\/wp\/v2\/users\/1"}],"replies":[{"embeddable":true,"href":"http:\/\/wisla.skoczow.pl\/index.php?rest_route=%2Fwp%2Fv2%2Fcomments&post=4284"}],"version-history":[{"count":7,"href":"http:\/\/wisla.skoczow.pl\/index.php?rest_route=\/wp\/v2\/posts\/4284\/revisions"}],"predecessor-version":[{"id":4347,"href":"http:\/\/wisla.skoczow.pl\/index.php?rest_route=\/wp\/v2\/posts\/4284\/revisions\/4347"}],"wp:featuredmedia":[{"embeddable":true,"href":"http:\/\/wisla.skoczow.pl\/index.php?rest_route=\/wp\/v2\/media\/4339"}],"wp:attachment":[{"href":"http:\/\/wisla.skoczow.pl\/index.php?rest_route=%2Fwp%2Fv2%2Fmedia&parent=4284"}],"wp:term":[{"taxonomy":"category","embeddable":true,"href":"http:\/\/wisla.skoczow.pl\/index.php?rest_route=%2Fwp%2Fv2%2Fcategories&post=4284"},{"taxonomy":"post_tag","embeddable":true,"href":"http:\/\/wisla.skoczow.pl\/index.php?rest_route=%2Fwp%2Fv2%2Ftags&post=4284"}],"curies":[{"name":"wp","href":"https:\/\/api.w.org\/{rel}","templated":true}]}}