{"id":454,"date":"2015-03-22T13:57:18","date_gmt":"2015-03-22T12:57:18","guid":{"rendered":"http:\/\/wisla.skoczow.pl\/?p=454"},"modified":"2022-01-23T19:15:06","modified_gmt":"2022-01-23T18:15:06","slug":"nierowna-walka","status":"publish","type":"post","link":"http:\/\/wisla.skoczow.pl\/?p=454","title":{"rendered":"Nier\u00f3wna walka!"},"content":{"rendered":"<p>21 marca &#8222;Wise\u0142ki&#8221; rozegra\u0142y pierwszy mecz w rundzie wiosennej o punkty. Spotka\u0142y si\u0119 z Rekordem II\u00a0Bielsko-Bia\u0142a , ale jak mecz pokaza\u0142 tylko z nazwy&#8230;<\/p>\n<p><!--more-->Dziewcz\u0119ta na mecz stawi\u0142y si\u0119 w \u015bwietnych humorach, gdy\u017c potyczka z tym zespo\u0142em jesieni\u0105 2014 roku zako\u0144czy\u0142a si\u0119 wynikiem 3:1 (0:1) dla &#8222;Wise\u0142ek&#8221;. Nic nie zapowiada\u0142o, \u017ce spotkanie zako\u0144czy si\u0119 wysok\u0105 pora\u017ck\u0105. Jak si\u0119 okaza\u0142o podczas gry, na boisku w dru\u017cynie przeciwnika wyst\u0105pi\u0142y zawodniczki na co dzie\u0144 graj\u0105ce w pierwszym zespole Rekordu &#8211; II liga. Przez pierwsz\u0105 po\u0142ow\u0119 <strong>Kinga Suchy<\/strong> mia\u0142a du\u017co pracy, ale niestety kapitulowa\u0142a a\u017c 8 razy. Dziewcz\u0119ta nie by\u0142y w stanie stawi\u0107 oporu tak klasowym zawodniczkom. W 70 minucie obraz meczu diametralnie\u00a0si\u0119 zmieni\u0142 &#8211; ot\u00f3\u017c z boiska zesz\u0142y zawodniczki drugoligowe, a w ich miejsce na boisko wesz\u0142y zawodniczki, z kt\u00f3rymi dziewcz\u0119ta mia\u0142y do czynienia jesieni\u0105. &#8222;Wise\u0142ki&#8221; mimo \u017ce gra\u0142y w dziewi\u0105tk\u0119 stworzy\u0142y \u015bwietn\u0105 sytuacj\u0119 podbramkow\u0105, a <strong>Wiktoria Gabzdyl <\/strong>(61&#8242;) nie zmarnowa\u0142a okazji i zdoby\u0142a bramk\u0119 honorow\u0105. Nasuwa si\u0119 bardzo wa\u017cne pytanie: Czy przepis pozwalaj\u0105cy gra\u0107 zawodniczkom z pierwszego zespo\u0142u &#8211; nie raz graj\u0105cego w Ekstraklasie, I czy II ligi &#8211; ma sens w pojedynkach z zespo\u0142ami ni\u017cszych lig? Czy nie nakr\u0119ca to spirali zniech\u0119cenia dziewcz\u0105t do gry w pi\u0142k\u0119 no\u017cn\u0105?<\/p>\n<p><span style=\"text-decoration: underline;\">Komentarz do meczu &#8211; trenerka Sonia Fajer:<\/span><br \/>\n<em>Wynik nie zadowala, ale trzeba go z pokor\u0105 przyj\u0105\u0107. Na pewno nie mo\u017cna odm\u00f3wi\u0107 dziewcz\u0119tom woli walki, bo przez ten okres odk\u0105d wsp\u00f3\u0142pracuj\u0119 z nimi poczyni\u0142y ogromne post\u0119py. By\u0142o wiele okazji do zdobycia bramki ale zabrak\u0142o precyzji i wyko\u0144czenia. Po kilku straconych bramkach w dziewcz\u0119tach &#8222;co\u015b&#8221; p\u0119k\u0142o i gra nie przebiega\u0142a po naszej my\u015bli. Du\u017co b\u0142\u0119d\u00f3w w obronie, brak konsekwencji w pokryciu przeciwnika i oddanie \u015brodka pola gry. Z pewno\u015bci\u0105 du\u017cy wp\u0142yw na taki wynik mia\u0142o wykorzystanie przez dru\u017cyn\u0119 przeciwn\u0105 zawodniczek z II ligi. By\u0142a to nie do ko\u0144ca r\u00f3wna walka. Dziewcz\u0119ta to pod\u0142ama\u0142o, ale &#8222;Wise\u0142ki&#8221; to wspania\u0142y zesp\u00f3\u0142 i w kolejnych meczach z pewno\u015bci\u0105 b\u0119dzie lepiej.<\/em><\/p>\n<p>Sk\u0142ad: Suchy-Dudek,Orszulik,Balas,Szczotka-Szo\u0142dra,Mo\u0107ko,Gabzdyl,Pagie\u0142a-Ryszawy,Kapa\u0142ka<br \/>\nBTS Rekord II\u00a0Bielsko Bia\u0142a &#8211; KKS Wis\u0142a Skocz\u00f3w \u00a010:1 (8:0)<\/p>\n","protected":false},"excerpt":{"rendered":"<p>21 marca &#8222;Wise\u0142ki&#8221; rozegra\u0142y pierwszy mecz w rundzie wiosennej o punkty. Spotka\u0142y si\u0119 z Rekordem II\u00a0Bielsko-Bia\u0142a , ale jak mecz pokaza\u0142 tylko z nazwy&#8230;<\/p>\n","protected":false},"author":1,"featured_media":457,"comment_status":"closed","ping_status":"closed","sticky":false,"template":"","format":"standard","meta":{"ngg_post_thumbnail":0,"footnotes":""},"categories":[4],"tags":[],"class_list":["post-454","post","type-post","status-publish","format-standard","has-post-thumbnail","hentry","category-news"],"featured_image_url":{"thumbnail":"http:\/\/wisla.skoczow.pl\/wp-content\/uploads\/2015\/03\/bts-wisla-150x150.jpg","medium":"http:\/\/wisla.skoczow.pl\/wp-content\/uploads\/2015\/03\/bts-wisla-300x103.jpg","medium_large":"http:\/\/wisla.skoczow.pl\/wp-content\/uploads\/2015\/03\/bts-wisla.jpg","large":"http:\/\/wisla.skoczow.pl\/wp-content\/uploads\/2015\/03\/bts-wisla-1024x353.jpg","1536x1536":"http:\/\/wisla.skoczow.pl\/wp-content\/uploads\/2015\/03\/bts-wisla.jpg","2048x2048":"http:\/\/wisla.skoczow.pl\/wp-content\/uploads\/2015\/03\/bts-wisla.jpg","sportspress-crop-medium":"http:\/\/wisla.skoczow.pl\/wp-content\/uploads\/2015\/03\/bts-wisla.jpg","sportspress-fit-medium":"http:\/\/wisla.skoczow.pl\/wp-content\/uploads\/2015\/03\/bts-wisla.jpg","sportspress-fit-icon":"http:\/\/wisla.skoczow.pl\/wp-content\/uploads\/2015\/03\/bts-wisla.jpg","sportspress-fit-mini":"http:\/\/wisla.skoczow.pl\/wp-content\/uploads\/2015\/03\/bts-wisla.jpg"},"post_author":"admin","assigned_categories":"Aktualno\u015bci","_links":{"self":[{"href":"http:\/\/wisla.skoczow.pl\/index.php?rest_route=\/wp\/v2\/posts\/454","targetHints":{"allow":["GET"]}}],"collection":[{"href":"http:\/\/wisla.skoczow.pl\/index.php?rest_route=\/wp\/v2\/posts"}],"about":[{"href":"http:\/\/wisla.skoczow.pl\/index.php?rest_route=\/wp\/v2\/types\/post"}],"author":[{"embeddable":true,"href":"http:\/\/wisla.skoczow.pl\/index.php?rest_route=\/wp\/v2\/users\/1"}],"replies":[{"embeddable":true,"href":"http:\/\/wisla.skoczow.pl\/index.php?rest_route=%2Fwp%2Fv2%2Fcomments&post=454"}],"version-history":[{"count":14,"href":"http:\/\/wisla.skoczow.pl\/index.php?rest_route=\/wp\/v2\/posts\/454\/revisions"}],"predecessor-version":[{"id":496,"href":"http:\/\/wisla.skoczow.pl\/index.php?rest_route=\/wp\/v2\/posts\/454\/revisions\/496"}],"wp:featuredmedia":[{"embeddable":true,"href":"http:\/\/wisla.skoczow.pl\/index.php?rest_route=\/wp\/v2\/media\/457"}],"wp:attachment":[{"href":"http:\/\/wisla.skoczow.pl\/index.php?rest_route=%2Fwp%2Fv2%2Fmedia&parent=454"}],"wp:term":[{"taxonomy":"category","embeddable":true,"href":"http:\/\/wisla.skoczow.pl\/index.php?rest_route=%2Fwp%2Fv2%2Fcategories&post=454"},{"taxonomy":"post_tag","embeddable":true,"href":"http:\/\/wisla.skoczow.pl\/index.php?rest_route=%2Fwp%2Fv2%2Ftags&post=454"}],"curies":[{"name":"wp","href":"https:\/\/api.w.org\/{rel}","templated":true}]}}