{"id":51,"date":"2014-12-20T12:05:50","date_gmt":"2014-12-20T11:05:50","guid":{"rendered":"http:\/\/localhost\/wp\/?p=51"},"modified":"2022-01-23T19:15:14","modified_gmt":"2022-01-23T18:15:14","slug":"zyczenia-swiateczne-i-noworoczne","status":"publish","type":"post","link":"http:\/\/wisla.skoczow.pl\/?p=51","title":{"rendered":"\u017byczenia \u015awi\u0105teczne i Noworoczne"},"content":{"rendered":"<p><span style=\"color: #0000ff;\"><em>\u00a0Daj ludziom dary!<br \/>\n<\/em><\/span><em><span style=\"color: #0000ff;\">Chod\u017a ju\u017c, Nowy Roku!<\/span><br \/>\n<span style=\"color: #0000ff;\">Tak m\u00f3wi rok stary<br \/>\n<\/span><span style=\"color: #0000ff;\">i znika z \u0142z\u0105 w oku.<\/span><\/em><\/p>\n<p><!--more-->Nastrojowych i radosnych<br \/>\n\u015bwi\u0105t Bo\u017cego Narodzenia,<br \/>\noraz samych szcz\u0119\u015bliwych zdarze\u0144<br \/>\nw nadchodz\u0105cym Nowym Roku 2015<\/p>\n<p>\u017cycz\u0105<\/p>\n<p>Szkoleniowcy i Zarz\u0105d Klubu<\/p>\n<p>&nbsp;<\/p>\n","protected":false},"excerpt":{"rendered":"<p>\u00a0Daj ludziom dary! Chod\u017a ju\u017c, Nowy Roku! Tak m\u00f3wi rok stary i znika z \u0142z\u0105 w oku.<\/p>\n","protected":false},"author":1,"featured_media":316,"comment_status":"closed","ping_status":"closed","sticky":false,"template":"","format":"standard","meta":{"ngg_post_thumbnail":0,"footnotes":""},"categories":[4],"tags":[],"class_list":["post-51","post","type-post","status-publish","format-standard","has-post-thumbnail","hentry","category-news"],"featured_image_url":{"thumbnail":"http:\/\/wisla.skoczow.pl\/wp-content\/uploads\/2014\/11\/\u017cyczenia-\u015bwi\u0105teczne-i-noworoczne-150x150.jpg","medium":"http:\/\/wisla.skoczow.pl\/wp-content\/uploads\/2014\/11\/\u017cyczenia-\u015bwi\u0105teczne-i-noworoczne-300x225.jpg","medium_large":"http:\/\/wisla.skoczow.pl\/wp-content\/uploads\/2014\/11\/\u017cyczenia-\u015bwi\u0105teczne-i-noworoczne.jpg","large":"http:\/\/wisla.skoczow.pl\/wp-content\/uploads\/2014\/11\/\u017cyczenia-\u015bwi\u0105teczne-i-noworoczne.jpg","1536x1536":"http:\/\/wisla.skoczow.pl\/wp-content\/uploads\/2014\/11\/\u017cyczenia-\u015bwi\u0105teczne-i-noworoczne.jpg","2048x2048":"http:\/\/wisla.skoczow.pl\/wp-content\/uploads\/2014\/11\/\u017cyczenia-\u015bwi\u0105teczne-i-noworoczne.jpg","sportspress-crop-medium":"http:\/\/wisla.skoczow.pl\/wp-content\/uploads\/2014\/11\/\u017cyczenia-\u015bwi\u0105teczne-i-noworoczne.jpg","sportspress-fit-medium":"http:\/\/wisla.skoczow.pl\/wp-content\/uploads\/2014\/11\/\u017cyczenia-\u015bwi\u0105teczne-i-noworoczne.jpg","sportspress-fit-icon":"http:\/\/wisla.skoczow.pl\/wp-content\/uploads\/2014\/11\/\u017cyczenia-\u015bwi\u0105teczne-i-noworoczne.jpg","sportspress-fit-mini":"http:\/\/wisla.skoczow.pl\/wp-content\/uploads\/2014\/11\/\u017cyczenia-\u015bwi\u0105teczne-i-noworoczne.jpg"},"post_author":"admin","assigned_categories":"Aktualno\u015bci","_links":{"self":[{"href":"http:\/\/wisla.skoczow.pl\/index.php?rest_route=\/wp\/v2\/posts\/51","targetHints":{"allow":["GET"]}}],"collection":[{"href":"http:\/\/wisla.skoczow.pl\/index.php?rest_route=\/wp\/v2\/posts"}],"about":[{"href":"http:\/\/wisla.skoczow.pl\/index.php?rest_route=\/wp\/v2\/types\/post"}],"author":[{"embeddable":true,"href":"http:\/\/wisla.skoczow.pl\/index.php?rest_route=\/wp\/v2\/users\/1"}],"replies":[{"embeddable":true,"href":"http:\/\/wisla.skoczow.pl\/index.php?rest_route=%2Fwp%2Fv2%2Fcomments&post=51"}],"version-history":[{"count":9,"href":"http:\/\/wisla.skoczow.pl\/index.php?rest_route=\/wp\/v2\/posts\/51\/revisions"}],"predecessor-version":[{"id":325,"href":"http:\/\/wisla.skoczow.pl\/index.php?rest_route=\/wp\/v2\/posts\/51\/revisions\/325"}],"wp:featuredmedia":[{"embeddable":true,"href":"http:\/\/wisla.skoczow.pl\/index.php?rest_route=\/wp\/v2\/media\/316"}],"wp:attachment":[{"href":"http:\/\/wisla.skoczow.pl\/index.php?rest_route=%2Fwp%2Fv2%2Fmedia&parent=51"}],"wp:term":[{"taxonomy":"category","embeddable":true,"href":"http:\/\/wisla.skoczow.pl\/index.php?rest_route=%2Fwp%2Fv2%2Fcategories&post=51"},{"taxonomy":"post_tag","embeddable":true,"href":"http:\/\/wisla.skoczow.pl\/index.php?rest_route=%2Fwp%2Fv2%2Ftags&post=51"}],"curies":[{"name":"wp","href":"https:\/\/api.w.org\/{rel}","templated":true}]}}