{"id":55,"date":"2015-01-18T14:07:26","date_gmt":"2015-01-18T13:07:26","guid":{"rendered":"http:\/\/localhost\/wp\/?p=55"},"modified":"2022-01-23T19:15:14","modified_gmt":"2022-01-23T18:15:14","slug":"liii-yea-yea-yea","status":"publish","type":"post","link":"http:\/\/wisla.skoczow.pl\/?p=55","title":{"rendered":"Trzyniec &#8211; kolejna mi\u0119dzynarod\u00f3wka."},"content":{"rendered":"<p>To ju\u017c pi\u0105ta edycja halowego mi\u0119dzynarodowego turnieju w Trzy\u0144cu.<br \/>\n<!--more-->Tak si\u0119 z\u0142o\u017cy\u0142o, \u017ce zawodniczki &#8222;Wis\u0142y&#8221; dotychczas uczestniczy\u0142y we wszystkich ods\u0142onach turniejowych, a w drugiej edycji w roku 2011 zdyby\u0142y g\u0142\u00f3wne trofeum pokonuj\u0105c 11 zespo\u0142\u00f3w z Czech i S\u0142owacji. W tym roku turniej odby\u0142 si\u0119 pod patronatem firmy Zina i ma nazw\u0119 &#8222;ZINA\u00a0CUP&#8221;. W sobot\u0119 17 stycznia w trzynieckiej hali dziewcz\u0119ta rozegra\u0142y kilka spotka\u0144. W tej edycji zawodniczki Wis\u0142y zaj\u0119\u0142y 9 miejsce w\u015br\u00f3d 13 zespo\u0142\u00f3w. Nie by\u0142o \u0142atwo, przeciwniczki ze S\u0142owacji i Czech reprezentowa\u0142y wysoki poziom. Dziewcz\u0119ta jednak prowadzi\u0142y r\u00f3wnorz\u0119dn\u0105 gr\u0119 co przek\u0142ada\u0142o si\u0119 na ma\u0142\u0105 strat\u0119 bramkow\u0105. Wynik pozostawia wiele do \u017cyczenia, ale jak Trenerzy podsumowali &#8211; &#8222;ka\u017cda lekcja jest wa\u017cna i nale\u017cy z niej wyci\u0105ga\u0107 wnioski&#8221;.<\/p>\n<p>Kadara: Suchy &#8211; Dudek,Niemiec,Balas,Jarosz &#8211; Siwy,Szo\u0142dra,Szczotka,Pokomeda,Iskrzycka &#8211; Gabzdyl,Adamek<\/p>\n","protected":false},"excerpt":{"rendered":"<p>To ju\u017c pi\u0105ta edycja halowego mi\u0119dzynarodowego turnieju w Trzy\u0144cu.<\/p>\n","protected":false},"author":1,"featured_media":323,"comment_status":"closed","ping_status":"closed","sticky":false,"template":"","format":"standard","meta":{"ngg_post_thumbnail":0,"footnotes":""},"categories":[4],"tags":[],"class_list":["post-55","post","type-post","status-publish","format-standard","has-post-thumbnail","hentry","category-news"],"featured_image_url":{"thumbnail":"http:\/\/wisla.skoczow.pl\/wp-content\/uploads\/2014\/11\/PICT0138-150x150.jpg","medium":"http:\/\/wisla.skoczow.pl\/wp-content\/uploads\/2014\/11\/PICT0138-300x225.jpg","medium_large":"http:\/\/wisla.skoczow.pl\/wp-content\/uploads\/2014\/11\/PICT0138.jpg","large":"http:\/\/wisla.skoczow.pl\/wp-content\/uploads\/2014\/11\/PICT0138-1024x768.jpg","1536x1536":"http:\/\/wisla.skoczow.pl\/wp-content\/uploads\/2014\/11\/PICT0138.jpg","2048x2048":"http:\/\/wisla.skoczow.pl\/wp-content\/uploads\/2014\/11\/PICT0138.jpg","sportspress-crop-medium":"http:\/\/wisla.skoczow.pl\/wp-content\/uploads\/2014\/11\/PICT0138.jpg","sportspress-fit-medium":"http:\/\/wisla.skoczow.pl\/wp-content\/uploads\/2014\/11\/PICT0138.jpg","sportspress-fit-icon":"http:\/\/wisla.skoczow.pl\/wp-content\/uploads\/2014\/11\/PICT0138.jpg","sportspress-fit-mini":"http:\/\/wisla.skoczow.pl\/wp-content\/uploads\/2014\/11\/PICT0138.jpg"},"post_author":"admin","assigned_categories":"Aktualno\u015bci","_links":{"self":[{"href":"http:\/\/wisla.skoczow.pl\/index.php?rest_route=\/wp\/v2\/posts\/55","targetHints":{"allow":["GET"]}}],"collection":[{"href":"http:\/\/wisla.skoczow.pl\/index.php?rest_route=\/wp\/v2\/posts"}],"about":[{"href":"http:\/\/wisla.skoczow.pl\/index.php?rest_route=\/wp\/v2\/types\/post"}],"author":[{"embeddable":true,"href":"http:\/\/wisla.skoczow.pl\/index.php?rest_route=\/wp\/v2\/users\/1"}],"replies":[{"embeddable":true,"href":"http:\/\/wisla.skoczow.pl\/index.php?rest_route=%2Fwp%2Fv2%2Fcomments&post=55"}],"version-history":[{"count":5,"href":"http:\/\/wisla.skoczow.pl\/index.php?rest_route=\/wp\/v2\/posts\/55\/revisions"}],"predecessor-version":[{"id":324,"href":"http:\/\/wisla.skoczow.pl\/index.php?rest_route=\/wp\/v2\/posts\/55\/revisions\/324"}],"wp:featuredmedia":[{"embeddable":true,"href":"http:\/\/wisla.skoczow.pl\/index.php?rest_route=\/wp\/v2\/media\/323"}],"wp:attachment":[{"href":"http:\/\/wisla.skoczow.pl\/index.php?rest_route=%2Fwp%2Fv2%2Fmedia&parent=55"}],"wp:term":[{"taxonomy":"category","embeddable":true,"href":"http:\/\/wisla.skoczow.pl\/index.php?rest_route=%2Fwp%2Fv2%2Fcategories&post=55"},{"taxonomy":"post_tag","embeddable":true,"href":"http:\/\/wisla.skoczow.pl\/index.php?rest_route=%2Fwp%2Fv2%2Ftags&post=55"}],"curies":[{"name":"wp","href":"https:\/\/api.w.org\/{rel}","templated":true}]}}