{"id":56571,"date":"2025-02-10T21:58:14","date_gmt":"2025-02-10T20:58:14","guid":{"rendered":"http:\/\/wisla.skoczow.pl\/?p=56571"},"modified":"2025-02-22T00:25:55","modified_gmt":"2025-02-21T23:25:55","slug":"futsal-1-liga-kobiet","status":"publish","type":"post","link":"http:\/\/wisla.skoczow.pl\/?p=56571","title":{"rendered":"FUTSAL 1 Liga KOBIET &#8211; G\u0142og\u00f3wek"},"content":{"rendered":"\n<p class=\"has-lato-font-family has-normal-font-size\" style=\"line-height:1.1\">Zwyci\u0119stwo ze spor\u0105 doz\u0105 niedosytu. To by\u0142o trudne spotkanie. Od pocz\u0105tku byli\u015bmy bojowo nastawieni na zwyci\u0119stwo. Przeciwniczki jednak nie odpuszcza\u0142y. Pierwsz\u0105 bramk\u0119 zdobyli\u015bmy dopiero w 10 minucie spotkania. Skuteczno\u015b\u0107 w ataku pozostawia\u0142a wiele do \u017cyczenia &#8211; ten mecz mogli\u015bmy wygra\u0107 spokojnie z du\u017co wy\u017csz\u0105 zdobycz\u0105 bramkow\u0105. Wielu akcji nie zako\u0144czyli\u015bmy bramk\u0105, faktem jest \u017ce bramkarka gospodarzy by\u0142a w \u015bwietnej dyspozycji. Na w\u0142asne \u017cyczenie przy prowadzeniu 2:6 <a><\/a>pope\u0142nili\u015bmy b\u0142\u0119dy w obronie i zafundowali\u015bmy sobie horror w ko\u0144c\u00f3wce meczu. Jako zesp\u00f3\u0142 poczynili\u015bmy spory progres i czujemy si\u0119 mocniejsi. Przed nami dwa tygodnie do kolejnego zmagania i zrobimy wszystko by w kolejnym spotkaniu zdoby\u0107 3 punkty.<\/p>\n\n\n\n<p class=\"has-lato-font-family has-normal-font-size\" style=\"line-height:1.1\">Brawo dla dziewczyn<img loading=\"lazy\" decoding=\"async\" height=\"16\" width=\"16\" alt=\"\ud83d\udc99\" src=\"https:\/\/static.xx.fbcdn.net\/images\/emoji.php\/v9\/t6c\/1\/16\/1f499.png\"><img loading=\"lazy\" decoding=\"async\" height=\"16\" width=\"16\" alt=\"\u2764\" src=\"https:\/\/static.xx.fbcdn.net\/images\/emoji.php\/v9\/t6c\/1\/16\/2764.png\"><img loading=\"lazy\" decoding=\"async\" height=\"16\" width=\"16\" alt=\"\ud83d\udc9b\" src=\"https:\/\/static.xx.fbcdn.net\/images\/emoji.php\/v9\/t15\/1\/16\/1f49b.png\">, poczyni\u0142y kolejny krok w stron\u0119 podium &#8211; 3 punkty wracaj\u0105 do Skoczowa i to jest najwa\u017cniejsze.<\/p>\n\n\n\n<figure class=\"wp-block-image aligncenter size-full\"><a href=\"http:\/\/wisla.skoczow.pl\/wp-content\/uploads\/2025\/02\/477001254_1182479000549298_5500973800642399520_n.jpg\"><img loading=\"lazy\" decoding=\"async\" width=\"800\" height=\"600\" src=\"http:\/\/wisla.skoczow.pl\/wp-content\/uploads\/2025\/02\/477001254_1182479000549298_5500973800642399520_n.jpg\" alt=\"\" class=\"wp-image-56573\" srcset=\"http:\/\/wisla.skoczow.pl\/wp-content\/uploads\/2025\/02\/477001254_1182479000549298_5500973800642399520_n.jpg 800w, http:\/\/wisla.skoczow.pl\/wp-content\/uploads\/2025\/02\/477001254_1182479000549298_5500973800642399520_n-300x225.jpg 300w, http:\/\/wisla.skoczow.pl\/wp-content\/uploads\/2025\/02\/477001254_1182479000549298_5500973800642399520_n-768x576.jpg 768w, http:\/\/wisla.skoczow.pl\/wp-content\/uploads\/2025\/02\/477001254_1182479000549298_5500973800642399520_n-128x96.jpg 128w, http:\/\/wisla.skoczow.pl\/wp-content\/uploads\/2025\/02\/477001254_1182479000549298_5500973800642399520_n-32x24.jpg 32w\" sizes=\"auto, (max-width: 800px) 100vw, 800px\" \/><\/a><\/figure>\n","protected":false},"excerpt":{"rendered":"<p>Zwyci\u0119stwo ze spor\u0105 doz\u0105 niedosytu. To by\u0142o trudne spotkanie. Od pocz\u0105tku byli\u015bmy bojowo nastawieni na zwyci\u0119stwo. Przeciwniczki jednak nie odpuszcza\u0142y. Pierwsz\u0105 bramk\u0119 zdobyli\u015bmy dopiero w 10 minucie spotkania. Skuteczno\u015b\u0107 w ataku pozostawia\u0142a wiele do \u017cyczenia &#8211; ten mecz mogli\u015bmy wygra\u0107 spokojnie z du\u017co wy\u017csz\u0105 zdobycz\u0105 bramkow\u0105. Wielu akcji nie zako\u0144czyli\u015bmy bramk\u0105, faktem jest \u017ce bramkarka [&hellip;]<\/p>\n","protected":false},"author":1,"featured_media":56572,"comment_status":"closed","ping_status":"closed","sticky":false,"template":"","format":"standard","meta":{"ngg_post_thumbnail":0,"footnotes":""},"categories":[4,55],"tags":[],"class_list":["post-56571","post","type-post","status-publish","format-standard","has-post-thumbnail","hentry","category-news","category-pilkarki"],"featured_image_url":{"thumbnail":"http:\/\/wisla.skoczow.pl\/wp-content\/uploads\/2025\/02\/476834098_1182986340498564_8185966823697954988_n-150x150.jpg","medium":"http:\/\/wisla.skoczow.pl\/wp-content\/uploads\/2025\/02\/476834098_1182986340498564_8185966823697954988_n-300x300.jpg","medium_large":"http:\/\/wisla.skoczow.pl\/wp-content\/uploads\/2025\/02\/476834098_1182986340498564_8185966823697954988_n.jpg","large":"http:\/\/wisla.skoczow.pl\/wp-content\/uploads\/2025\/02\/476834098_1182986340498564_8185966823697954988_n.jpg","1536x1536":"http:\/\/wisla.skoczow.pl\/wp-content\/uploads\/2025\/02\/476834098_1182986340498564_8185966823697954988_n.jpg","2048x2048":"http:\/\/wisla.skoczow.pl\/wp-content\/uploads\/2025\/02\/476834098_1182986340498564_8185966823697954988_n.jpg","sportspress-crop-medium":"http:\/\/wisla.skoczow.pl\/wp-content\/uploads\/2025\/02\/476834098_1182986340498564_8185966823697954988_n-300x300.jpg","sportspress-fit-medium":"http:\/\/wisla.skoczow.pl\/wp-content\/uploads\/2025\/02\/476834098_1182986340498564_8185966823697954988_n-300x300.jpg","sportspress-fit-icon":"http:\/\/wisla.skoczow.pl\/wp-content\/uploads\/2025\/02\/476834098_1182986340498564_8185966823697954988_n-128x128.jpg","sportspress-fit-mini":"http:\/\/wisla.skoczow.pl\/wp-content\/uploads\/2025\/02\/476834098_1182986340498564_8185966823697954988_n-32x32.jpg"},"post_author":"admin","assigned_categories":"Aktualno\u015bci, Pi\u0142karki","_links":{"self":[{"href":"http:\/\/wisla.skoczow.pl\/index.php?rest_route=\/wp\/v2\/posts\/56571","targetHints":{"allow":["GET"]}}],"collection":[{"href":"http:\/\/wisla.skoczow.pl\/index.php?rest_route=\/wp\/v2\/posts"}],"about":[{"href":"http:\/\/wisla.skoczow.pl\/index.php?rest_route=\/wp\/v2\/types\/post"}],"author":[{"embeddable":true,"href":"http:\/\/wisla.skoczow.pl\/index.php?rest_route=\/wp\/v2\/users\/1"}],"replies":[{"embeddable":true,"href":"http:\/\/wisla.skoczow.pl\/index.php?rest_route=%2Fwp%2Fv2%2Fcomments&post=56571"}],"version-history":[{"count":3,"href":"http:\/\/wisla.skoczow.pl\/index.php?rest_route=\/wp\/v2\/posts\/56571\/revisions"}],"predecessor-version":[{"id":56603,"href":"http:\/\/wisla.skoczow.pl\/index.php?rest_route=\/wp\/v2\/posts\/56571\/revisions\/56603"}],"wp:featuredmedia":[{"embeddable":true,"href":"http:\/\/wisla.skoczow.pl\/index.php?rest_route=\/wp\/v2\/media\/56572"}],"wp:attachment":[{"href":"http:\/\/wisla.skoczow.pl\/index.php?rest_route=%2Fwp%2Fv2%2Fmedia&parent=56571"}],"wp:term":[{"taxonomy":"category","embeddable":true,"href":"http:\/\/wisla.skoczow.pl\/index.php?rest_route=%2Fwp%2Fv2%2Fcategories&post=56571"},{"taxonomy":"post_tag","embeddable":true,"href":"http:\/\/wisla.skoczow.pl\/index.php?rest_route=%2Fwp%2Fv2%2Ftags&post=56571"}],"curies":[{"name":"wp","href":"https:\/\/api.w.org\/{rel}","templated":true}]}}