{"id":56866,"date":"2025-04-02T10:37:00","date_gmt":"2025-04-02T09:37:00","guid":{"rendered":"http:\/\/wisla.skoczow.pl\/?p=56866"},"modified":"2025-03-31T21:46:08","modified_gmt":"2025-03-31T20:46:08","slug":"terminarz-05-04-2025","status":"publish","type":"post","link":"http:\/\/wisla.skoczow.pl\/?p=56866","title":{"rendered":"Terminarz 05.04.2025"},"content":{"rendered":"\n<p class=\"has-lato-font-family has-normal-font-size\" style=\"line-height:1.1\">W najbli\u017cszy weekend sw\u00f3j mecz rozegraj\u0105 m\u0142odziczki U13, kt\u00f3re podejm\u0105 zesp\u00f3\u0142 UKS Dw\u00f3jka Kozy. <br>Obecnie nasze zawodniczki s\u0105 wiceliderem w tabeli \u015aLM, a przeciwniczki zajmuj\u0105 3 miejsce.<br>Zesp\u00f3\u0142 U16 w tej kolejce pauzuje. <\/p>\n\n\n\n<figure class=\"wp-block-image aligncenter size-large is-resized\"><a href=\"http:\/\/wisla.skoczow.pl\/wp-content\/uploads\/2025\/03\/Kopia-\u2013-White-Green-Orange-Modern-Abstract-Brush-Football-Match-Day-Instagram-Post-3.png\"><img loading=\"lazy\" decoding=\"async\" width=\"1024\" height=\"1024\" src=\"http:\/\/wisla.skoczow.pl\/wp-content\/uploads\/2025\/03\/Kopia-\u2013-White-Green-Orange-Modern-Abstract-Brush-Football-Match-Day-Instagram-Post-3-1024x1024.png\" alt=\"\" class=\"wp-image-56867\" style=\"width:468px;height:auto\" srcset=\"http:\/\/wisla.skoczow.pl\/wp-content\/uploads\/2025\/03\/Kopia-\u2013-White-Green-Orange-Modern-Abstract-Brush-Football-Match-Day-Instagram-Post-3-1024x1024.png 1024w, http:\/\/wisla.skoczow.pl\/wp-content\/uploads\/2025\/03\/Kopia-\u2013-White-Green-Orange-Modern-Abstract-Brush-Football-Match-Day-Instagram-Post-3-300x300.png 300w, http:\/\/wisla.skoczow.pl\/wp-content\/uploads\/2025\/03\/Kopia-\u2013-White-Green-Orange-Modern-Abstract-Brush-Football-Match-Day-Instagram-Post-3-150x150.png 150w, http:\/\/wisla.skoczow.pl\/wp-content\/uploads\/2025\/03\/Kopia-\u2013-White-Green-Orange-Modern-Abstract-Brush-Football-Match-Day-Instagram-Post-3-768x768.png 768w, http:\/\/wisla.skoczow.pl\/wp-content\/uploads\/2025\/03\/Kopia-\u2013-White-Green-Orange-Modern-Abstract-Brush-Football-Match-Day-Instagram-Post-3-128x128.png 128w, http:\/\/wisla.skoczow.pl\/wp-content\/uploads\/2025\/03\/Kopia-\u2013-White-Green-Orange-Modern-Abstract-Brush-Football-Match-Day-Instagram-Post-3-32x32.png 32w, http:\/\/wisla.skoczow.pl\/wp-content\/uploads\/2025\/03\/Kopia-\u2013-White-Green-Orange-Modern-Abstract-Brush-Football-Match-Day-Instagram-Post-3.png 1080w\" sizes=\"auto, (max-width: 1024px) 100vw, 1024px\" \/><\/a><\/figure>\n","protected":false},"excerpt":{"rendered":"<p>W najbli\u017cszy weekend sw\u00f3j mecz rozegraj\u0105 m\u0142odziczki U13, kt\u00f3re podejm\u0105 zesp\u00f3\u0142 UKS Dw\u00f3jka Kozy. Obecnie nasze zawodniczki s\u0105 wiceliderem w tabeli \u015aLM, a przeciwniczki zajmuj\u0105 3 miejsce.Zesp\u00f3\u0142 U16 w tej kolejce pauzuje.<\/p>\n","protected":false},"author":1,"featured_media":56589,"comment_status":"closed","ping_status":"","sticky":false,"template":"","format":"standard","meta":{"ngg_post_thumbnail":0,"footnotes":""},"categories":[4],"tags":[],"class_list":["post-56866","post","type-post","status-publish","format-standard","has-post-thumbnail","hentry","category-news"],"featured_image_url":{"thumbnail":"http:\/\/wisla.skoczow.pl\/wp-content\/uploads\/2024\/11\/terminasz-slzpn-150x150.jpg","medium":"http:\/\/wisla.skoczow.pl\/wp-content\/uploads\/2024\/11\/terminasz-slzpn-300x300.jpg","medium_large":"http:\/\/wisla.skoczow.pl\/wp-content\/uploads\/2024\/11\/terminasz-slzpn-768x768.jpg","large":"http:\/\/wisla.skoczow.pl\/wp-content\/uploads\/2024\/11\/terminasz-slzpn-1024x1024.jpg","1536x1536":"http:\/\/wisla.skoczow.pl\/wp-content\/uploads\/2024\/11\/terminasz-slzpn-1536x1536.jpg","2048x2048":"http:\/\/wisla.skoczow.pl\/wp-content\/uploads\/2024\/11\/terminasz-slzpn.jpg","sportspress-crop-medium":"http:\/\/wisla.skoczow.pl\/wp-content\/uploads\/2024\/11\/terminasz-slzpn-300x300.jpg","sportspress-fit-medium":"http:\/\/wisla.skoczow.pl\/wp-content\/uploads\/2024\/11\/terminasz-slzpn-300x300.jpg","sportspress-fit-icon":"http:\/\/wisla.skoczow.pl\/wp-content\/uploads\/2024\/11\/terminasz-slzpn-128x128.jpg","sportspress-fit-mini":"http:\/\/wisla.skoczow.pl\/wp-content\/uploads\/2024\/11\/terminasz-slzpn-32x32.jpg"},"post_author":"admin","assigned_categories":"Aktualno\u015bci","_links":{"self":[{"href":"http:\/\/wisla.skoczow.pl\/index.php?rest_route=\/wp\/v2\/posts\/56866","targetHints":{"allow":["GET"]}}],"collection":[{"href":"http:\/\/wisla.skoczow.pl\/index.php?rest_route=\/wp\/v2\/posts"}],"about":[{"href":"http:\/\/wisla.skoczow.pl\/index.php?rest_route=\/wp\/v2\/types\/post"}],"author":[{"embeddable":true,"href":"http:\/\/wisla.skoczow.pl\/index.php?rest_route=\/wp\/v2\/users\/1"}],"replies":[{"embeddable":true,"href":"http:\/\/wisla.skoczow.pl\/index.php?rest_route=%2Fwp%2Fv2%2Fcomments&post=56866"}],"version-history":[{"count":1,"href":"http:\/\/wisla.skoczow.pl\/index.php?rest_route=\/wp\/v2\/posts\/56866\/revisions"}],"predecessor-version":[{"id":56868,"href":"http:\/\/wisla.skoczow.pl\/index.php?rest_route=\/wp\/v2\/posts\/56866\/revisions\/56868"}],"wp:featuredmedia":[{"embeddable":true,"href":"http:\/\/wisla.skoczow.pl\/index.php?rest_route=\/wp\/v2\/media\/56589"}],"wp:attachment":[{"href":"http:\/\/wisla.skoczow.pl\/index.php?rest_route=%2Fwp%2Fv2%2Fmedia&parent=56866"}],"wp:term":[{"taxonomy":"category","embeddable":true,"href":"http:\/\/wisla.skoczow.pl\/index.php?rest_route=%2Fwp%2Fv2%2Fcategories&post=56866"},{"taxonomy":"post_tag","embeddable":true,"href":"http:\/\/wisla.skoczow.pl\/index.php?rest_route=%2Fwp%2Fv2%2Ftags&post=56866"}],"curies":[{"name":"wp","href":"https:\/\/api.w.org\/{rel}","templated":true}]}}