{"id":56942,"date":"2025-04-18T10:31:02","date_gmt":"2025-04-18T09:31:02","guid":{"rendered":"https:\/\/wisla.skoczow.pl\/?p=56942"},"modified":"2025-04-18T10:31:02","modified_gmt":"2025-04-18T09:31:02","slug":"wesolych-swiat-6","status":"publish","type":"post","link":"http:\/\/wisla.skoczow.pl\/?p=56942","title":{"rendered":"Weso\u0142ych \u015awi\u0105t!"},"content":{"rendered":"\n<p class=\"has-lato-font-family has-normal-font-size\" style=\"line-height:1.1\">Z okazji zbli\u017caj\u0105cych si\u0119 \u015awi\u0105t Wielkanocnych Zarz\u0105d i Sztab szkoleniowy KKS \u201cWis\u0142a\u201d \u017cycz\u0105 wszystkim zawodniczkom, kibicom, sponsorom i sympatykom, a tak\u017ce rywalom z boiska \u2013 pogodnych, rodzinnych i spokojnych \u015awi\u0105t Wielkanocy! Du\u017co zdrowia, szcz\u0119\u015bcia, pomy\u015blno\u015bci i wielu sukces\u00f3w \u2013 przede wszystkim pi\u0142karskich, a tak\u017ce rado\u015bci ze zwyci\u0119stw i szybkiego zapominania pora\u017cek.<\/p>\n\n\n\n<figure class=\"wp-block-image aligncenter size-large\"><a href=\"https:\/\/wisla.skoczow.pl\/wp-content\/uploads\/2025\/04\/kartka-Welkanocna-22-1-1200x857-1.png\"><img loading=\"lazy\" decoding=\"async\" width=\"1024\" height=\"731\" src=\"https:\/\/wisla.skoczow.pl\/wp-content\/uploads\/2025\/04\/kartka-Welkanocna-22-1-1200x857-1-1024x731.png\" alt=\"\" class=\"wp-image-56943\" srcset=\"http:\/\/wisla.skoczow.pl\/wp-content\/uploads\/2025\/04\/kartka-Welkanocna-22-1-1200x857-1-1024x731.png 1024w, http:\/\/wisla.skoczow.pl\/wp-content\/uploads\/2025\/04\/kartka-Welkanocna-22-1-1200x857-1-300x214.png 300w, http:\/\/wisla.skoczow.pl\/wp-content\/uploads\/2025\/04\/kartka-Welkanocna-22-1-1200x857-1-768x548.png 768w, http:\/\/wisla.skoczow.pl\/wp-content\/uploads\/2025\/04\/kartka-Welkanocna-22-1-1200x857-1-128x91.png 128w, http:\/\/wisla.skoczow.pl\/wp-content\/uploads\/2025\/04\/kartka-Welkanocna-22-1-1200x857-1-32x23.png 32w, http:\/\/wisla.skoczow.pl\/wp-content\/uploads\/2025\/04\/kartka-Welkanocna-22-1-1200x857-1.png 1200w\" sizes=\"auto, (max-width: 1024px) 100vw, 1024px\" \/><\/a><\/figure>\n","protected":false},"excerpt":{"rendered":"<p>Z okazji zbli\u017caj\u0105cych si\u0119 \u015awi\u0105t Wielkanocnych Zarz\u0105d i Sztab szkoleniowy KKS \u201cWis\u0142a\u201d \u017cycz\u0105 wszystkim zawodniczkom, kibicom, sponsorom i sympatykom, a tak\u017ce rywalom z boiska \u2013 pogodnych, rodzinnych i spokojnych \u015awi\u0105t Wielkanocy! Du\u017co zdrowia, szcz\u0119\u015bcia, pomy\u015blno\u015bci i wielu sukces\u00f3w \u2013 przede wszystkim pi\u0142karskich, a tak\u017ce rado\u015bci ze zwyci\u0119stw i szybkiego zapominania pora\u017cek.<\/p>\n","protected":false},"author":1,"featured_media":56943,"comment_status":"closed","ping_status":"","sticky":false,"template":"","format":"standard","meta":{"ngg_post_thumbnail":0,"footnotes":""},"categories":[4,55],"tags":[],"class_list":["post-56942","post","type-post","status-publish","format-standard","has-post-thumbnail","hentry","category-news","category-pilkarki"],"featured_image_url":{"thumbnail":"http:\/\/wisla.skoczow.pl\/wp-content\/uploads\/2025\/04\/kartka-Welkanocna-22-1-1200x857-1-150x150.png","medium":"http:\/\/wisla.skoczow.pl\/wp-content\/uploads\/2025\/04\/kartka-Welkanocna-22-1-1200x857-1-300x214.png","medium_large":"http:\/\/wisla.skoczow.pl\/wp-content\/uploads\/2025\/04\/kartka-Welkanocna-22-1-1200x857-1-768x548.png","large":"http:\/\/wisla.skoczow.pl\/wp-content\/uploads\/2025\/04\/kartka-Welkanocna-22-1-1200x857-1-1024x731.png","1536x1536":"http:\/\/wisla.skoczow.pl\/wp-content\/uploads\/2025\/04\/kartka-Welkanocna-22-1-1200x857-1.png","2048x2048":"http:\/\/wisla.skoczow.pl\/wp-content\/uploads\/2025\/04\/kartka-Welkanocna-22-1-1200x857-1.png","sportspress-crop-medium":"http:\/\/wisla.skoczow.pl\/wp-content\/uploads\/2025\/04\/kartka-Welkanocna-22-1-1200x857-1-300x300.png","sportspress-fit-medium":"http:\/\/wisla.skoczow.pl\/wp-content\/uploads\/2025\/04\/kartka-Welkanocna-22-1-1200x857-1-300x214.png","sportspress-fit-icon":"http:\/\/wisla.skoczow.pl\/wp-content\/uploads\/2025\/04\/kartka-Welkanocna-22-1-1200x857-1-128x91.png","sportspress-fit-mini":"http:\/\/wisla.skoczow.pl\/wp-content\/uploads\/2025\/04\/kartka-Welkanocna-22-1-1200x857-1-32x23.png"},"post_author":"admin","assigned_categories":"Aktualno\u015bci, Pi\u0142karki","_links":{"self":[{"href":"http:\/\/wisla.skoczow.pl\/index.php?rest_route=\/wp\/v2\/posts\/56942","targetHints":{"allow":["GET"]}}],"collection":[{"href":"http:\/\/wisla.skoczow.pl\/index.php?rest_route=\/wp\/v2\/posts"}],"about":[{"href":"http:\/\/wisla.skoczow.pl\/index.php?rest_route=\/wp\/v2\/types\/post"}],"author":[{"embeddable":true,"href":"http:\/\/wisla.skoczow.pl\/index.php?rest_route=\/wp\/v2\/users\/1"}],"replies":[{"embeddable":true,"href":"http:\/\/wisla.skoczow.pl\/index.php?rest_route=%2Fwp%2Fv2%2Fcomments&post=56942"}],"version-history":[{"count":1,"href":"http:\/\/wisla.skoczow.pl\/index.php?rest_route=\/wp\/v2\/posts\/56942\/revisions"}],"predecessor-version":[{"id":56944,"href":"http:\/\/wisla.skoczow.pl\/index.php?rest_route=\/wp\/v2\/posts\/56942\/revisions\/56944"}],"wp:featuredmedia":[{"embeddable":true,"href":"http:\/\/wisla.skoczow.pl\/index.php?rest_route=\/wp\/v2\/media\/56943"}],"wp:attachment":[{"href":"http:\/\/wisla.skoczow.pl\/index.php?rest_route=%2Fwp%2Fv2%2Fmedia&parent=56942"}],"wp:term":[{"taxonomy":"category","embeddable":true,"href":"http:\/\/wisla.skoczow.pl\/index.php?rest_route=%2Fwp%2Fv2%2Fcategories&post=56942"},{"taxonomy":"post_tag","embeddable":true,"href":"http:\/\/wisla.skoczow.pl\/index.php?rest_route=%2Fwp%2Fv2%2Ftags&post=56942"}],"curies":[{"name":"wp","href":"https:\/\/api.w.org\/{rel}","templated":true}]}}