{"id":56968,"date":"2025-04-29T12:23:47","date_gmt":"2025-04-29T11:23:47","guid":{"rendered":"http:\/\/wisla.skoczow.pl\/?p=56968"},"modified":"2025-05-01T12:30:53","modified_gmt":"2025-05-01T11:30:53","slug":"charytatywnie-dla-rodziny-pasternych","status":"publish","type":"post","link":"http:\/\/wisla.skoczow.pl\/?p=56968","title":{"rendered":"CHARYTATYWNIE DLA RODZINY PASTERNYCH"},"content":{"rendered":"\n<p><img loading=\"lazy\" decoding=\"async\" height=\"16\" width=\"16\" alt=\"\ud83c\udfaf\" src=\"https:\/\/static.xx.fbcdn.net\/images\/emoji.php\/v9\/tb0\/1\/16\/1f3af.png\"> Niech dobro zagra pierwsze skrzypce \u2013 a w\u0142a\u015bciwie\u2026 pierwsz\u0105 pi\u0142k\u0119! <img loading=\"lazy\" decoding=\"async\" height=\"16\" width=\"16\" alt=\"\u26bd\" src=\"https:\/\/static.xx.fbcdn.net\/images\/emoji.php\/v9\/taf\/1\/16\/26bd.png\"><img loading=\"lazy\" decoding=\"async\" height=\"16\" width=\"16\" alt=\"\ud83d\udca5\" src=\"https:\/\/static.xx.fbcdn.net\/images\/emoji.php\/v9\/t40\/1\/16\/1f4a5.png\"><\/p>\n\n\n\n<p><img loading=\"lazy\" decoding=\"async\" height=\"16\" width=\"16\" alt=\"\ud83d\udd25\" src=\"https:\/\/static.xx.fbcdn.net\/images\/emoji.php\/v9\/t50\/1\/16\/1f525.png\"><img loading=\"lazy\" decoding=\"async\" height=\"16\" width=\"16\" alt=\"\u26bd\" src=\"https:\/\/static.xx.fbcdn.net\/images\/emoji.php\/v9\/taf\/1\/16\/26bd.png\"> Stra\u017cacy vs Dziewczyny \u2013 Mecz Charytatywny! <img loading=\"lazy\" decoding=\"async\" height=\"16\" width=\"16\" alt=\"\u26bd\" src=\"https:\/\/static.xx.fbcdn.net\/images\/emoji.php\/v9\/taf\/1\/16\/26bd.png\"><img loading=\"lazy\" decoding=\"async\" height=\"16\" width=\"16\" alt=\"\ud83d\udd25\" src=\"https:\/\/static.xx.fbcdn.net\/images\/emoji.php\/v9\/t50\/1\/16\/1f525.png\"><\/p>\n\n\n\n<p>Ju\u017c 1 maja 2025 o godz. 16:00 spotykamy si\u0119 na Boisku Szkolnym w G\u00f3rkach Wielkich!<\/p>\n\n\n\n<p>Czeka nas wyj\u0105tkowe wydarzenie \u2013 pe\u0142ne emocji, rywalizacji i dobrego serca <img loading=\"lazy\" decoding=\"async\" height=\"16\" width=\"16\" alt=\"\ud83d\udc93\" src=\"https:\/\/static.xx.fbcdn.net\/images\/emoji.php\/v9\/t66\/1\/16\/1f493.png\"><\/p>\n\n\n\n<p><img loading=\"lazy\" decoding=\"async\" height=\"16\" width=\"16\" alt=\"\ud83d\udc69\u200d\ud83d\ude92\" src=\"https:\/\/static.xx.fbcdn.net\/images\/emoji.php\/v9\/td3\/1\/16\/1f469_200d_1f692.png\"> St<a><\/a>ra\u017cacy podejm\u0105 na murawie dru\u017cyn\u0119 Dziewczyn z KKS &#8222;Wis\u0142a&#8221; Skocz\u00f3w!<\/p>\n\n\n\n<p>Ca\u0142y doch\u00f3d z meczu zostanie przeznaczony na wsparcie pogorzelc\u00f3w \u2013 rodziny Pasternych <img loading=\"lazy\" decoding=\"async\" height=\"16\" width=\"16\" alt=\"\ud83c\udfe1\" src=\"https:\/\/static.xx.fbcdn.net\/images\/emoji.php\/v9\/t77\/1\/16\/1f3e1.png\"><img loading=\"lazy\" decoding=\"async\" height=\"16\" width=\"16\" alt=\"\u2764\ufe0f\" src=\"https:\/\/static.xx.fbcdn.net\/images\/emoji.php\/v9\/t6c\/1\/16\/2764.png\"><\/p>\n\n\n\n<p><img loading=\"lazy\" decoding=\"async\" height=\"16\" width=\"16\" alt=\"\ud83c\udf89\" src=\"https:\/\/static.xx.fbcdn.net\/images\/emoji.php\/v9\/t8c\/1\/16\/1f389.png\"> W programie:<\/p>\n\n\n\n<p><img loading=\"lazy\" decoding=\"async\" height=\"16\" width=\"16\" alt=\"\ud83c\udf54\" src=\"https:\/\/static.xx.fbcdn.net\/images\/emoji.php\/v9\/t2a\/1\/16\/1f354.png\"> Ma\u0142a gastronomia nad Brennic\u0105 w o\u015brodku &#8222;Pod Brandysym&#8221;<\/p>\n\n\n\n<p><img loading=\"lazy\" decoding=\"async\" height=\"16\" width=\"16\" alt=\"\ud83d\ude92\" src=\"https:\/\/static.xx.fbcdn.net\/images\/emoji.php\/v9\/t67\/1\/16\/1f692.png\"> Pokaz wozu bojowego i sprz\u0119tu ga\u015bniczego<\/p>\n\n\n\n<p>Wpadnij z rodzin\u0105, kibicuj, baw si\u0119 dobrze i pom\u00f3\u017c potrzebuj\u0105cym! <img loading=\"lazy\" decoding=\"async\" height=\"16\" width=\"16\" alt=\"\ud83d\ude4c\" src=\"https:\/\/static.xx.fbcdn.net\/images\/emoji.php\/v9\/tfd\/1\/16\/1f64c.png\"><\/p>\n\n\n\n<figure class=\"wp-block-image aligncenter size-large\"><a href=\"http:\/\/wisla.skoczow.pl\/wp-content\/uploads\/2025\/05\/491232725_1251269037003627_4652498034600961802_n.jpg\"><img loading=\"lazy\" decoding=\"async\" width=\"726\" height=\"1024\" src=\"http:\/\/wisla.skoczow.pl\/wp-content\/uploads\/2025\/05\/491232725_1251269037003627_4652498034600961802_n-726x1024.jpg\" alt=\"\" class=\"wp-image-56969\" srcset=\"http:\/\/wisla.skoczow.pl\/wp-content\/uploads\/2025\/05\/491232725_1251269037003627_4652498034600961802_n-726x1024.jpg 726w, http:\/\/wisla.skoczow.pl\/wp-content\/uploads\/2025\/05\/491232725_1251269037003627_4652498034600961802_n-213x300.jpg 213w, http:\/\/wisla.skoczow.pl\/wp-content\/uploads\/2025\/05\/491232725_1251269037003627_4652498034600961802_n-768x1083.jpg 768w, http:\/\/wisla.skoczow.pl\/wp-content\/uploads\/2025\/05\/491232725_1251269037003627_4652498034600961802_n-1089x1536.jpg 1089w, http:\/\/wisla.skoczow.pl\/wp-content\/uploads\/2025\/05\/491232725_1251269037003627_4652498034600961802_n-91x128.jpg 91w, http:\/\/wisla.skoczow.pl\/wp-content\/uploads\/2025\/05\/491232725_1251269037003627_4652498034600961802_n-23x32.jpg 23w, http:\/\/wisla.skoczow.pl\/wp-content\/uploads\/2025\/05\/491232725_1251269037003627_4652498034600961802_n.jpg 1354w\" sizes=\"auto, (max-width: 726px) 100vw, 726px\" \/><\/a><\/figure>\n","protected":false},"excerpt":{"rendered":"<p>Niech dobro zagra pierwsze skrzypce \u2013 a w\u0142a\u015bciwie\u2026 pierwsz\u0105 pi\u0142k\u0119! Stra\u017cacy vs Dziewczyny \u2013 Mecz Charytatywny! Ju\u017c 1 maja 2025 o godz. 16:00 spotykamy si\u0119 na Boisku Szkolnym w G\u00f3rkach Wielkich! Czeka nas wyj\u0105tkowe wydarzenie \u2013 pe\u0142ne emocji, rywalizacji i dobrego serca Stra\u017cacy podejm\u0105 na murawie dru\u017cyn\u0119 Dziewczyn z KKS &#8222;Wis\u0142a&#8221; Skocz\u00f3w! Ca\u0142y doch\u00f3d z [&hellip;]<\/p>\n","protected":false},"author":1,"featured_media":56969,"comment_status":"closed","ping_status":"closed","sticky":false,"template":"","format":"standard","meta":{"ngg_post_thumbnail":0,"footnotes":""},"categories":[4,55],"tags":[],"class_list":["post-56968","post","type-post","status-publish","format-standard","has-post-thumbnail","hentry","category-news","category-pilkarki"],"featured_image_url":{"thumbnail":"http:\/\/wisla.skoczow.pl\/wp-content\/uploads\/2025\/05\/491232725_1251269037003627_4652498034600961802_n-150x150.jpg","medium":"http:\/\/wisla.skoczow.pl\/wp-content\/uploads\/2025\/05\/491232725_1251269037003627_4652498034600961802_n-213x300.jpg","medium_large":"http:\/\/wisla.skoczow.pl\/wp-content\/uploads\/2025\/05\/491232725_1251269037003627_4652498034600961802_n-768x1083.jpg","large":"http:\/\/wisla.skoczow.pl\/wp-content\/uploads\/2025\/05\/491232725_1251269037003627_4652498034600961802_n-726x1024.jpg","1536x1536":"http:\/\/wisla.skoczow.pl\/wp-content\/uploads\/2025\/05\/491232725_1251269037003627_4652498034600961802_n-1089x1536.jpg","2048x2048":"http:\/\/wisla.skoczow.pl\/wp-content\/uploads\/2025\/05\/491232725_1251269037003627_4652498034600961802_n.jpg","sportspress-crop-medium":"http:\/\/wisla.skoczow.pl\/wp-content\/uploads\/2025\/05\/491232725_1251269037003627_4652498034600961802_n-300x300.jpg","sportspress-fit-medium":"http:\/\/wisla.skoczow.pl\/wp-content\/uploads\/2025\/05\/491232725_1251269037003627_4652498034600961802_n-213x300.jpg","sportspress-fit-icon":"http:\/\/wisla.skoczow.pl\/wp-content\/uploads\/2025\/05\/491232725_1251269037003627_4652498034600961802_n-91x128.jpg","sportspress-fit-mini":"http:\/\/wisla.skoczow.pl\/wp-content\/uploads\/2025\/05\/491232725_1251269037003627_4652498034600961802_n-23x32.jpg"},"post_author":"admin","assigned_categories":"Aktualno\u015bci, Pi\u0142karki","_links":{"self":[{"href":"http:\/\/wisla.skoczow.pl\/index.php?rest_route=\/wp\/v2\/posts\/56968","targetHints":{"allow":["GET"]}}],"collection":[{"href":"http:\/\/wisla.skoczow.pl\/index.php?rest_route=\/wp\/v2\/posts"}],"about":[{"href":"http:\/\/wisla.skoczow.pl\/index.php?rest_route=\/wp\/v2\/types\/post"}],"author":[{"embeddable":true,"href":"http:\/\/wisla.skoczow.pl\/index.php?rest_route=\/wp\/v2\/users\/1"}],"replies":[{"embeddable":true,"href":"http:\/\/wisla.skoczow.pl\/index.php?rest_route=%2Fwp%2Fv2%2Fcomments&post=56968"}],"version-history":[{"count":1,"href":"http:\/\/wisla.skoczow.pl\/index.php?rest_route=\/wp\/v2\/posts\/56968\/revisions"}],"predecessor-version":[{"id":56970,"href":"http:\/\/wisla.skoczow.pl\/index.php?rest_route=\/wp\/v2\/posts\/56968\/revisions\/56970"}],"wp:featuredmedia":[{"embeddable":true,"href":"http:\/\/wisla.skoczow.pl\/index.php?rest_route=\/wp\/v2\/media\/56969"}],"wp:attachment":[{"href":"http:\/\/wisla.skoczow.pl\/index.php?rest_route=%2Fwp%2Fv2%2Fmedia&parent=56968"}],"wp:term":[{"taxonomy":"category","embeddable":true,"href":"http:\/\/wisla.skoczow.pl\/index.php?rest_route=%2Fwp%2Fv2%2Fcategories&post=56968"},{"taxonomy":"post_tag","embeddable":true,"href":"http:\/\/wisla.skoczow.pl\/index.php?rest_route=%2Fwp%2Fv2%2Ftags&post=56968"}],"curies":[{"name":"wp","href":"https:\/\/api.w.org\/{rel}","templated":true}]}}