{"id":56994,"date":"2025-04-29T09:52:00","date_gmt":"2025-04-29T08:52:00","guid":{"rendered":"http:\/\/wisla.skoczow.pl\/?p=56994"},"modified":"2025-05-01T12:56:18","modified_gmt":"2025-05-01T11:56:18","slug":"liga-zaka-orliczki-mecz-drugiej-kolejki","status":"publish","type":"post","link":"http:\/\/wisla.skoczow.pl\/?p=56994","title":{"rendered":"Liga \u017caka &#8211; Orliczki, mecz drugiej kolejki."},"content":{"rendered":"\n<p class=\"has-lato-font-family has-normal-font-size\" style=\"line-height:1.1\">Swoje drugie spotkanie w lidze rozegraj\u0105 najm\u0142odsze dziewcz\u0119ta U10.  Wyjazdowy mecz w Strumieniu odb\u0119dzie si\u0119 w \u015brod\u0119.<\/p>\n\n\n\n<figure class=\"wp-block-image aligncenter size-large is-resized\"><a href=\"http:\/\/wisla.skoczow.pl\/wp-content\/uploads\/2025\/05\/Black-Yellow-White-Modern-Football-Match-Score-Instagram-Post-2.png\"><img loading=\"lazy\" decoding=\"async\" width=\"1024\" height=\"1024\" src=\"http:\/\/wisla.skoczow.pl\/wp-content\/uploads\/2025\/05\/Black-Yellow-White-Modern-Football-Match-Score-Instagram-Post-2-1024x1024.png\" alt=\"\" class=\"wp-image-56995\" style=\"width:600px;height:auto\" srcset=\"http:\/\/wisla.skoczow.pl\/wp-content\/uploads\/2025\/05\/Black-Yellow-White-Modern-Football-Match-Score-Instagram-Post-2-1024x1024.png 1024w, http:\/\/wisla.skoczow.pl\/wp-content\/uploads\/2025\/05\/Black-Yellow-White-Modern-Football-Match-Score-Instagram-Post-2-300x300.png 300w, http:\/\/wisla.skoczow.pl\/wp-content\/uploads\/2025\/05\/Black-Yellow-White-Modern-Football-Match-Score-Instagram-Post-2-150x150.png 150w, http:\/\/wisla.skoczow.pl\/wp-content\/uploads\/2025\/05\/Black-Yellow-White-Modern-Football-Match-Score-Instagram-Post-2-768x768.png 768w, http:\/\/wisla.skoczow.pl\/wp-content\/uploads\/2025\/05\/Black-Yellow-White-Modern-Football-Match-Score-Instagram-Post-2-128x128.png 128w, http:\/\/wisla.skoczow.pl\/wp-content\/uploads\/2025\/05\/Black-Yellow-White-Modern-Football-Match-Score-Instagram-Post-2-32x32.png 32w, http:\/\/wisla.skoczow.pl\/wp-content\/uploads\/2025\/05\/Black-Yellow-White-Modern-Football-Match-Score-Instagram-Post-2.png 1080w\" sizes=\"auto, (max-width: 1024px) 100vw, 1024px\" \/><\/a><\/figure>\n","protected":false},"excerpt":{"rendered":"<p>Swoje drugie spotkanie w lidze rozegraj\u0105 najm\u0142odsze dziewcz\u0119ta U10. Wyjazdowy mecz w Strumieniu odb\u0119dzie si\u0119 w \u015brod\u0119.<\/p>\n","protected":false},"author":1,"featured_media":56954,"comment_status":"closed","ping_status":"","sticky":false,"template":"","format":"standard","meta":{"ngg_post_thumbnail":0,"footnotes":""},"categories":[4,55],"tags":[],"class_list":["post-56994","post","type-post","status-publish","format-standard","has-post-thumbnail","hentry","category-news","category-pilkarki"],"featured_image_url":{"thumbnail":"http:\/\/wisla.skoczow.pl\/wp-content\/uploads\/2025\/05\/logo_skoczow-150x150.png","medium":"http:\/\/wisla.skoczow.pl\/wp-content\/uploads\/2025\/05\/logo_skoczow.png","medium_large":"http:\/\/wisla.skoczow.pl\/wp-content\/uploads\/2025\/05\/logo_skoczow.png","large":"http:\/\/wisla.skoczow.pl\/wp-content\/uploads\/2025\/05\/logo_skoczow.png","1536x1536":"http:\/\/wisla.skoczow.pl\/wp-content\/uploads\/2025\/05\/logo_skoczow.png","2048x2048":"http:\/\/wisla.skoczow.pl\/wp-content\/uploads\/2025\/05\/logo_skoczow.png","sportspress-crop-medium":"http:\/\/wisla.skoczow.pl\/wp-content\/uploads\/2025\/05\/logo_skoczow.png","sportspress-fit-medium":"http:\/\/wisla.skoczow.pl\/wp-content\/uploads\/2025\/05\/logo_skoczow.png","sportspress-fit-icon":"http:\/\/wisla.skoczow.pl\/wp-content\/uploads\/2025\/05\/logo_skoczow-128x128.png","sportspress-fit-mini":"http:\/\/wisla.skoczow.pl\/wp-content\/uploads\/2025\/05\/logo_skoczow-32x32.png"},"post_author":"admin","assigned_categories":"Aktualno\u015bci, Pi\u0142karki","_links":{"self":[{"href":"http:\/\/wisla.skoczow.pl\/index.php?rest_route=\/wp\/v2\/posts\/56994","targetHints":{"allow":["GET"]}}],"collection":[{"href":"http:\/\/wisla.skoczow.pl\/index.php?rest_route=\/wp\/v2\/posts"}],"about":[{"href":"http:\/\/wisla.skoczow.pl\/index.php?rest_route=\/wp\/v2\/types\/post"}],"author":[{"embeddable":true,"href":"http:\/\/wisla.skoczow.pl\/index.php?rest_route=\/wp\/v2\/users\/1"}],"replies":[{"embeddable":true,"href":"http:\/\/wisla.skoczow.pl\/index.php?rest_route=%2Fwp%2Fv2%2Fcomments&post=56994"}],"version-history":[{"count":1,"href":"http:\/\/wisla.skoczow.pl\/index.php?rest_route=\/wp\/v2\/posts\/56994\/revisions"}],"predecessor-version":[{"id":56996,"href":"http:\/\/wisla.skoczow.pl\/index.php?rest_route=\/wp\/v2\/posts\/56994\/revisions\/56996"}],"wp:featuredmedia":[{"embeddable":true,"href":"http:\/\/wisla.skoczow.pl\/index.php?rest_route=\/wp\/v2\/media\/56954"}],"wp:attachment":[{"href":"http:\/\/wisla.skoczow.pl\/index.php?rest_route=%2Fwp%2Fv2%2Fmedia&parent=56994"}],"wp:term":[{"taxonomy":"category","embeddable":true,"href":"http:\/\/wisla.skoczow.pl\/index.php?rest_route=%2Fwp%2Fv2%2Fcategories&post=56994"},{"taxonomy":"post_tag","embeddable":true,"href":"http:\/\/wisla.skoczow.pl\/index.php?rest_route=%2Fwp%2Fv2%2Ftags&post=56994"}],"curies":[{"name":"wp","href":"https:\/\/api.w.org\/{rel}","templated":true}]}}