{"id":57654,"date":"2025-07-07T09:00:00","date_gmt":"2025-07-07T08:00:00","guid":{"rendered":"http:\/\/wisla.skoczow.pl\/?p=57654"},"modified":"2025-06-28T13:30:00","modified_gmt":"2025-06-28T12:30:00","slug":"powrot-do-treningow-2","status":"publish","type":"post","link":"http:\/\/wisla.skoczow.pl\/?p=57654","title":{"rendered":"Powr\u00f3t do trening\u00f3w!"},"content":{"rendered":"\n<p class=\"has-lato-font-family has-normal-font-size\" style=\"line-height:1.1\">Koniec odpoczynku <img loading=\"lazy\" decoding=\"async\" width=\"16\" height=\"16\" src=\"https:\/\/static.xx.fbcdn.net\/images\/emoji.php\/v9\/t83\/1\/16\/1f60e.png\" alt=\"\ud83d\ude0e\"> Czas przygotowa\u0107 si\u0119 do nowych wyzwa\u0144 <img loading=\"lazy\" decoding=\"async\" width=\"16\" height=\"16\" src=\"https:\/\/static.xx.fbcdn.net\/images\/emoji.php\/v9\/t6c\/1\/16\/1f499.png\" alt=\"\ud83d\udc99\"><img loading=\"lazy\" decoding=\"async\" width=\"16\" height=\"16\" src=\"https:\/\/static.xx.fbcdn.net\/images\/emoji.php\/v9\/t6c\/1\/16\/2764.png\" alt=\"\u2764\ufe0f\"><img loading=\"lazy\" decoding=\"async\" width=\"16\" height=\"16\" src=\"https:\/\/static.xx.fbcdn.net\/images\/emoji.php\/v9\/t15\/1\/16\/1f49b.png\" alt=\"\ud83d\udc9b\"> <br><br>W dniach 08 &#8211; 20.07.2025 b\u0119dziemy trenowa\u0107 na obozie w \u0141\u0119\u017ceczkach w wojew\u00f3dztwie wielkopolskim. <br><br>W poniedzia\u0142ek po obozie wracamy<img loading=\"lazy\" decoding=\"async\" width=\"16\" height=\"16\" src=\"https:\/\/static.xx.fbcdn.net\/images\/emoji.php\/v9\/t92\/1\/16\/1f945.png\" alt=\"\ud83e\udd45\"><img loading=\"lazy\" decoding=\"async\" width=\"16\" height=\"16\" src=\"https:\/\/static.xx.fbcdn.net\/images\/emoji.php\/v9\/taf\/1\/16\/26bd.png\" alt=\"\u26bd\"> do trenowania, by przygotowa\u0107 si\u0119 do nadchodz\u0105cych rozgrywek.<\/p>\n\n\n\n<p class=\"has-lato-font-family has-normal-font-size\" style=\"line-height:1.1\">21.07.2025 na boiska wracaj\u0105:<br>Juniorki Starsze U18 i seniorki \u2013 boisko w Wi\u015blicy, godz. 19:00<br>Juniorki M\u0142odsze U16 \u2013 boisko w Wi\u015blicy, godz. 19:00<br>M\u0142odziczki U13 \u2013 boisko w Wi\u015blicy, godz. 17:30<br>Orliczki U11 \u2013 boisko w Wi\u015blicy, godz. 17:30<\/p>\n\n\n\n<p class=\"has-lato-font-family has-normal-font-size\" style=\"line-height:1.1\">18.08.2025 na boisko wraca FUTSAL 1 Liga PLF, rozpoczynaj\u0105c przygotowania od test\u00f3w.<br>Najp\u00f3\u017aniej do zaj\u0119\u0107 wr\u00f3c\u0105 Skrzatki U7, bo 25.08.2025<br><\/p>\n\n\n\n<p class=\"has-lato-font-family has-normal-font-size\" style=\"line-height:1.1\">HARMONOGRAM TRENING\u00d3W<img loading=\"lazy\" decoding=\"async\" alt=\"\ud83d\udc49\" src=\"https:\/\/static.xx.fbcdn.net\/images\/emoji.php\/v9\/t51\/1\/16\/1f449.png\" width=\"16\" height=\"16\"><a href=\"http:\/\/wisla.skoczow.pl\/?page_id=82&amp;fbclid=IwZXh0bgNhZW0CMTAAAR06qhZ5nHC_hdGUOD1WAotCQtvq0hzuElx6RQQPHJXhEcoL1wk49WQYx14_aem_Y5wMq6I8-jNHXm4cmuKrQg\" rel=\"noreferrer noopener\" target=\"_blank\">http:\/\/wisla.skoczow.pl\/?page_id=82<\/a><\/p>\n\n\n\n<p class=\"has-lato-font-family has-normal-font-size\" style=\"line-height:1.1\">Chcesz do\u0142\u0105czy\u0107<img loading=\"lazy\" decoding=\"async\" width=\"16\" height=\"16\" src=\"https:\/\/static.xx.fbcdn.net\/images\/emoji.php\/v9\/t4c\/1\/16\/2753.png\" alt=\"\u2753\"> Przyjd\u017a na trening<img loading=\"lazy\" decoding=\"async\" width=\"16\" height=\"16\" src=\"https:\/\/static.xx.fbcdn.net\/images\/emoji.php\/v9\/t77\/1\/16\/203c.png\" alt=\"\u203c\"><br><img loading=\"lazy\" decoding=\"async\" width=\"16\" height=\"16\" src=\"https:\/\/static.xx.fbcdn.net\/images\/emoji.php\/v9\/t6c\/1\/16\/1f499.png\" alt=\"\ud83d\udc99\"><img loading=\"lazy\" decoding=\"async\" width=\"16\" height=\"16\" src=\"https:\/\/static.xx.fbcdn.net\/images\/emoji.php\/v9\/t6c\/1\/16\/2764.png\" alt=\"\u2764\"><img loading=\"lazy\" decoding=\"async\" width=\"16\" height=\"16\" src=\"https:\/\/static.xx.fbcdn.net\/images\/emoji.php\/v9\/t15\/1\/16\/1f49b.png\" alt=\"\ud83d\udc9b\"> zapraszaj\u0105 w swoje szeregi <img loading=\"lazy\" decoding=\"async\" width=\"16\" height=\"16\" src=\"https:\/\/static.xx.fbcdn.net\/images\/emoji.php\/v9\/t7f\/1\/16\/1f60a.png\" alt=\"\ud83d\ude0a\"><\/p>\n\n\n\n<p><\/p>\n","protected":false},"excerpt":{"rendered":"<p>Koniec odpoczynku Czas przygotowa\u0107 si\u0119 do nowych wyzwa\u0144 W dniach 08 &#8211; 20.07.2025 b\u0119dziemy trenowa\u0107 na obozie w \u0141\u0119\u017ceczkach w wojew\u00f3dztwie wielkopolskim. W poniedzia\u0142ek po obozie wracamy do trenowania, by przygotowa\u0107 si\u0119 do nadchodz\u0105cych rozgrywek. 21.07.2025 na boiska wracaj\u0105:Juniorki Starsze U18 i seniorki \u2013 boisko w Wi\u015blicy, godz. 19:00Juniorki M\u0142odsze U16 \u2013 boisko w Wi\u015blicy, [&hellip;]<\/p>\n","protected":false},"author":1,"featured_media":57655,"comment_status":"closed","ping_status":"closed","sticky":false,"template":"","format":"standard","meta":{"ngg_post_thumbnail":0,"footnotes":""},"categories":[4,55],"tags":[],"class_list":["post-57654","post","type-post","status-publish","format-standard","has-post-thumbnail","hentry","category-news","category-pilkarki"],"featured_image_url":{"thumbnail":"http:\/\/wisla.skoczow.pl\/wp-content\/uploads\/2025\/06\/Argentyna-kontra-Nigeria-Pilka-Nozna-Instagram-Post-150x150.png","medium":"http:\/\/wisla.skoczow.pl\/wp-content\/uploads\/2025\/06\/Argentyna-kontra-Nigeria-Pilka-Nozna-Instagram-Post-300x300.png","medium_large":"http:\/\/wisla.skoczow.pl\/wp-content\/uploads\/2025\/06\/Argentyna-kontra-Nigeria-Pilka-Nozna-Instagram-Post-768x768.png","large":"http:\/\/wisla.skoczow.pl\/wp-content\/uploads\/2025\/06\/Argentyna-kontra-Nigeria-Pilka-Nozna-Instagram-Post-1024x1024.png","1536x1536":"http:\/\/wisla.skoczow.pl\/wp-content\/uploads\/2025\/06\/Argentyna-kontra-Nigeria-Pilka-Nozna-Instagram-Post.png","2048x2048":"http:\/\/wisla.skoczow.pl\/wp-content\/uploads\/2025\/06\/Argentyna-kontra-Nigeria-Pilka-Nozna-Instagram-Post.png","sportspress-crop-medium":"http:\/\/wisla.skoczow.pl\/wp-content\/uploads\/2025\/06\/Argentyna-kontra-Nigeria-Pilka-Nozna-Instagram-Post-300x300.png","sportspress-fit-medium":"http:\/\/wisla.skoczow.pl\/wp-content\/uploads\/2025\/06\/Argentyna-kontra-Nigeria-Pilka-Nozna-Instagram-Post-300x300.png","sportspress-fit-icon":"http:\/\/wisla.skoczow.pl\/wp-content\/uploads\/2025\/06\/Argentyna-kontra-Nigeria-Pilka-Nozna-Instagram-Post-128x128.png","sportspress-fit-mini":"http:\/\/wisla.skoczow.pl\/wp-content\/uploads\/2025\/06\/Argentyna-kontra-Nigeria-Pilka-Nozna-Instagram-Post-32x32.png"},"post_author":"admin","assigned_categories":"Aktualno\u015bci, Pi\u0142karki","_links":{"self":[{"href":"http:\/\/wisla.skoczow.pl\/index.php?rest_route=\/wp\/v2\/posts\/57654","targetHints":{"allow":["GET"]}}],"collection":[{"href":"http:\/\/wisla.skoczow.pl\/index.php?rest_route=\/wp\/v2\/posts"}],"about":[{"href":"http:\/\/wisla.skoczow.pl\/index.php?rest_route=\/wp\/v2\/types\/post"}],"author":[{"embeddable":true,"href":"http:\/\/wisla.skoczow.pl\/index.php?rest_route=\/wp\/v2\/users\/1"}],"replies":[{"embeddable":true,"href":"http:\/\/wisla.skoczow.pl\/index.php?rest_route=%2Fwp%2Fv2%2Fcomments&post=57654"}],"version-history":[{"count":3,"href":"http:\/\/wisla.skoczow.pl\/index.php?rest_route=\/wp\/v2\/posts\/57654\/revisions"}],"predecessor-version":[{"id":57676,"href":"http:\/\/wisla.skoczow.pl\/index.php?rest_route=\/wp\/v2\/posts\/57654\/revisions\/57676"}],"wp:featuredmedia":[{"embeddable":true,"href":"http:\/\/wisla.skoczow.pl\/index.php?rest_route=\/wp\/v2\/media\/57655"}],"wp:attachment":[{"href":"http:\/\/wisla.skoczow.pl\/index.php?rest_route=%2Fwp%2Fv2%2Fmedia&parent=57654"}],"wp:term":[{"taxonomy":"category","embeddable":true,"href":"http:\/\/wisla.skoczow.pl\/index.php?rest_route=%2Fwp%2Fv2%2Fcategories&post=57654"},{"taxonomy":"post_tag","embeddable":true,"href":"http:\/\/wisla.skoczow.pl\/index.php?rest_route=%2Fwp%2Fv2%2Ftags&post=57654"}],"curies":[{"name":"wp","href":"https:\/\/api.w.org\/{rel}","templated":true}]}}