{"id":57657,"date":"2025-06-27T09:16:12","date_gmt":"2025-06-27T08:16:12","guid":{"rendered":"http:\/\/wisla.skoczow.pl\/?p=57657"},"modified":"2025-06-27T09:16:13","modified_gmt":"2025-06-27T08:16:13","slug":"akademia-pilkarska-u10-podsumowanie-sezonu-2024-2025","status":"publish","type":"post","link":"http:\/\/wisla.skoczow.pl\/?p=57657","title":{"rendered":"Akademia Pi\u0142karska U10 \u2013 podsumowanie sezonu 2024\/2025"},"content":{"rendered":"\n<p class=\"has-lato-font-family has-normal-font-size\" style=\"line-height:1.1\">Za nami intensywny sezon w lidze \u017caka w Podokr\u0119gu Skocz\u00f3w, gdzie nasze adeptki z akademii pi\u0142karskiej U10 mierzy\u0142y si\u0119 z ch\u0142opakami.<\/p>\n\n\n\n<p class=\"has-lato-font-family has-normal-font-size\" style=\"line-height:1.1\">By\u0142 to drugi sezon w tych rozgrywkach w tej kategorii wiekowej, nasze zawodniczki poradzi\u0142y sobie naprawd\u0119 \u015bwietnie. Z zapa\u0142em podchodzi\u0142y do ka\u017cdego meczu chc\u0105c gra\u0107, rozwija\u0107 si\u0119 i dobrze si\u0119 przy tym bawi\u0107. \u0141\u0105cznie rozegrali\u015bmy w Lidze \u017baka 16 spotka\u0144 w kt\u00f3rych pada\u0142o wiele \u015bwietnych bramek, a z meczu na mecz by\u0142o wida\u0107 post\u0119py w naszej grze co przek\u0142ada\u0142o si\u0119 na wi\u0119ksz\u0105 ilo\u015b\u0107 zdobytych bramek, ale r\u00f3wnie\u017c popraw\u0119 techniki indywidualnej, kt\u00f3ra jest podstaw\u0105 do dalszego rozwoju. Rozegrali\u015bmy dodatkowo 2 mecze w formie sparing\u00f3w. To by\u0142 zarazem ostatni sezon w rozgrywkach ch\u0142opi\u0119cych, gdy\u017c w nowym sezonie nasze zawodniczki wyst\u0105pi\u0105 w \u015al\u0105skiej Lidze Orliczek U11 na poziomie wojew\u00f3dzkim.<\/p>\n\n\n\n<p class=\"has-lato-font-family has-normal-font-size\" style=\"line-height:1.1\"><strong>Trener Klaudia Bogacka:<\/strong> ,,Miniony sezon zdecydowanie mo\u017cemy zaliczy\u0107 do udanych. Rozw\u00f3j naszych zawodniczek jest widoczny na ka\u017cdy kroku co mnie ogromnie cieszy. Wci\u0105\u017c d\u0142uga praca przed nami, ale widz\u0105c efekty wiem, \u017ce zmierzamy w dobr\u0105 stron\u0119. Nasze zawodniczki chc\u0105 si\u0119 uczy\u0107, rozwija\u0107 i przy okazji cieszy\u0107 si\u0119 z tego co robi\u0105. Mogli\u015bmy podziwia\u0107 fantastyczne akcje, bramki, dryblingi, \u015bwietn\u0105 obron\u0119 i co najwa\u017cniejsze u\u015bmiech na twarzach naszych &#8222;Wise\u0142ek&#8221;. Nie zatrzymujemy si\u0119 i ju\u017c nie mo\u017cemy si\u0119 doczeka\u0107 kolejnego sezonu.&#8221;<\/p>\n\n\n\n<figure class=\"wp-block-gallery has-nested-images columns-default is-cropped wp-block-gallery-1 is-layout-flex wp-block-gallery-is-layout-flex\">\n<figure class=\"wp-block-image size-large\"><a href=\"http:\/\/wisla.skoczow.pl\/wp-content\/uploads\/2025\/06\/506189444_1292100209587176_4210600911326032041_n.jpg\"><img loading=\"lazy\" decoding=\"async\" width=\"1024\" height=\"771\" data-id=\"57485\" src=\"http:\/\/wisla.skoczow.pl\/wp-content\/uploads\/2025\/06\/506189444_1292100209587176_4210600911326032041_n-1024x771.jpg\" alt=\"\" class=\"wp-image-57485\" srcset=\"http:\/\/wisla.skoczow.pl\/wp-content\/uploads\/2025\/06\/506189444_1292100209587176_4210600911326032041_n-1024x771.jpg 1024w, http:\/\/wisla.skoczow.pl\/wp-content\/uploads\/2025\/06\/506189444_1292100209587176_4210600911326032041_n-300x226.jpg 300w, http:\/\/wisla.skoczow.pl\/wp-content\/uploads\/2025\/06\/506189444_1292100209587176_4210600911326032041_n-768x578.jpg 768w, http:\/\/wisla.skoczow.pl\/wp-content\/uploads\/2025\/06\/506189444_1292100209587176_4210600911326032041_n-1536x1156.jpg 1536w, http:\/\/wisla.skoczow.pl\/wp-content\/uploads\/2025\/06\/506189444_1292100209587176_4210600911326032041_n-128x96.jpg 128w, http:\/\/wisla.skoczow.pl\/wp-content\/uploads\/2025\/06\/506189444_1292100209587176_4210600911326032041_n-32x24.jpg 32w, http:\/\/wisla.skoczow.pl\/wp-content\/uploads\/2025\/06\/506189444_1292100209587176_4210600911326032041_n.jpg 1600w\" sizes=\"auto, (max-width: 1024px) 100vw, 1024px\" \/><\/a><\/figure>\n\n\n\n<figure class=\"wp-block-image size-large\"><a href=\"http:\/\/wisla.skoczow.pl\/wp-content\/uploads\/2025\/06\/504132038_1286428713487659_1103233185305035056_n.jpg\"><img loading=\"lazy\" decoding=\"async\" width=\"1024\" height=\"768\" data-id=\"57395\" src=\"http:\/\/wisla.skoczow.pl\/wp-content\/uploads\/2025\/06\/504132038_1286428713487659_1103233185305035056_n-1024x768.jpg\" alt=\"\" class=\"wp-image-57395\" srcset=\"http:\/\/wisla.skoczow.pl\/wp-content\/uploads\/2025\/06\/504132038_1286428713487659_1103233185305035056_n-1024x768.jpg 1024w, http:\/\/wisla.skoczow.pl\/wp-content\/uploads\/2025\/06\/504132038_1286428713487659_1103233185305035056_n-300x225.jpg 300w, http:\/\/wisla.skoczow.pl\/wp-content\/uploads\/2025\/06\/504132038_1286428713487659_1103233185305035056_n-768x576.jpg 768w, http:\/\/wisla.skoczow.pl\/wp-content\/uploads\/2025\/06\/504132038_1286428713487659_1103233185305035056_n-1536x1153.jpg 1536w, http:\/\/wisla.skoczow.pl\/wp-content\/uploads\/2025\/06\/504132038_1286428713487659_1103233185305035056_n-128x96.jpg 128w, http:\/\/wisla.skoczow.pl\/wp-content\/uploads\/2025\/06\/504132038_1286428713487659_1103233185305035056_n-32x24.jpg 32w, http:\/\/wisla.skoczow.pl\/wp-content\/uploads\/2025\/06\/504132038_1286428713487659_1103233185305035056_n.jpg 1743w\" sizes=\"auto, (max-width: 1024px) 100vw, 1024px\" \/><\/a><\/figure>\n\n\n\n<figure class=\"wp-block-image size-large\"><a href=\"http:\/\/wisla.skoczow.pl\/wp-content\/uploads\/2025\/06\/502903221_1282100833920447_6270659215536181108_n.jpg\"><img loading=\"lazy\" decoding=\"async\" width=\"1024\" height=\"771\" data-id=\"57227\" src=\"http:\/\/wisla.skoczow.pl\/wp-content\/uploads\/2025\/06\/502903221_1282100833920447_6270659215536181108_n-1024x771.jpg\" alt=\"\" class=\"wp-image-57227\" srcset=\"http:\/\/wisla.skoczow.pl\/wp-content\/uploads\/2025\/06\/502903221_1282100833920447_6270659215536181108_n-1024x771.jpg 1024w, http:\/\/wisla.skoczow.pl\/wp-content\/uploads\/2025\/06\/502903221_1282100833920447_6270659215536181108_n-300x226.jpg 300w, http:\/\/wisla.skoczow.pl\/wp-content\/uploads\/2025\/06\/502903221_1282100833920447_6270659215536181108_n-768x578.jpg 768w, http:\/\/wisla.skoczow.pl\/wp-content\/uploads\/2025\/06\/502903221_1282100833920447_6270659215536181108_n-1536x1157.jpg 1536w, http:\/\/wisla.skoczow.pl\/wp-content\/uploads\/2025\/06\/502903221_1282100833920447_6270659215536181108_n-128x96.jpg 128w, http:\/\/wisla.skoczow.pl\/wp-content\/uploads\/2025\/06\/502903221_1282100833920447_6270659215536181108_n-32x24.jpg 32w, http:\/\/wisla.skoczow.pl\/wp-content\/uploads\/2025\/06\/502903221_1282100833920447_6270659215536181108_n.jpg 2048w\" sizes=\"auto, (max-width: 1024px) 100vw, 1024px\" \/><\/a><\/figure>\n<\/figure>\n","protected":false},"excerpt":{"rendered":"<p>Za nami intensywny sezon w lidze \u017caka w Podokr\u0119gu Skocz\u00f3w, gdzie nasze adeptki z akademii pi\u0142karskiej U10 mierzy\u0142y si\u0119 z ch\u0142opakami. By\u0142 to drugi sezon w tych rozgrywkach w tej kategorii wiekowej, nasze zawodniczki poradzi\u0142y sobie naprawd\u0119 \u015bwietnie. Z zapa\u0142em podchodzi\u0142y do ka\u017cdego meczu chc\u0105c gra\u0107, rozwija\u0107 si\u0119 i dobrze si\u0119 przy tym bawi\u0107. \u0141\u0105cznie [&hellip;]<\/p>\n","protected":false},"author":1,"featured_media":57471,"comment_status":"closed","ping_status":"closed","sticky":false,"template":"","format":"standard","meta":{"ngg_post_thumbnail":0,"footnotes":""},"categories":[4,55],"tags":[],"class_list":["post-57657","post","type-post","status-publish","format-standard","has-post-thumbnail","hentry","category-news","category-pilkarki"],"featured_image_url":{"thumbnail":"http:\/\/wisla.skoczow.pl\/wp-content\/uploads\/2025\/06\/506285873_1292100959587101_6540888232706930179_n-150x150.jpg","medium":"http:\/\/wisla.skoczow.pl\/wp-content\/uploads\/2025\/06\/506285873_1292100959587101_6540888232706930179_n-300x226.jpg","medium_large":"http:\/\/wisla.skoczow.pl\/wp-content\/uploads\/2025\/06\/506285873_1292100959587101_6540888232706930179_n-768x578.jpg","large":"http:\/\/wisla.skoczow.pl\/wp-content\/uploads\/2025\/06\/506285873_1292100959587101_6540888232706930179_n-1024x771.jpg","1536x1536":"http:\/\/wisla.skoczow.pl\/wp-content\/uploads\/2025\/06\/506285873_1292100959587101_6540888232706930179_n-1536x1156.jpg","2048x2048":"http:\/\/wisla.skoczow.pl\/wp-content\/uploads\/2025\/06\/506285873_1292100959587101_6540888232706930179_n.jpg","sportspress-crop-medium":"http:\/\/wisla.skoczow.pl\/wp-content\/uploads\/2025\/06\/506285873_1292100959587101_6540888232706930179_n-300x300.jpg","sportspress-fit-medium":"http:\/\/wisla.skoczow.pl\/wp-content\/uploads\/2025\/06\/506285873_1292100959587101_6540888232706930179_n-300x226.jpg","sportspress-fit-icon":"http:\/\/wisla.skoczow.pl\/wp-content\/uploads\/2025\/06\/506285873_1292100959587101_6540888232706930179_n-128x96.jpg","sportspress-fit-mini":"http:\/\/wisla.skoczow.pl\/wp-content\/uploads\/2025\/06\/506285873_1292100959587101_6540888232706930179_n-32x24.jpg"},"post_author":"admin","assigned_categories":"Aktualno\u015bci, Pi\u0142karki","_links":{"self":[{"href":"http:\/\/wisla.skoczow.pl\/index.php?rest_route=\/wp\/v2\/posts\/57657","targetHints":{"allow":["GET"]}}],"collection":[{"href":"http:\/\/wisla.skoczow.pl\/index.php?rest_route=\/wp\/v2\/posts"}],"about":[{"href":"http:\/\/wisla.skoczow.pl\/index.php?rest_route=\/wp\/v2\/types\/post"}],"author":[{"embeddable":true,"href":"http:\/\/wisla.skoczow.pl\/index.php?rest_route=\/wp\/v2\/users\/1"}],"replies":[{"embeddable":true,"href":"http:\/\/wisla.skoczow.pl\/index.php?rest_route=%2Fwp%2Fv2%2Fcomments&post=57657"}],"version-history":[{"count":3,"href":"http:\/\/wisla.skoczow.pl\/index.php?rest_route=\/wp\/v2\/posts\/57657\/revisions"}],"predecessor-version":[{"id":57681,"href":"http:\/\/wisla.skoczow.pl\/index.php?rest_route=\/wp\/v2\/posts\/57657\/revisions\/57681"}],"wp:featuredmedia":[{"embeddable":true,"href":"http:\/\/wisla.skoczow.pl\/index.php?rest_route=\/wp\/v2\/media\/57471"}],"wp:attachment":[{"href":"http:\/\/wisla.skoczow.pl\/index.php?rest_route=%2Fwp%2Fv2%2Fmedia&parent=57657"}],"wp:term":[{"taxonomy":"category","embeddable":true,"href":"http:\/\/wisla.skoczow.pl\/index.php?rest_route=%2Fwp%2Fv2%2Fcategories&post=57657"},{"taxonomy":"post_tag","embeddable":true,"href":"http:\/\/wisla.skoczow.pl\/index.php?rest_route=%2Fwp%2Fv2%2Ftags&post=57657"}],"curies":[{"name":"wp","href":"https:\/\/api.w.org\/{rel}","templated":true}]}}