{"id":57659,"date":"2025-06-28T09:44:10","date_gmt":"2025-06-28T08:44:10","guid":{"rendered":"http:\/\/wisla.skoczow.pl\/?p=57659"},"modified":"2025-06-28T09:44:11","modified_gmt":"2025-06-28T08:44:11","slug":"mlodziczki-u13-podsumowanie-sezonu-2024-2025","status":"publish","type":"post","link":"http:\/\/wisla.skoczow.pl\/?p=57659","title":{"rendered":"M\u0142odziczki U13 \u2013 podsumowanie sezonu 2024\/2025"},"content":{"rendered":"\n<p class=\"has-lato-font-family has-normal-font-size\" style=\"line-height:1.1\">Za nami bardzo intensywny sezon rozgrywkowy w \u015al\u0105skiej Lidze M\u0142odziczek U13.<\/p>\n\n\n\n<p class=\"has-lato-font-family has-normal-font-size\" style=\"line-height:1.1\">Dziewcz\u0119ta przyst\u0119powa\u0142y do rozgrywek z ogromnym zapa\u0142em, do zespo\u0142u do\u0142\u0105czy\u0142o wiele nowych twarzy, a ilo\u015b\u0107 meczy rozegranych by\u0142a ogromna, bo a\u017c 26 spotkania. Dziewcz\u0119ta odnios\u0142y 14 zwyci\u0119stw i zremisowa\u0142y 2 razy. <strong>\u0141\u0105cznie zdobyli\u015bmy 44 punkty i 110 bramek.<\/strong> Analizuj\u0105c osi\u0105gni\u0119te wyniki, wida\u0107 progres w por\u00f3wnaniu do sezonu poprzedniego. Najskuteczniejsz\u0105 zawodniczk\u0105 okaza\u0142a si\u0119 <strong>Ewa \u2013 71 bramki<\/strong>, a najlepsz\u0105 zawodniczk\u0105<strong> Lena<\/strong> i <strong>Nadia<\/strong>, kt\u00f3re osi\u0105gn\u0119\u0142y najwi\u0119kszy progres umiej\u0119tno\u015bci w ci\u0105gu roku .<\/p>\n\n\n\n<p class=\"has-lato-font-family has-normal-font-size\" style=\"line-height:1.1\"><br><strong>Zestawienie wynik\u00f3w:<\/strong><\/p>\n\n\n\n<figure class=\"wp-block-image size-full\"><a href=\"http:\/\/wisla.skoczow.pl\/wp-content\/uploads\/2025\/06\/obraz.png\"><img loading=\"lazy\" decoding=\"async\" width=\"452\" height=\"510\" src=\"http:\/\/wisla.skoczow.pl\/wp-content\/uploads\/2025\/06\/obraz.png\" alt=\"\" class=\"wp-image-57660\" srcset=\"http:\/\/wisla.skoczow.pl\/wp-content\/uploads\/2025\/06\/obraz.png 452w, http:\/\/wisla.skoczow.pl\/wp-content\/uploads\/2025\/06\/obraz-266x300.png 266w, http:\/\/wisla.skoczow.pl\/wp-content\/uploads\/2025\/06\/obraz-113x128.png 113w, http:\/\/wisla.skoczow.pl\/wp-content\/uploads\/2025\/06\/obraz-28x32.png 28w\" sizes=\"auto, (max-width: 452px) 100vw, 452px\" \/><\/a><\/figure>\n\n\n\n<p class=\"has-lato-font-family has-normal-font-size\" style=\"line-height:1.1\"><strong>Trener Sonia Gustowska: <\/strong><em>\u201eMiniony sezon dostarczy\u0142 nam sporo pozytywnych emocji. Przed jak i w trakcie do\u0142\u0105czy\u0142o do nas du\u017co dziewcz\u0105t, kt\u00f3re zaczyna\u0142y dopiero swoj\u0105 przygod\u0119 z pi\u0142k\u0105. W tym sezonie mogli\u015bmy si\u0119 skupi\u0107 nie tylko na rozwoju indywidualnym ale i r\u00f3wnie\u017c dzia\u0142aniach grupowych, troch\u0119 wi\u0119cej mogli\u015bmy te\u017c zrealizowa\u0107 z taktyki. To prze\u0142o\u017cy\u0142o si\u0119 na wyniki, gdzie spotkania z czo\u0142\u00f3wk\u0105 tabeli by\u0142y bardzo zawzi\u0119te. Ko\u0144cz\u0105c sezon ciesz\u0119 si\u0119 bardzo z podniesienia umiej\u0119tno\u015bci dziewcz\u0105t \u2013 z ka\u017cdym meczem gra\u0142y coraz lepiej, a progres by\u0142 widoczny. Buduj\u0105ce dla nas jest to, \u017ce zesp\u00f3\u0142 by\u0142 bardzo liczny \u2013 ponad 20 \u201eWise\u0142ek\u201d regularnie gra\u0142o w spotkaniach. Po tym sezonie stwierdzi\u0107 mog\u0119 jedno \u2013 zawodniczki nabra\u0142y do\u015bwiadczenia i pewno\u015bci siebie, to zaowocuje w nowym sezonie. Rocznik 2013 szybko si\u0119 uczy\u0142 i razem z rocznikiem 2014, b\u0119dzie stanowi\u0142 o sile dru\u017cyny. Odchodz\u0105cy rocznik 2012, naby\u0142 na tym etapie cenne umiej\u0119tno\u015bci. Wchodz\u0105c do dru\u017cyny juniorskiej, b\u0119d\u0105 stanowi\u0107 spore wzmocnienie dla U16. Przepracujemy okres przygotowawczy. Jestem przekonana, \u017ce dziewcz\u0119ta wychodz\u0105c na prze\u0142omie sierpnia\/wrze\u015bnia na boisko do rywalizacji, b\u0119d\u0105 sprawia\u0107 wiele rado\u015bci sobie, jak i kibicom. Nie do\u0142\u0105czy do nas rocznik 2015, kt\u00f3ry b\u0119dzie rywalizowa\u0142 w swojej kategorii wiekowej orlika. W nowym sezonie b\u0119dziemy gra\u0107 wy\u0142\u0105cznie dwoma rocznikami.&#8221;<\/em><\/p>\n\n\n\n<figure class=\"wp-block-gallery has-nested-images columns-default is-cropped wp-block-gallery-1 is-layout-flex wp-block-gallery-is-layout-flex\">\n<figure class=\"wp-block-image size-large\"><a href=\"http:\/\/wisla.skoczow.pl\/wp-content\/uploads\/2025\/06\/IMG-20250513-WA0017.jpg\"><img loading=\"lazy\" decoding=\"async\" width=\"1024\" height=\"768\" data-id=\"57196\" src=\"http:\/\/wisla.skoczow.pl\/wp-content\/uploads\/2025\/06\/IMG-20250513-WA0017-1024x768.jpg\" alt=\"\" class=\"wp-image-57196\" srcset=\"http:\/\/wisla.skoczow.pl\/wp-content\/uploads\/2025\/06\/IMG-20250513-WA0017-1024x768.jpg 1024w, http:\/\/wisla.skoczow.pl\/wp-content\/uploads\/2025\/06\/IMG-20250513-WA0017-300x225.jpg 300w, http:\/\/wisla.skoczow.pl\/wp-content\/uploads\/2025\/06\/IMG-20250513-WA0017-768x576.jpg 768w, http:\/\/wisla.skoczow.pl\/wp-content\/uploads\/2025\/06\/IMG-20250513-WA0017-1536x1152.jpg 1536w, http:\/\/wisla.skoczow.pl\/wp-content\/uploads\/2025\/06\/IMG-20250513-WA0017-128x96.jpg 128w, http:\/\/wisla.skoczow.pl\/wp-content\/uploads\/2025\/06\/IMG-20250513-WA0017-32x24.jpg 32w, http:\/\/wisla.skoczow.pl\/wp-content\/uploads\/2025\/06\/IMG-20250513-WA0017.jpg 1600w\" sizes=\"auto, (max-width: 1024px) 100vw, 1024px\" \/><\/a><\/figure>\n\n\n\n<figure class=\"wp-block-image size-large\"><a href=\"http:\/\/wisla.skoczow.pl\/wp-content\/uploads\/2024\/11\/IMG-20241102-WA0018.jpg\"><img loading=\"lazy\" decoding=\"async\" width=\"1024\" height=\"768\" data-id=\"55845\" src=\"http:\/\/wisla.skoczow.pl\/wp-content\/uploads\/2024\/11\/IMG-20241102-WA0018-1024x768.jpg\" alt=\"\" class=\"wp-image-55845\" srcset=\"http:\/\/wisla.skoczow.pl\/wp-content\/uploads\/2024\/11\/IMG-20241102-WA0018-1024x768.jpg 1024w, http:\/\/wisla.skoczow.pl\/wp-content\/uploads\/2024\/11\/IMG-20241102-WA0018-300x225.jpg 300w, http:\/\/wisla.skoczow.pl\/wp-content\/uploads\/2024\/11\/IMG-20241102-WA0018-768x576.jpg 768w, http:\/\/wisla.skoczow.pl\/wp-content\/uploads\/2024\/11\/IMG-20241102-WA0018-1536x1152.jpg 1536w, http:\/\/wisla.skoczow.pl\/wp-content\/uploads\/2024\/11\/IMG-20241102-WA0018-128x96.jpg 128w, http:\/\/wisla.skoczow.pl\/wp-content\/uploads\/2024\/11\/IMG-20241102-WA0018-32x24.jpg 32w, http:\/\/wisla.skoczow.pl\/wp-content\/uploads\/2024\/11\/IMG-20241102-WA0018-1200x900.jpg 1200w, http:\/\/wisla.skoczow.pl\/wp-content\/uploads\/2024\/11\/IMG-20241102-WA0018.jpg 1600w\" sizes=\"auto, (max-width: 1024px) 100vw, 1024px\" \/><\/a><\/figure>\n\n\n\n<figure class=\"wp-block-image size-large\"><a href=\"http:\/\/wisla.skoczow.pl\/wp-content\/uploads\/2025\/03\/Zdjecie-WhatsApp-2025-03-15-o-12.47.40_792d4cc0.jpg\"><img loading=\"lazy\" decoding=\"async\" width=\"1024\" height=\"768\" data-id=\"56718\" src=\"http:\/\/wisla.skoczow.pl\/wp-content\/uploads\/2025\/03\/Zdjecie-WhatsApp-2025-03-15-o-12.47.40_792d4cc0-1024x768.jpg\" alt=\"\" class=\"wp-image-56718\" srcset=\"http:\/\/wisla.skoczow.pl\/wp-content\/uploads\/2025\/03\/Zdjecie-WhatsApp-2025-03-15-o-12.47.40_792d4cc0-1024x768.jpg 1024w, http:\/\/wisla.skoczow.pl\/wp-content\/uploads\/2025\/03\/Zdjecie-WhatsApp-2025-03-15-o-12.47.40_792d4cc0-300x225.jpg 300w, http:\/\/wisla.skoczow.pl\/wp-content\/uploads\/2025\/03\/Zdjecie-WhatsApp-2025-03-15-o-12.47.40_792d4cc0-768x576.jpg 768w, http:\/\/wisla.skoczow.pl\/wp-content\/uploads\/2025\/03\/Zdjecie-WhatsApp-2025-03-15-o-12.47.40_792d4cc0-1536x1152.jpg 1536w, http:\/\/wisla.skoczow.pl\/wp-content\/uploads\/2025\/03\/Zdjecie-WhatsApp-2025-03-15-o-12.47.40_792d4cc0-128x96.jpg 128w, http:\/\/wisla.skoczow.pl\/wp-content\/uploads\/2025\/03\/Zdjecie-WhatsApp-2025-03-15-o-12.47.40_792d4cc0-32x24.jpg 32w, http:\/\/wisla.skoczow.pl\/wp-content\/uploads\/2025\/03\/Zdjecie-WhatsApp-2025-03-15-o-12.47.40_792d4cc0.jpg 1600w\" sizes=\"auto, (max-width: 1024px) 100vw, 1024px\" \/><\/a><\/figure>\n<\/figure>\n","protected":false},"excerpt":{"rendered":"<p>Za nami bardzo intensywny sezon rozgrywkowy w \u015al\u0105skiej Lidze M\u0142odziczek U13. Dziewcz\u0119ta przyst\u0119powa\u0142y do rozgrywek z ogromnym zapa\u0142em, do zespo\u0142u do\u0142\u0105czy\u0142o wiele nowych twarzy, a ilo\u015b\u0107 meczy rozegranych by\u0142a ogromna, bo a\u017c 26 spotkania. Dziewcz\u0119ta odnios\u0142y 14 zwyci\u0119stw i zremisowa\u0142y 2 razy. \u0141\u0105cznie zdobyli\u015bmy 44 punkty i 110 bramek. Analizuj\u0105c osi\u0105gni\u0119te wyniki, wida\u0107 progres w [&hellip;]<\/p>\n","protected":false},"author":1,"featured_media":57616,"comment_status":"closed","ping_status":"closed","sticky":false,"template":"","format":"standard","meta":{"ngg_post_thumbnail":0,"footnotes":""},"categories":[4,55],"tags":[],"class_list":["post-57659","post","type-post","status-publish","format-standard","has-post-thumbnail","hentry","category-news","category-pilkarki"],"featured_image_url":{"thumbnail":"http:\/\/wisla.skoczow.pl\/wp-content\/uploads\/2025\/06\/505376774_1297780825685781_1648075336056228417_n-150x150.jpg","medium":"http:\/\/wisla.skoczow.pl\/wp-content\/uploads\/2025\/06\/505376774_1297780825685781_1648075336056228417_n-300x200.jpg","medium_large":"http:\/\/wisla.skoczow.pl\/wp-content\/uploads\/2025\/06\/505376774_1297780825685781_1648075336056228417_n-768x512.jpg","large":"http:\/\/wisla.skoczow.pl\/wp-content\/uploads\/2025\/06\/505376774_1297780825685781_1648075336056228417_n-1024x683.jpg","1536x1536":"http:\/\/wisla.skoczow.pl\/wp-content\/uploads\/2025\/06\/505376774_1297780825685781_1648075336056228417_n-1536x1024.jpg","2048x2048":"http:\/\/wisla.skoczow.pl\/wp-content\/uploads\/2025\/06\/505376774_1297780825685781_1648075336056228417_n.jpg","sportspress-crop-medium":"http:\/\/wisla.skoczow.pl\/wp-content\/uploads\/2025\/06\/505376774_1297780825685781_1648075336056228417_n-300x300.jpg","sportspress-fit-medium":"http:\/\/wisla.skoczow.pl\/wp-content\/uploads\/2025\/06\/505376774_1297780825685781_1648075336056228417_n-300x200.jpg","sportspress-fit-icon":"http:\/\/wisla.skoczow.pl\/wp-content\/uploads\/2025\/06\/505376774_1297780825685781_1648075336056228417_n-128x85.jpg","sportspress-fit-mini":"http:\/\/wisla.skoczow.pl\/wp-content\/uploads\/2025\/06\/505376774_1297780825685781_1648075336056228417_n-32x21.jpg"},"post_author":"admin","assigned_categories":"Aktualno\u015bci, Pi\u0142karki","_links":{"self":[{"href":"http:\/\/wisla.skoczow.pl\/index.php?rest_route=\/wp\/v2\/posts\/57659","targetHints":{"allow":["GET"]}}],"collection":[{"href":"http:\/\/wisla.skoczow.pl\/index.php?rest_route=\/wp\/v2\/posts"}],"about":[{"href":"http:\/\/wisla.skoczow.pl\/index.php?rest_route=\/wp\/v2\/types\/post"}],"author":[{"embeddable":true,"href":"http:\/\/wisla.skoczow.pl\/index.php?rest_route=\/wp\/v2\/users\/1"}],"replies":[{"embeddable":true,"href":"http:\/\/wisla.skoczow.pl\/index.php?rest_route=%2Fwp%2Fv2%2Fcomments&post=57659"}],"version-history":[{"count":5,"href":"http:\/\/wisla.skoczow.pl\/index.php?rest_route=\/wp\/v2\/posts\/57659\/revisions"}],"predecessor-version":[{"id":57696,"href":"http:\/\/wisla.skoczow.pl\/index.php?rest_route=\/wp\/v2\/posts\/57659\/revisions\/57696"}],"wp:featuredmedia":[{"embeddable":true,"href":"http:\/\/wisla.skoczow.pl\/index.php?rest_route=\/wp\/v2\/media\/57616"}],"wp:attachment":[{"href":"http:\/\/wisla.skoczow.pl\/index.php?rest_route=%2Fwp%2Fv2%2Fmedia&parent=57659"}],"wp:term":[{"taxonomy":"category","embeddable":true,"href":"http:\/\/wisla.skoczow.pl\/index.php?rest_route=%2Fwp%2Fv2%2Fcategories&post=57659"},{"taxonomy":"post_tag","embeddable":true,"href":"http:\/\/wisla.skoczow.pl\/index.php?rest_route=%2Fwp%2Fv2%2Ftags&post=57659"}],"curies":[{"name":"wp","href":"https:\/\/api.w.org\/{rel}","templated":true}]}}