{"id":57662,"date":"2025-06-30T09:00:00","date_gmt":"2025-06-30T08:00:00","guid":{"rendered":"http:\/\/wisla.skoczow.pl\/?p=57662"},"modified":"2025-06-28T13:32:40","modified_gmt":"2025-06-28T12:32:40","slug":"przerwa-w-treningach-2","status":"publish","type":"post","link":"http:\/\/wisla.skoczow.pl\/?p=57662","title":{"rendered":"Przerwa w treningach!"},"content":{"rendered":"\n<p class=\"has-lato-font-family has-normal-font-size\" style=\"line-height:1.1\"><strong>Rozpocz\u0119li\u015bmy przerw\u0119 regeneracyjn\u0105, ale nie na d\u0142ugo&#8230; 30.06 &#8211; 07.07.2025<br><\/strong><\/p>\n\n\n\n<p class=\"has-lato-font-family has-normal-font-size\" style=\"line-height:1.1\"><strong>Zaczynamy nowy sezon od obozu&nbsp;08.07 \u2013 20.07.2025<\/strong> <strong>w \u0141\u0119\u017ceczkach!<\/strong><br><strong>21 lipca 2025 wracamy do regularnych trening\u00f3w!<\/strong><\/p>\n\n\n\n<p class=\"has-lato-font-family has-normal-font-size\" style=\"line-height:1.1\">Zapraszamy do naszych zespo\u0142\u00f3w \u2013 nab\u00f3r trwa ca\u0142y rok<img loading=\"lazy\" decoding=\"async\" width=\"16\" height=\"16\" src=\"https:\/\/static.xx.fbcdn.net\/images\/emoji.php\/v9\/t77\/1\/16\/203c.png\" alt=\"\u203c\ufe0f\"><br>wi\u0119cej informacji<img loading=\"lazy\" decoding=\"async\" width=\"16\" height=\"16\" src=\"https:\/\/static.xx.fbcdn.net\/images\/emoji.php\/v9\/t51\/1\/16\/1f449.png\" alt=\"\ud83d\udc49\"><a href=\"http:\/\/wisla.skoczow.pl\/?page_id=56086\">http:\/\/wisla.skoczow.pl\/?page_id=56086<\/a><\/p>\n\n\n\n<p class=\"has-lato-font-family has-normal-font-size\" style=\"line-height:1.1\">Ka\u017cda dziewczyna b\u0119dzie si\u0119 u nas dobrze czu\u0142a \u2013 stawiamy na rozw\u00f3j w \u015bwietnej atmosferze.<br>Po prostu przyjd\u017a i si\u0119 przekonaj, \u017ce warto<img loading=\"lazy\" decoding=\"async\" width=\"16\" height=\"16\" src=\"https:\/\/static.xx.fbcdn.net\/images\/emoji.php\/v9\/t6c\/1\/16\/1f499.png\" alt=\"\ud83d\udc99\"><img loading=\"lazy\" decoding=\"async\" width=\"16\" height=\"16\" src=\"https:\/\/static.xx.fbcdn.net\/images\/emoji.php\/v9\/t6c\/1\/16\/2764.png\" alt=\"\u2764\ufe0f\"><img loading=\"lazy\" decoding=\"async\" width=\"16\" height=\"16\" src=\"https:\/\/static.xx.fbcdn.net\/images\/emoji.php\/v9\/t15\/1\/16\/1f49b.png\" alt=\"\ud83d\udc9b\">.<\/p>\n\n\n\n<figure class=\"wp-block-gallery has-nested-images columns-default is-cropped wp-block-gallery-1 is-layout-flex wp-block-gallery-is-layout-flex\">\n<figure class=\"wp-block-image size-large\"><a href=\"http:\/\/wisla.skoczow.pl\/wp-content\/uploads\/2025\/06\/506641748_1295088745954989_8305314705196157661_n.jpg\"><img loading=\"lazy\" decoding=\"async\" width=\"1024\" height=\"683\" data-id=\"57605\" src=\"http:\/\/wisla.skoczow.pl\/wp-content\/uploads\/2025\/06\/506641748_1295088745954989_8305314705196157661_n-1024x683.jpg\" alt=\"\" class=\"wp-image-57605\" srcset=\"http:\/\/wisla.skoczow.pl\/wp-content\/uploads\/2025\/06\/506641748_1295088745954989_8305314705196157661_n-1024x683.jpg 1024w, http:\/\/wisla.skoczow.pl\/wp-content\/uploads\/2025\/06\/506641748_1295088745954989_8305314705196157661_n-300x200.jpg 300w, http:\/\/wisla.skoczow.pl\/wp-content\/uploads\/2025\/06\/506641748_1295088745954989_8305314705196157661_n-768x512.jpg 768w, http:\/\/wisla.skoczow.pl\/wp-content\/uploads\/2025\/06\/506641748_1295088745954989_8305314705196157661_n-1536x1024.jpg 1536w, http:\/\/wisla.skoczow.pl\/wp-content\/uploads\/2025\/06\/506641748_1295088745954989_8305314705196157661_n-128x85.jpg 128w, http:\/\/wisla.skoczow.pl\/wp-content\/uploads\/2025\/06\/506641748_1295088745954989_8305314705196157661_n-32x21.jpg 32w, http:\/\/wisla.skoczow.pl\/wp-content\/uploads\/2025\/06\/506641748_1295088745954989_8305314705196157661_n.jpg 1620w\" sizes=\"auto, (max-width: 1024px) 100vw, 1024px\" \/><\/a><\/figure>\n\n\n\n<figure class=\"wp-block-image size-large\"><a href=\"http:\/\/wisla.skoczow.pl\/wp-content\/uploads\/2025\/06\/505376774_1297780825685781_1648075336056228417_n.jpg\"><img loading=\"lazy\" decoding=\"async\" width=\"1024\" height=\"683\" data-id=\"57616\" src=\"http:\/\/wisla.skoczow.pl\/wp-content\/uploads\/2025\/06\/505376774_1297780825685781_1648075336056228417_n-1024x683.jpg\" alt=\"\" class=\"wp-image-57616\" srcset=\"http:\/\/wisla.skoczow.pl\/wp-content\/uploads\/2025\/06\/505376774_1297780825685781_1648075336056228417_n-1024x683.jpg 1024w, http:\/\/wisla.skoczow.pl\/wp-content\/uploads\/2025\/06\/505376774_1297780825685781_1648075336056228417_n-300x200.jpg 300w, http:\/\/wisla.skoczow.pl\/wp-content\/uploads\/2025\/06\/505376774_1297780825685781_1648075336056228417_n-768x512.jpg 768w, http:\/\/wisla.skoczow.pl\/wp-content\/uploads\/2025\/06\/505376774_1297780825685781_1648075336056228417_n-1536x1024.jpg 1536w, http:\/\/wisla.skoczow.pl\/wp-content\/uploads\/2025\/06\/505376774_1297780825685781_1648075336056228417_n-128x85.jpg 128w, http:\/\/wisla.skoczow.pl\/wp-content\/uploads\/2025\/06\/505376774_1297780825685781_1648075336056228417_n-32x21.jpg 32w, http:\/\/wisla.skoczow.pl\/wp-content\/uploads\/2025\/06\/505376774_1297780825685781_1648075336056228417_n.jpg 2048w\" sizes=\"auto, (max-width: 1024px) 100vw, 1024px\" \/><\/a><\/figure>\n\n\n\n<figure class=\"wp-block-image size-large\"><a href=\"http:\/\/wisla.skoczow.pl\/wp-content\/uploads\/2025\/06\/506014047_1293881822742348_242324808707567330_n.jpg\"><img loading=\"lazy\" decoding=\"async\" width=\"1024\" height=\"683\" data-id=\"57568\" src=\"http:\/\/wisla.skoczow.pl\/wp-content\/uploads\/2025\/06\/506014047_1293881822742348_242324808707567330_n-1024x683.jpg\" alt=\"\" class=\"wp-image-57568\" srcset=\"http:\/\/wisla.skoczow.pl\/wp-content\/uploads\/2025\/06\/506014047_1293881822742348_242324808707567330_n-1024x683.jpg 1024w, http:\/\/wisla.skoczow.pl\/wp-content\/uploads\/2025\/06\/506014047_1293881822742348_242324808707567330_n-300x200.jpg 300w, http:\/\/wisla.skoczow.pl\/wp-content\/uploads\/2025\/06\/506014047_1293881822742348_242324808707567330_n-768x512.jpg 768w, http:\/\/wisla.skoczow.pl\/wp-content\/uploads\/2025\/06\/506014047_1293881822742348_242324808707567330_n-1536x1024.jpg 1536w, http:\/\/wisla.skoczow.pl\/wp-content\/uploads\/2025\/06\/506014047_1293881822742348_242324808707567330_n-128x85.jpg 128w, http:\/\/wisla.skoczow.pl\/wp-content\/uploads\/2025\/06\/506014047_1293881822742348_242324808707567330_n-32x21.jpg 32w, http:\/\/wisla.skoczow.pl\/wp-content\/uploads\/2025\/06\/506014047_1293881822742348_242324808707567330_n.jpg 1620w\" sizes=\"auto, (max-width: 1024px) 100vw, 1024px\" \/><\/a><\/figure>\n<\/figure>\n\n\n\n<figure class=\"wp-block-gallery has-nested-images columns-default is-cropped wp-block-gallery-2 is-layout-flex wp-block-gallery-is-layout-flex\">\n<figure class=\"wp-block-image aligncenter size-large\"><a href=\"http:\/\/wisla.skoczow.pl\/wp-content\/uploads\/2025\/06\/Post-na-Facebook-940x788-px.jpeg\"><img loading=\"lazy\" decoding=\"async\" width=\"940\" height=\"788\" data-id=\"57664\" src=\"http:\/\/wisla.skoczow.pl\/wp-content\/uploads\/2025\/06\/Post-na-Facebook-940x788-px.jpeg\" alt=\"\" class=\"wp-image-57664\" srcset=\"http:\/\/wisla.skoczow.pl\/wp-content\/uploads\/2025\/06\/Post-na-Facebook-940x788-px.jpeg 940w, http:\/\/wisla.skoczow.pl\/wp-content\/uploads\/2025\/06\/Post-na-Facebook-940x788-px-300x251.jpeg 300w, http:\/\/wisla.skoczow.pl\/wp-content\/uploads\/2025\/06\/Post-na-Facebook-940x788-px-768x644.jpeg 768w, http:\/\/wisla.skoczow.pl\/wp-content\/uploads\/2025\/06\/Post-na-Facebook-940x788-px-128x107.jpeg 128w, http:\/\/wisla.skoczow.pl\/wp-content\/uploads\/2025\/06\/Post-na-Facebook-940x788-px-32x27.jpeg 32w\" sizes=\"auto, (max-width: 940px) 100vw, 940px\" \/><\/a><\/figure>\n<\/figure>\n","protected":false},"excerpt":{"rendered":"<p>Rozpocz\u0119li\u015bmy przerw\u0119 regeneracyjn\u0105, ale nie na d\u0142ugo&#8230; 30.06 &#8211; 07.07.2025 Zaczynamy nowy sezon od obozu&nbsp;08.07 \u2013 20.07.2025 w \u0141\u0119\u017ceczkach!21 lipca 2025 wracamy do regularnych trening\u00f3w! Zapraszamy do naszych zespo\u0142\u00f3w \u2013 nab\u00f3r trwa ca\u0142y rokwi\u0119cej informacjihttp:\/\/wisla.skoczow.pl\/?page_id=56086 Ka\u017cda dziewczyna b\u0119dzie si\u0119 u nas dobrze czu\u0142a \u2013 stawiamy na rozw\u00f3j w \u015bwietnej atmosferze.Po prostu przyjd\u017a i si\u0119 przekonaj, [&hellip;]<\/p>\n","protected":false},"author":1,"featured_media":49844,"comment_status":"closed","ping_status":"closed","sticky":false,"template":"","format":"standard","meta":{"ngg_post_thumbnail":0,"footnotes":""},"categories":[4,55],"tags":[],"class_list":["post-57662","post","type-post","status-publish","format-standard","has-post-thumbnail","hentry","category-news","category-pilkarki"],"featured_image_url":{"thumbnail":"http:\/\/wisla.skoczow.pl\/wp-content\/uploads\/2024\/06\/Post-na-Facebook-940x788-px-37-150x150.jpeg","medium":"http:\/\/wisla.skoczow.pl\/wp-content\/uploads\/2024\/06\/Post-na-Facebook-940x788-px-37-300x251.jpeg","medium_large":"http:\/\/wisla.skoczow.pl\/wp-content\/uploads\/2024\/06\/Post-na-Facebook-940x788-px-37-768x644.jpeg","large":"http:\/\/wisla.skoczow.pl\/wp-content\/uploads\/2024\/06\/Post-na-Facebook-940x788-px-37.jpeg","1536x1536":"http:\/\/wisla.skoczow.pl\/wp-content\/uploads\/2024\/06\/Post-na-Facebook-940x788-px-37.jpeg","2048x2048":"http:\/\/wisla.skoczow.pl\/wp-content\/uploads\/2024\/06\/Post-na-Facebook-940x788-px-37.jpeg","sportspress-crop-medium":"http:\/\/wisla.skoczow.pl\/wp-content\/uploads\/2024\/06\/Post-na-Facebook-940x788-px-37-300x300.jpeg","sportspress-fit-medium":"http:\/\/wisla.skoczow.pl\/wp-content\/uploads\/2024\/06\/Post-na-Facebook-940x788-px-37-300x251.jpeg","sportspress-fit-icon":"http:\/\/wisla.skoczow.pl\/wp-content\/uploads\/2024\/06\/Post-na-Facebook-940x788-px-37-128x107.jpeg","sportspress-fit-mini":"http:\/\/wisla.skoczow.pl\/wp-content\/uploads\/2024\/06\/Post-na-Facebook-940x788-px-37-32x27.jpeg"},"post_author":"admin","assigned_categories":"Aktualno\u015bci, Pi\u0142karki","_links":{"self":[{"href":"http:\/\/wisla.skoczow.pl\/index.php?rest_route=\/wp\/v2\/posts\/57662","targetHints":{"allow":["GET"]}}],"collection":[{"href":"http:\/\/wisla.skoczow.pl\/index.php?rest_route=\/wp\/v2\/posts"}],"about":[{"href":"http:\/\/wisla.skoczow.pl\/index.php?rest_route=\/wp\/v2\/types\/post"}],"author":[{"embeddable":true,"href":"http:\/\/wisla.skoczow.pl\/index.php?rest_route=\/wp\/v2\/users\/1"}],"replies":[{"embeddable":true,"href":"http:\/\/wisla.skoczow.pl\/index.php?rest_route=%2Fwp%2Fv2%2Fcomments&post=57662"}],"version-history":[{"count":3,"href":"http:\/\/wisla.skoczow.pl\/index.php?rest_route=\/wp\/v2\/posts\/57662\/revisions"}],"predecessor-version":[{"id":57703,"href":"http:\/\/wisla.skoczow.pl\/index.php?rest_route=\/wp\/v2\/posts\/57662\/revisions\/57703"}],"wp:featuredmedia":[{"embeddable":true,"href":"http:\/\/wisla.skoczow.pl\/index.php?rest_route=\/wp\/v2\/media\/49844"}],"wp:attachment":[{"href":"http:\/\/wisla.skoczow.pl\/index.php?rest_route=%2Fwp%2Fv2%2Fmedia&parent=57662"}],"wp:term":[{"taxonomy":"category","embeddable":true,"href":"http:\/\/wisla.skoczow.pl\/index.php?rest_route=%2Fwp%2Fv2%2Fcategories&post=57662"},{"taxonomy":"post_tag","embeddable":true,"href":"http:\/\/wisla.skoczow.pl\/index.php?rest_route=%2Fwp%2Fv2%2Ftags&post=57662"}],"curies":[{"name":"wp","href":"https:\/\/api.w.org\/{rel}","templated":true}]}}