{"id":57671,"date":"2025-07-01T09:00:00","date_gmt":"2025-07-01T08:00:00","guid":{"rendered":"http:\/\/wisla.skoczow.pl\/?p=57671"},"modified":"2025-06-29T13:26:53","modified_gmt":"2025-06-29T12:26:53","slug":"nowy-sezon-2025-2026","status":"publish","type":"post","link":"http:\/\/wisla.skoczow.pl\/?p=57671","title":{"rendered":"NOWY SEZON 2025\/2026"},"content":{"rendered":"\n<p class=\"has-lato-font-family has-normal-font-size\" style=\"line-height:1.1\"><strong>W jakich rozgrywkach b\u0119dziemy rywalizowa\u0107? Jakie kategorie wiekowe b\u0119dziemy szkoli\u0107? <strong>Kto poprowadzi poszczeg\u00f3lne zespo\u0142y?<\/strong> &#8211; Na te pytania mamy odpowied\u017a!<\/strong><\/p>\n\n\n\n<p class=\"has-lato-font-family has-normal-font-size\" style=\"line-height:1.1\">Nasze zespo\u0142y rywalizowa\u0107 b\u0119d\u0105 w pi\u0119ciu rozgrywkach &#8211; cztery na poziomie wojew\u00f3dzkim prowadzonym przez \u015al\u0105ski Zwi\u0105zek Pi\u0142ki No\u017cnej i jeden na poziomie centralnym prowadzonym przez Polski Zwi\u0105zek Pi\u0142ki No\u017cnej. Szkoli\u0107 b\u0119dziemy \u0142\u0105cznie w 7 grupach treningowych, a trenowa\u0107 b\u0119dzie 5 trener\u00f3w. <\/p>\n\n\n\n<div class=\"wp-block-columns is-layout-flex wp-container-core-columns-is-layout-28f84493 wp-block-columns-is-layout-flex\">\n<div class=\"wp-block-column is-layout-flow wp-block-column-is-layout-flow\" style=\"flex-basis:33.33%\">\n<figure class=\"wp-block-image size-large\"><a href=\"http:\/\/wisla.skoczow.pl\/wp-content\/uploads\/2025\/07\/u7.jpg\"><img loading=\"lazy\" decoding=\"async\" width=\"1024\" height=\"683\" src=\"http:\/\/wisla.skoczow.pl\/wp-content\/uploads\/2025\/07\/u7-1024x683.jpg\" alt=\"\" class=\"wp-image-57716\" srcset=\"http:\/\/wisla.skoczow.pl\/wp-content\/uploads\/2025\/07\/u7-1024x683.jpg 1024w, http:\/\/wisla.skoczow.pl\/wp-content\/uploads\/2025\/07\/u7-300x200.jpg 300w, http:\/\/wisla.skoczow.pl\/wp-content\/uploads\/2025\/07\/u7-768x512.jpg 768w, http:\/\/wisla.skoczow.pl\/wp-content\/uploads\/2025\/07\/u7-1536x1024.jpg 1536w, http:\/\/wisla.skoczow.pl\/wp-content\/uploads\/2025\/07\/u7-128x85.jpg 128w, http:\/\/wisla.skoczow.pl\/wp-content\/uploads\/2025\/07\/u7-32x21.jpg 32w, http:\/\/wisla.skoczow.pl\/wp-content\/uploads\/2025\/07\/u7.jpg 2048w\" sizes=\"auto, (max-width: 1024px) 100vw, 1024px\" \/><\/a><\/figure>\n<\/div>\n\n\n\n<div class=\"wp-block-column is-layout-flow wp-block-column-is-layout-flow\" style=\"flex-basis:66.66%\">\n<p class=\"has-lato-font-family has-normal-font-size\" style=\"line-height:1.1\"><strong>PI\u0141KARSKIE PRZEDSZKOLE U7<\/strong><br>Pierwsz\u0105 grup\u0105 s\u0105 Skrzatki, w tej grupie trenowa\u0107 b\u0119d\u0105 najm\u0142odsze adeptki pi\u0142ki no\u017cnej &#8211; 4\/5 &#8211; 6 latki (rocznik 2019\/2020\/2021). Poznawa\u0107 b\u0119d\u0105 podstawy pi\u0142ki no\u017cnej poprzez gry i zabawy z pi\u0142k\u0105, a tak\u017ce \u0107wiczenia og\u00f3lnorozwojowe. <br><br>Grup\u0119 poprowadzi <strong>Karolina Stanna<\/strong>, kt\u00f3ra rozpocz\u0119\u0142a kurs UEFA C. Jest r\u00f3wnie\u017c aktywn\u0105 zawodniczk\u0105 klubu i bierze udzia\u0142 w rozgrywkach centralnych 1 Ligi PLF Futsalu Kobiet. Treningi odbywa\u0107 si\u0119 b\u0119d\u0105 dwa razy w tygodniu po 60 minut.<\/p>\n<\/div>\n<\/div>\n\n\n\n<div class=\"wp-block-columns is-layout-flex wp-container-core-columns-is-layout-28f84493 wp-block-columns-is-layout-flex\">\n<div class=\"wp-block-column is-layout-flow wp-block-column-is-layout-flow\" style=\"flex-basis:33.33%\">\n<figure class=\"wp-block-image size-large\"><a href=\"http:\/\/wisla.skoczow.pl\/wp-content\/uploads\/2025\/07\/U11.jpg\"><img loading=\"lazy\" decoding=\"async\" width=\"1024\" height=\"686\" src=\"http:\/\/wisla.skoczow.pl\/wp-content\/uploads\/2025\/07\/U11-1024x686.jpg\" alt=\"\" class=\"wp-image-57717\" srcset=\"http:\/\/wisla.skoczow.pl\/wp-content\/uploads\/2025\/07\/U11-1024x686.jpg 1024w, http:\/\/wisla.skoczow.pl\/wp-content\/uploads\/2025\/07\/U11-300x201.jpg 300w, http:\/\/wisla.skoczow.pl\/wp-content\/uploads\/2025\/07\/U11-768x515.jpg 768w, http:\/\/wisla.skoczow.pl\/wp-content\/uploads\/2025\/07\/U11-1536x1029.jpg 1536w, http:\/\/wisla.skoczow.pl\/wp-content\/uploads\/2025\/07\/U11-128x86.jpg 128w, http:\/\/wisla.skoczow.pl\/wp-content\/uploads\/2025\/07\/U11-32x21.jpg 32w, http:\/\/wisla.skoczow.pl\/wp-content\/uploads\/2025\/07\/U11.jpg 2048w\" sizes=\"auto, (max-width: 1024px) 100vw, 1024px\" \/><\/a><\/figure>\n<\/div>\n\n\n\n<div class=\"wp-block-column is-layout-flow wp-block-column-is-layout-flow\" style=\"flex-basis:66.66%\">\n<p class=\"has-lato-font-family has-normal-font-size\" style=\"line-height:1.1\"><strong>ORLICZKI U11 &#8211; \u015al\u0105ska Liga Orliczek (I Liga Wojew\u00f3dzka)<\/strong><br>Drug\u0105 grup\u0105 s\u0105 \u017baczki i Orliczki, w zespole trenowa\u0107 b\u0119d\u0105 7-10 latki (rocznik 2015\/2016\/2017\/2018). Po dw\u00f3ch sezonach gry w ch\u0142opi\u0119cej lidze \u017caka, dziewczyny rozpoczn\u0105 rozgrywki w swojej kategorii wiekowej na wi\u0119ksze bramki oraz 7 zawodniczkami w polu. W tej kategorii \u015alZPN nie prowadzi tabeli wynik\u00f3w &#8211; dziewczyny graj\u0105 dla rozwoju. Zawody s\u0105 rozgrywane w formule turniejowej ze zmianami powrotnymi. Zawodniczki b\u0119d\u0105 poznawa\u0107 indywidualne fundamenty gry. <br><br>Grup\u0119 poprowadzi <strong>Nikola Skurzok<\/strong>, kt\u00f3ra rozpocz\u0119\u0142a kurs UEFA C. Jest r\u00f3wnie\u017c aktywn\u0105 zawodniczk\u0105 klubu i bierze udzia\u0142 w rozgrywkach centralnych 1 Ligi PLF Futsalu Kobiet. Treningi odbywa\u0107 si\u0119 b\u0119d\u0105 dwa razy w tygodniu po 90 minut.<\/p>\n<\/div>\n<\/div>\n\n\n\n<div class=\"wp-block-columns is-layout-flex wp-container-core-columns-is-layout-28f84493 wp-block-columns-is-layout-flex\">\n<div class=\"wp-block-column is-layout-flow wp-block-column-is-layout-flow\" style=\"flex-basis:33.33%\">\n<figure class=\"wp-block-image size-large\"><a href=\"http:\/\/wisla.skoczow.pl\/wp-content\/uploads\/2025\/07\/U13.jpg\"><img loading=\"lazy\" decoding=\"async\" width=\"1024\" height=\"683\" src=\"http:\/\/wisla.skoczow.pl\/wp-content\/uploads\/2025\/07\/U13-1024x683.jpg\" alt=\"\" class=\"wp-image-57718\" srcset=\"http:\/\/wisla.skoczow.pl\/wp-content\/uploads\/2025\/07\/U13-1024x683.jpg 1024w, http:\/\/wisla.skoczow.pl\/wp-content\/uploads\/2025\/07\/U13-300x200.jpg 300w, http:\/\/wisla.skoczow.pl\/wp-content\/uploads\/2025\/07\/U13-768x512.jpg 768w, http:\/\/wisla.skoczow.pl\/wp-content\/uploads\/2025\/07\/U13-1536x1024.jpg 1536w, http:\/\/wisla.skoczow.pl\/wp-content\/uploads\/2025\/07\/U13-128x85.jpg 128w, http:\/\/wisla.skoczow.pl\/wp-content\/uploads\/2025\/07\/U13-32x21.jpg 32w, http:\/\/wisla.skoczow.pl\/wp-content\/uploads\/2025\/07\/U13.jpg 2048w\" sizes=\"auto, (max-width: 1024px) 100vw, 1024px\" \/><\/a><\/figure>\n<\/div>\n\n\n\n<div class=\"wp-block-column is-layout-flow wp-block-column-is-layout-flow\" style=\"flex-basis:66.66%\">\n<p class=\"has-lato-font-family has-normal-font-size\" style=\"line-height:1.1\"><strong>M\u0141ODZICZKI U13 &#8211; \u015al\u0105ska Liga M\u0142odziczek (II Liga Wojew\u00f3dzka)<\/strong><br>Trzeci\u0105 grup\u0105 s\u0105 M\u0142odziczki, w zespole trenowa\u0107 b\u0119d\u0105 11-12 latki (rocznik 2013\/2014).<br>Dziewcz\u0119ta b\u0119d\u0105 rywalizowa\u0107 o punkty w ka\u017cdym spotkaniu (2&#215;40 min), a na boisko wybiegn\u0105 w 9 osobowym sk\u0142adzie, ze zmianami powrotnymi. Rozgrywki ligowe odb\u0119d\u0105 si\u0119 systemem dwurundowym &#8211; mecz i rewan\u017c. <br><br>Zesp\u00f3\u0142 poprowadzi <strong>Sonia Gustowska<\/strong>, trenerka z licencj\u0105 UEFA A. Treningi odbywa\u0107 si\u0119 b\u0119d\u0105 trzy razy w tygodniu po 90 minut.<\/p>\n<\/div>\n<\/div>\n\n\n\n<div class=\"wp-block-columns is-layout-flex wp-container-core-columns-is-layout-28f84493 wp-block-columns-is-layout-flex\">\n<div class=\"wp-block-column is-layout-flow wp-block-column-is-layout-flow\" style=\"flex-basis:33.33%\">\n<figure class=\"wp-block-image size-large\"><a href=\"http:\/\/wisla.skoczow.pl\/wp-content\/uploads\/2025\/07\/U16-1.jpg\"><img loading=\"lazy\" decoding=\"async\" width=\"1024\" height=\"683\" src=\"http:\/\/wisla.skoczow.pl\/wp-content\/uploads\/2025\/07\/U16-1-1024x683.jpg\" alt=\"\" class=\"wp-image-57720\" srcset=\"http:\/\/wisla.skoczow.pl\/wp-content\/uploads\/2025\/07\/U16-1-1024x683.jpg 1024w, http:\/\/wisla.skoczow.pl\/wp-content\/uploads\/2025\/07\/U16-1-300x200.jpg 300w, http:\/\/wisla.skoczow.pl\/wp-content\/uploads\/2025\/07\/U16-1-768x512.jpg 768w, http:\/\/wisla.skoczow.pl\/wp-content\/uploads\/2025\/07\/U16-1-1536x1024.jpg 1536w, http:\/\/wisla.skoczow.pl\/wp-content\/uploads\/2025\/07\/U16-1-128x85.jpg 128w, http:\/\/wisla.skoczow.pl\/wp-content\/uploads\/2025\/07\/U16-1-32x21.jpg 32w, http:\/\/wisla.skoczow.pl\/wp-content\/uploads\/2025\/07\/U16-1.jpg 2048w\" sizes=\"auto, (max-width: 1024px) 100vw, 1024px\" \/><\/a><\/figure>\n<\/div>\n\n\n\n<div class=\"wp-block-column is-layout-flow wp-block-column-is-layout-flow\" style=\"flex-basis:66.66%\">\n<p class=\"has-lato-font-family has-normal-font-size\" style=\"line-height:1.1\"><strong>JUNIORKI M\u0141ODSZE U16 &#8211; \u015al\u0105ska Liga Juniorek M\u0142odszych (II Liga Wojew\u00f3dzka) <\/strong><br>Czwart\u0105 grup\u0105 s\u0105 Juniorki M\u0142odsze, w zespole trenowa\u0107 b\u0119d\u0105 13-15 latki (rocznik 2010\/2011\/2012). Zesp\u00f3\u0142 rywalizowa\u0107 b\u0119dzie o punkty w ka\u017cdym spotkaniu (2&#215;45 minut), a na boisko wybiegn\u0105 w 11 osobowym sk\u0142adzie, z mo\u017cliwo\u015bci\u0105 7 zmian. Spotkania ligowe odb\u0119d\u0105 si\u0119 w systemie czterorundowym &#8211; mecz i rewan\u017c jesieni\u0105, a tak\u017ce wiosn\u0105. <br><br>Zesp\u00f3\u0142 poprowadzi <strong>Klaudia Bogacka<\/strong>, trenerka z licencj\u0105 UEFA B. Treningi odbywa\u0107 si\u0119 b\u0119d\u0105 trzy razy w tygodniu po 90 minut.<br><\/p>\n<\/div>\n<\/div>\n\n\n\n<div class=\"wp-block-columns is-layout-flex wp-container-core-columns-is-layout-28f84493 wp-block-columns-is-layout-flex\">\n<div class=\"wp-block-column is-layout-flow wp-block-column-is-layout-flow\" style=\"flex-basis:33.33%\">\n<figure class=\"wp-block-image size-large\"><a href=\"http:\/\/wisla.skoczow.pl\/wp-content\/uploads\/2025\/07\/U18.jpg\"><img loading=\"lazy\" decoding=\"async\" width=\"1024\" height=\"576\" src=\"http:\/\/wisla.skoczow.pl\/wp-content\/uploads\/2025\/07\/U18-1024x576.jpg\" alt=\"\" class=\"wp-image-57721\" srcset=\"http:\/\/wisla.skoczow.pl\/wp-content\/uploads\/2025\/07\/U18-1024x576.jpg 1024w, http:\/\/wisla.skoczow.pl\/wp-content\/uploads\/2025\/07\/U18-300x169.jpg 300w, http:\/\/wisla.skoczow.pl\/wp-content\/uploads\/2025\/07\/U18-768x432.jpg 768w, http:\/\/wisla.skoczow.pl\/wp-content\/uploads\/2025\/07\/U18-1536x864.jpg 1536w, http:\/\/wisla.skoczow.pl\/wp-content\/uploads\/2025\/07\/U18-128x72.jpg 128w, http:\/\/wisla.skoczow.pl\/wp-content\/uploads\/2025\/07\/U18-32x18.jpg 32w, http:\/\/wisla.skoczow.pl\/wp-content\/uploads\/2025\/07\/U18.jpg 2048w\" sizes=\"auto, (max-width: 1024px) 100vw, 1024px\" \/><\/a><\/figure>\n<\/div>\n\n\n\n<div class=\"wp-block-column is-layout-flow wp-block-column-is-layout-flow\" style=\"flex-basis:66.66%\">\n<p class=\"has-lato-font-family has-normal-font-size\" style=\"line-height:1.1\"><strong>JUNIORKI STARSZE U18\/SENIORKI &#8211; IV LIGA KOBIET (poziom wojew\u00f3dzki)<\/strong><br>Pi\u0105t\u0105 grup\u0105 jest zesp\u00f3\u0142 juniorsko-seniorski, w kt\u00f3rym trenowa\u0107 b\u0119d\u0105 16-18 latki oraz pe\u0142noletnie zawodniczki (rocznik 2009\/2008\/2007 i starsze). Rozgrywki b\u0119d\u0105 odbywa\u0107 si\u0119 w systemie dwurundowym &#8211; mecz jesieni\u0105 i rewan\u017c wiosn\u0105, w spotkaniach o mistrzostwo IV Ligi (2&#215;45 min). Zawodniczki wybiegn\u0105 na boisko w 11 osobowym sk\u0142adzie z mo\u017cliwo\u015bci\u0105 5 zmian. <br><br>Zesp\u00f3\u0142 poprowadzi <strong>Klaudia Bogacka<\/strong>, trenerka z licencj\u0105 UEFA B. Treningi odbywa\u0107 si\u0119 b\u0119d\u0105 dwa razy w tygodniu po 90 minut.<\/p>\n<\/div>\n<\/div>\n\n\n\n<div class=\"wp-block-columns is-layout-flex wp-container-core-columns-is-layout-28f84493 wp-block-columns-is-layout-flex\">\n<div class=\"wp-block-column is-layout-flow wp-block-column-is-layout-flow\" style=\"flex-basis:33.33%\">\n<figure class=\"wp-block-image size-large\"><a href=\"http:\/\/wisla.skoczow.pl\/wp-content\/uploads\/2025\/07\/futsal.jpg\"><img loading=\"lazy\" decoding=\"async\" width=\"1024\" height=\"683\" src=\"http:\/\/wisla.skoczow.pl\/wp-content\/uploads\/2025\/07\/futsal-1024x683.jpg\" alt=\"\" class=\"wp-image-57722\" srcset=\"http:\/\/wisla.skoczow.pl\/wp-content\/uploads\/2025\/07\/futsal-1024x683.jpg 1024w, http:\/\/wisla.skoczow.pl\/wp-content\/uploads\/2025\/07\/futsal-300x200.jpg 300w, http:\/\/wisla.skoczow.pl\/wp-content\/uploads\/2025\/07\/futsal-768x512.jpg 768w, http:\/\/wisla.skoczow.pl\/wp-content\/uploads\/2025\/07\/futsal-1536x1024.jpg 1536w, http:\/\/wisla.skoczow.pl\/wp-content\/uploads\/2025\/07\/futsal-128x85.jpg 128w, http:\/\/wisla.skoczow.pl\/wp-content\/uploads\/2025\/07\/futsal-32x21.jpg 32w, http:\/\/wisla.skoczow.pl\/wp-content\/uploads\/2025\/07\/futsal.jpg 2048w\" sizes=\"auto, (max-width: 1024px) 100vw, 1024px\" \/><\/a><\/figure>\n<\/div>\n\n\n\n<div class=\"wp-block-column is-layout-flow wp-block-column-is-layout-flow\" style=\"flex-basis:66.66%\">\n<p class=\"has-lato-font-family has-normal-font-size\" style=\"line-height:1.1\"><strong>FUTSAL &#8211; 1 LIGA PLF FUTSALU KOBIET (poziom centralny)<\/strong><br>Sz\u00f3st\u0105 grup\u0105 s\u0105 futsalistki &#8211; halowa pi\u0142ka no\u017cna. W zespole trenowa\u0107 b\u0119d\u0105 zawodniczki, kt\u00f3re uko\u0144czy\u0142y 15 lat i starsze (rocznik 2009 i starsze). Rozgrywki nadzoruje Polski Zwi\u0105zek Pi\u0142ki No\u017cnej, a zmagania odb\u0119d\u0105 si\u0119 w III Makroregionie 1 Ligi. Na boisko zawodniczki wychodz\u0105 w 5 osobowym sk\u0142adzie, a spotkanie trwa 2&#215;20 minut efektywnego czasu gry. System rozgrywek &#8211; dwurundowy &#8211; mecz jesieni\u0105 i rewan\u017c wiosn\u0105. Mistrz grupy rozgrywa bara\u017ce (dwa spotkania) o wej\u015bcie do Ekstraligi kobiet z mistrzem IV Makroregionu. Rywalizowa\u0107 b\u0119dziemy r\u00f3wnie\u017c w <strong>M\u0142odzie\u017cowych Mistrzostwach Polski w Futsalu Kobiet U15\/U17<\/strong>, a tak\u017ce <strong>Pucharze Polski.<\/strong>. <br><br>Zesp\u00f3\u0142 poprowadzi <strong>Sonia Gustowska<\/strong>, trenerka posiadaj\u0105ca specjalistyczn\u0105 licencj\u0119 UEFA FUTSAL B. Treningi odbywa\u0107 si\u0119 b\u0119d\u0105 trzy razy w tygodniu na hali oraz jeden trening na si\u0142owni + basen. <\/p>\n<\/div>\n<\/div>\n\n\n\n<div class=\"wp-block-columns is-layout-flex wp-container-core-columns-is-layout-28f84493 wp-block-columns-is-layout-flex\">\n<div class=\"wp-block-column is-layout-flow wp-block-column-is-layout-flow\" style=\"flex-basis:33.33%\">\n<figure class=\"wp-block-image size-large\"><a href=\"http:\/\/wisla.skoczow.pl\/wp-content\/uploads\/2025\/07\/bramkarki.jpg\"><img loading=\"lazy\" decoding=\"async\" width=\"1024\" height=\"683\" src=\"http:\/\/wisla.skoczow.pl\/wp-content\/uploads\/2025\/07\/bramkarki-1024x683.jpg\" alt=\"\" class=\"wp-image-57723\" srcset=\"http:\/\/wisla.skoczow.pl\/wp-content\/uploads\/2025\/07\/bramkarki-1024x683.jpg 1024w, http:\/\/wisla.skoczow.pl\/wp-content\/uploads\/2025\/07\/bramkarki-300x200.jpg 300w, http:\/\/wisla.skoczow.pl\/wp-content\/uploads\/2025\/07\/bramkarki-768x512.jpg 768w, http:\/\/wisla.skoczow.pl\/wp-content\/uploads\/2025\/07\/bramkarki-1536x1024.jpg 1536w, http:\/\/wisla.skoczow.pl\/wp-content\/uploads\/2025\/07\/bramkarki-128x85.jpg 128w, http:\/\/wisla.skoczow.pl\/wp-content\/uploads\/2025\/07\/bramkarki-32x21.jpg 32w, http:\/\/wisla.skoczow.pl\/wp-content\/uploads\/2025\/07\/bramkarki.jpg 2048w\" sizes=\"auto, (max-width: 1024px) 100vw, 1024px\" \/><\/a><\/figure>\n<\/div>\n\n\n\n<div class=\"wp-block-column is-layout-flow wp-block-column-is-layout-flow\" style=\"flex-basis:66.66%\">\n<p class=\"has-lato-font-family has-normal-font-size\" style=\"line-height:1.1\">Ostatnia grupa szkoleniowa to <strong>BRAMKARKI<\/strong> oraz trening <strong>TECHNIKI U\u017bYTKOWEJ<\/strong>.  Treningi dla bramkarek odbywa\u0107 si\u0119 b\u0119d\u0105 dwa razy w tygodniu, a techniki u\u017cytkowej raz w tygodniu.<br><br>Zaj\u0119cia poprowadzi <strong>Mariusz Kurzok<\/strong>, trener z licencj\u0105 UEFA C.<\/p>\n<\/div>\n<\/div>\n\n\n\n<p class=\"has-lato-font-family has-normal-font-size\" style=\"line-height:1.1\"><br>Szczeg\u00f3\u0142owy harmonogram trening\u00f3w oraz terminarz rozgrywek, zespo\u0142y rywalek w poszczeg\u00f3lnych ligach poznamy w po\u0142owie lipca. <br><strong><br>Zawodniczki i trenerzy &#8211; POWODZENIA W NOWYM SEZONIE! Drodzy kibice i sympatycy &#8211; liczymy na Wasze wsparcie!<\/strong><br><br><br><\/p>\n\n\n\n<p><\/p>\n\n\n\n<p><\/p>\n","protected":false},"excerpt":{"rendered":"<p>W jakich rozgrywkach b\u0119dziemy rywalizowa\u0107? Jakie kategorie wiekowe b\u0119dziemy szkoli\u0107? Kto poprowadzi poszczeg\u00f3lne zespo\u0142y? &#8211; Na te pytania mamy odpowied\u017a! Nasze zespo\u0142y rywalizowa\u0107 b\u0119d\u0105 w pi\u0119ciu rozgrywkach &#8211; cztery na poziomie wojew\u00f3dzkim prowadzonym przez \u015al\u0105ski Zwi\u0105zek Pi\u0142ki No\u017cnej i jeden na poziomie centralnym prowadzonym przez Polski Zwi\u0105zek Pi\u0142ki No\u017cnej. Szkoli\u0107 b\u0119dziemy \u0142\u0105cznie w 7 grupach [&hellip;]<\/p>\n","protected":false},"author":1,"featured_media":57698,"comment_status":"closed","ping_status":"closed","sticky":false,"template":"","format":"standard","meta":{"ngg_post_thumbnail":0,"footnotes":""},"categories":[4,55],"tags":[],"class_list":["post-57671","post","type-post","status-publish","format-standard","has-post-thumbnail","hentry","category-news","category-pilkarki"],"featured_image_url":{"thumbnail":"http:\/\/wisla.skoczow.pl\/wp-content\/uploads\/2025\/07\/Post-na-Facebook-940x788-px-1-150x150.jpeg","medium":"http:\/\/wisla.skoczow.pl\/wp-content\/uploads\/2025\/07\/Post-na-Facebook-940x788-px-1-300x251.jpeg","medium_large":"http:\/\/wisla.skoczow.pl\/wp-content\/uploads\/2025\/07\/Post-na-Facebook-940x788-px-1-768x644.jpeg","large":"http:\/\/wisla.skoczow.pl\/wp-content\/uploads\/2025\/07\/Post-na-Facebook-940x788-px-1.jpeg","1536x1536":"http:\/\/wisla.skoczow.pl\/wp-content\/uploads\/2025\/07\/Post-na-Facebook-940x788-px-1.jpeg","2048x2048":"http:\/\/wisla.skoczow.pl\/wp-content\/uploads\/2025\/07\/Post-na-Facebook-940x788-px-1.jpeg","sportspress-crop-medium":"http:\/\/wisla.skoczow.pl\/wp-content\/uploads\/2025\/07\/Post-na-Facebook-940x788-px-1-300x300.jpeg","sportspress-fit-medium":"http:\/\/wisla.skoczow.pl\/wp-content\/uploads\/2025\/07\/Post-na-Facebook-940x788-px-1-300x251.jpeg","sportspress-fit-icon":"http:\/\/wisla.skoczow.pl\/wp-content\/uploads\/2025\/07\/Post-na-Facebook-940x788-px-1-128x107.jpeg","sportspress-fit-mini":"http:\/\/wisla.skoczow.pl\/wp-content\/uploads\/2025\/07\/Post-na-Facebook-940x788-px-1-32x27.jpeg"},"post_author":"admin","assigned_categories":"Aktualno\u015bci, Pi\u0142karki","_links":{"self":[{"href":"http:\/\/wisla.skoczow.pl\/index.php?rest_route=\/wp\/v2\/posts\/57671","targetHints":{"allow":["GET"]}}],"collection":[{"href":"http:\/\/wisla.skoczow.pl\/index.php?rest_route=\/wp\/v2\/posts"}],"about":[{"href":"http:\/\/wisla.skoczow.pl\/index.php?rest_route=\/wp\/v2\/types\/post"}],"author":[{"embeddable":true,"href":"http:\/\/wisla.skoczow.pl\/index.php?rest_route=\/wp\/v2\/users\/1"}],"replies":[{"embeddable":true,"href":"http:\/\/wisla.skoczow.pl\/index.php?rest_route=%2Fwp%2Fv2%2Fcomments&post=57671"}],"version-history":[{"count":5,"href":"http:\/\/wisla.skoczow.pl\/index.php?rest_route=\/wp\/v2\/posts\/57671\/revisions"}],"predecessor-version":[{"id":57724,"href":"http:\/\/wisla.skoczow.pl\/index.php?rest_route=\/wp\/v2\/posts\/57671\/revisions\/57724"}],"wp:featuredmedia":[{"embeddable":true,"href":"http:\/\/wisla.skoczow.pl\/index.php?rest_route=\/wp\/v2\/media\/57698"}],"wp:attachment":[{"href":"http:\/\/wisla.skoczow.pl\/index.php?rest_route=%2Fwp%2Fv2%2Fmedia&parent=57671"}],"wp:term":[{"taxonomy":"category","embeddable":true,"href":"http:\/\/wisla.skoczow.pl\/index.php?rest_route=%2Fwp%2Fv2%2Fcategories&post=57671"},{"taxonomy":"post_tag","embeddable":true,"href":"http:\/\/wisla.skoczow.pl\/index.php?rest_route=%2Fwp%2Fv2%2Ftags&post=57671"}],"curies":[{"name":"wp","href":"https:\/\/api.w.org\/{rel}","templated":true}]}}