{"id":57673,"date":"2025-06-29T09:00:00","date_gmt":"2025-06-29T08:00:00","guid":{"rendered":"http:\/\/wisla.skoczow.pl\/?p=57673"},"modified":"2025-06-28T13:29:32","modified_gmt":"2025-06-28T12:29:32","slug":"juniorki-mlodsze-u16-podsumowanie-sezonu-2024-2025","status":"publish","type":"post","link":"http:\/\/wisla.skoczow.pl\/?p=57673","title":{"rendered":"Juniorki M\u0142odsze U16 \u2013 podsumowanie sezonu 2024\/2025"},"content":{"rendered":"\n<p class=\"has-lato-font-family has-normal-font-size\" style=\"line-height:1.1\">Za nami sezon w \u015al\u0105skiej Lidze Juniorek U16. Przyst\u0105pili\u015bmy do sezonu w mocno okrojonym sk\u0142adzie, nie raz zdarza\u0142o si\u0119 \u017ce grali\u015bmy niepe\u0142nym sk\u0142adem co mia\u0142o du\u017cy wp\u0142yw na osi\u0105gni\u0119te wyniki w tym sezonie.<\/p>\n\n\n\n<p class=\"has-lato-font-family has-normal-font-size\" style=\"line-height:1.1\">W ca\u0142ym sezonie rozegrali\u015bmy 24 mecze w kt\u00f3rych 3 zremisowali\u015bmy i 14 wygrali\u015bmy, <strong>\u0142\u0105cznie zdobywaj\u0105c 107 bramek i 45 punkt\u00f3w<\/strong>. Patrz\u0105c na gr\u0119 naszych zawodniczek w tym sezonie, wida\u0107 zdecydowany post\u0119p w ich umiej\u0119tno\u015bciach, co mo\u017cna by\u0142o dostrzec w kolejnych meczach, kt\u00f3re rozgrywa\u0142y. Najwi\u0119cej bramek zdoby\u0142a <strong>Lena \u2013 39<\/strong>. Zdaniem trenerki Klaudii, &#8222;je\u017celi chodzi o najlepsz\u0105 zawodniczk\u0119 to w minionym sezonie po prostu nie jestem w stanie wybra\u0107, ka\u017cda z dziewczyn zrobi\u0142a post\u0119p patrz\u0105c na r\u00f3\u017cne aspekty takie jak technika, rozumienie gry czy podej\u015bcie pod wzgl\u0119dem mentalnym. Wybranie jednej osoby nie odda\u0142oby stanu faktycznego wi\u0119c na najlepsz\u0105 osob\u0119 wybieram ka\u017cd\u0105 zawodniczk\u0119 z osobna w po\u0142\u0105czeniu jako ca\u0142o\u015b\u0107 czyli zesp\u00f3\u0142.&#8221;<\/p>\n\n\n\n<p class=\"has-lato-font-family has-normal-font-size\" style=\"line-height:1.1\"><strong>Zestawienie wynik\u00f3w:<\/strong><\/p>\n\n\n\n<figure class=\"wp-block-image size-full\"><a href=\"http:\/\/wisla.skoczow.pl\/wp-content\/uploads\/2025\/06\/obraz-1.png\"><img loading=\"lazy\" decoding=\"async\" width=\"438\" height=\"477\" src=\"http:\/\/wisla.skoczow.pl\/wp-content\/uploads\/2025\/06\/obraz-1.png\" alt=\"\" class=\"wp-image-57688\" srcset=\"http:\/\/wisla.skoczow.pl\/wp-content\/uploads\/2025\/06\/obraz-1.png 438w, http:\/\/wisla.skoczow.pl\/wp-content\/uploads\/2025\/06\/obraz-1-275x300.png 275w, http:\/\/wisla.skoczow.pl\/wp-content\/uploads\/2025\/06\/obraz-1-118x128.png 118w, http:\/\/wisla.skoczow.pl\/wp-content\/uploads\/2025\/06\/obraz-1-29x32.png 29w\" sizes=\"auto, (max-width: 438px) 100vw, 438px\" \/><\/a><\/figure>\n\n\n\n<p class=\"has-lato-font-family has-normal-font-size\" style=\"line-height:1.1\"><strong>Trener Klaudia Bogacka:<\/strong> ,,Miniony sezon zaliczam do udanych, post\u0119p jaki zrobi\u0142y dziewczyny jest bardzo widoczny, w szczeg\u00f3lno\u015bci pod wzgl\u0119dem technicznym jak i rozumienia gry. Wa\u017cnym aspektem jest jednak gra zespo\u0142owa, kt\u00f3r\u0105 mieli\u015bmy przyjemno\u015b\u0107 ogl\u0105da\u0107 w tym sezonie i by\u0142 to efekt ci\u0119\u017ckiej pracy w\u0142o\u017conej na treningach. Ka\u017cda zawodniczka wiedzia\u0142a za co odpowiada i co ma robi\u0107 w danej sytuacji. Pami\u0119tajmy, \u017ce na bramki te zdobyte jak i stracone pracuje ca\u0142y zesp\u00f3\u0142. Chcieli\u015bmy gra\u0107 ofensywnie i to si\u0119 uda\u0142o o czym \u015bwiadczy liczba zdobytych bramek. Zdecydowanie mniej bramek tracili\u015bmy w por\u00f3wnaniu do poprzednich sezon\u00f3w, a wi\u0119c wida\u0107 nasz\u0105 jako\u015b\u0107 w ataku jak i obronie. Mimo kilku kontuzji i wymuszonej przerwie w grze kilku zawodniczek w wi\u0119kszo\u015bci przypadk\u00f3w radzili\u015bmy sobie naprawd\u0119 dobrze graj\u0105c cz\u0119sto bez \u0142awki rezerwowych. Bardzo mnie cieszy, \u017ce nawet gdy zrobi\u0119 zmiany w ustawieniu i na pozycjach gdzie zawodniczki musz\u0105 odnale\u017a\u0107 si\u0119 w innej sytuacji ni\u017c graj\u0105 zazwyczaj z pe\u0142n\u0105 \u015bwiadomo\u015bci\u0105 stwierdzam, \u017ce poradzi\u0142y sobie \u015bwietnie. To jest co\u015b do czego d\u0105\u017cymy, \u017ceby poradzi\u0107 sobie w ka\u017cdej sytuacji i robi\u0107 to z odpowiedni\u0105 jako\u015bci\u0105. Brawa dla ka\u017cdej zawodniczki, bo w tym sezonie pokaza\u0142y, \u017ce ci\u0119\u017cka praca pop\u0142aca, a jej efekty widzieli\u015bmy na meczach. Nadal b\u0119dziemy ci\u0119\u017cko trenowa\u0107 i my\u015blami ju\u017c jestem w planach na nowy sezon oraz dalszy rozw\u00f3j tego nad czym pracujemy od dawna. Przysz\u0142y sezon zapowiada si\u0119 naprawd\u0119 ciekawie.&#8221;<\/p>\n\n\n\n<figure class=\"wp-block-gallery has-nested-images columns-default is-cropped wp-block-gallery-1 is-layout-flex wp-block-gallery-is-layout-flex\">\n<figure class=\"wp-block-image size-large\"><a href=\"http:\/\/wisla.skoczow.pl\/wp-content\/uploads\/2025\/06\/498642599_1272555351541662_7750604115352445294_n.jpg\"><img loading=\"lazy\" decoding=\"async\" width=\"1024\" height=\"768\" data-id=\"57155\" src=\"http:\/\/wisla.skoczow.pl\/wp-content\/uploads\/2025\/06\/498642599_1272555351541662_7750604115352445294_n-1024x768.jpg\" alt=\"\" class=\"wp-image-57155\" srcset=\"http:\/\/wisla.skoczow.pl\/wp-content\/uploads\/2025\/06\/498642599_1272555351541662_7750604115352445294_n-1024x768.jpg 1024w, http:\/\/wisla.skoczow.pl\/wp-content\/uploads\/2025\/06\/498642599_1272555351541662_7750604115352445294_n-300x225.jpg 300w, http:\/\/wisla.skoczow.pl\/wp-content\/uploads\/2025\/06\/498642599_1272555351541662_7750604115352445294_n-768x576.jpg 768w, http:\/\/wisla.skoczow.pl\/wp-content\/uploads\/2025\/06\/498642599_1272555351541662_7750604115352445294_n-1536x1152.jpg 1536w, http:\/\/wisla.skoczow.pl\/wp-content\/uploads\/2025\/06\/498642599_1272555351541662_7750604115352445294_n-128x96.jpg 128w, http:\/\/wisla.skoczow.pl\/wp-content\/uploads\/2025\/06\/498642599_1272555351541662_7750604115352445294_n-32x24.jpg 32w, http:\/\/wisla.skoczow.pl\/wp-content\/uploads\/2025\/06\/498642599_1272555351541662_7750604115352445294_n.jpg 1765w\" sizes=\"auto, (max-width: 1024px) 100vw, 1024px\" \/><\/a><\/figure>\n\n\n\n<figure class=\"wp-block-image size-large\"><a href=\"http:\/\/wisla.skoczow.pl\/wp-content\/uploads\/2025\/05\/494957268_1261363469327517_261452530366624903_n.jpg\"><img loading=\"lazy\" decoding=\"async\" width=\"1024\" height=\"768\" data-id=\"57076\" src=\"http:\/\/wisla.skoczow.pl\/wp-content\/uploads\/2025\/05\/494957268_1261363469327517_261452530366624903_n-1024x768.jpg\" alt=\"\" class=\"wp-image-57076\" srcset=\"http:\/\/wisla.skoczow.pl\/wp-content\/uploads\/2025\/05\/494957268_1261363469327517_261452530366624903_n-1024x768.jpg 1024w, http:\/\/wisla.skoczow.pl\/wp-content\/uploads\/2025\/05\/494957268_1261363469327517_261452530366624903_n-300x225.jpg 300w, http:\/\/wisla.skoczow.pl\/wp-content\/uploads\/2025\/05\/494957268_1261363469327517_261452530366624903_n-768x576.jpg 768w, http:\/\/wisla.skoczow.pl\/wp-content\/uploads\/2025\/05\/494957268_1261363469327517_261452530366624903_n-1536x1152.jpg 1536w, http:\/\/wisla.skoczow.pl\/wp-content\/uploads\/2025\/05\/494957268_1261363469327517_261452530366624903_n-128x96.jpg 128w, http:\/\/wisla.skoczow.pl\/wp-content\/uploads\/2025\/05\/494957268_1261363469327517_261452530366624903_n-32x24.jpg 32w, http:\/\/wisla.skoczow.pl\/wp-content\/uploads\/2025\/05\/494957268_1261363469327517_261452530366624903_n.jpg 2048w\" sizes=\"auto, (max-width: 1024px) 100vw, 1024px\" \/><\/a><\/figure>\n\n\n\n<figure class=\"wp-block-image size-large\"><a href=\"http:\/\/wisla.skoczow.pl\/wp-content\/uploads\/2024\/09\/458733016_1056141706516362_8977978418493658135_n.jpg\"><img loading=\"lazy\" decoding=\"async\" width=\"960\" height=\"720\" data-id=\"53898\" src=\"http:\/\/wisla.skoczow.pl\/wp-content\/uploads\/2024\/09\/458733016_1056141706516362_8977978418493658135_n.jpg\" alt=\"\" class=\"wp-image-53898\" srcset=\"http:\/\/wisla.skoczow.pl\/wp-content\/uploads\/2024\/09\/458733016_1056141706516362_8977978418493658135_n.jpg 960w, http:\/\/wisla.skoczow.pl\/wp-content\/uploads\/2024\/09\/458733016_1056141706516362_8977978418493658135_n-300x225.jpg 300w, http:\/\/wisla.skoczow.pl\/wp-content\/uploads\/2024\/09\/458733016_1056141706516362_8977978418493658135_n-768x576.jpg 768w, http:\/\/wisla.skoczow.pl\/wp-content\/uploads\/2024\/09\/458733016_1056141706516362_8977978418493658135_n-128x96.jpg 128w, http:\/\/wisla.skoczow.pl\/wp-content\/uploads\/2024\/09\/458733016_1056141706516362_8977978418493658135_n-32x24.jpg 32w\" sizes=\"auto, (max-width: 960px) 100vw, 960px\" \/><\/a><\/figure>\n<\/figure>\n","protected":false},"excerpt":{"rendered":"<p>Za nami sezon w \u015al\u0105skiej Lidze Juniorek U16. Przyst\u0105pili\u015bmy do sezonu w mocno okrojonym sk\u0142adzie, nie raz zdarza\u0142o si\u0119 \u017ce grali\u015bmy niepe\u0142nym sk\u0142adem co mia\u0142o du\u017cy wp\u0142yw na osi\u0105gni\u0119te wyniki w tym sezonie. W ca\u0142ym sezonie rozegrali\u015bmy 24 mecze w kt\u00f3rych 3 zremisowali\u015bmy i 14 wygrali\u015bmy, \u0142\u0105cznie zdobywaj\u0105c 107 bramek i 45 punkt\u00f3w. Patrz\u0105c na [&hellip;]<\/p>\n","protected":false},"author":1,"featured_media":57583,"comment_status":"closed","ping_status":"closed","sticky":false,"template":"","format":"standard","meta":{"ngg_post_thumbnail":0,"footnotes":""},"categories":[4,55],"tags":[],"class_list":["post-57673","post","type-post","status-publish","format-standard","has-post-thumbnail","hentry","category-news","category-pilkarki"],"featured_image_url":{"thumbnail":"http:\/\/wisla.skoczow.pl\/wp-content\/uploads\/2025\/06\/507767517_1295087799288417_1107960556844887788_n-150x150.jpg","medium":"http:\/\/wisla.skoczow.pl\/wp-content\/uploads\/2025\/06\/507767517_1295087799288417_1107960556844887788_n-300x200.jpg","medium_large":"http:\/\/wisla.skoczow.pl\/wp-content\/uploads\/2025\/06\/507767517_1295087799288417_1107960556844887788_n-768x512.jpg","large":"http:\/\/wisla.skoczow.pl\/wp-content\/uploads\/2025\/06\/507767517_1295087799288417_1107960556844887788_n-1024x683.jpg","1536x1536":"http:\/\/wisla.skoczow.pl\/wp-content\/uploads\/2025\/06\/507767517_1295087799288417_1107960556844887788_n-1536x1024.jpg","2048x2048":"http:\/\/wisla.skoczow.pl\/wp-content\/uploads\/2025\/06\/507767517_1295087799288417_1107960556844887788_n.jpg","sportspress-crop-medium":"http:\/\/wisla.skoczow.pl\/wp-content\/uploads\/2025\/06\/507767517_1295087799288417_1107960556844887788_n-300x300.jpg","sportspress-fit-medium":"http:\/\/wisla.skoczow.pl\/wp-content\/uploads\/2025\/06\/507767517_1295087799288417_1107960556844887788_n-300x200.jpg","sportspress-fit-icon":"http:\/\/wisla.skoczow.pl\/wp-content\/uploads\/2025\/06\/507767517_1295087799288417_1107960556844887788_n-128x85.jpg","sportspress-fit-mini":"http:\/\/wisla.skoczow.pl\/wp-content\/uploads\/2025\/06\/507767517_1295087799288417_1107960556844887788_n-32x21.jpg"},"post_author":"admin","assigned_categories":"Aktualno\u015bci, Pi\u0142karki","_links":{"self":[{"href":"http:\/\/wisla.skoczow.pl\/index.php?rest_route=\/wp\/v2\/posts\/57673","targetHints":{"allow":["GET"]}}],"collection":[{"href":"http:\/\/wisla.skoczow.pl\/index.php?rest_route=\/wp\/v2\/posts"}],"about":[{"href":"http:\/\/wisla.skoczow.pl\/index.php?rest_route=\/wp\/v2\/types\/post"}],"author":[{"embeddable":true,"href":"http:\/\/wisla.skoczow.pl\/index.php?rest_route=\/wp\/v2\/users\/1"}],"replies":[{"embeddable":true,"href":"http:\/\/wisla.skoczow.pl\/index.php?rest_route=%2Fwp%2Fv2%2Fcomments&post=57673"}],"version-history":[{"count":6,"href":"http:\/\/wisla.skoczow.pl\/index.php?rest_route=\/wp\/v2\/posts\/57673\/revisions"}],"predecessor-version":[{"id":57706,"href":"http:\/\/wisla.skoczow.pl\/index.php?rest_route=\/wp\/v2\/posts\/57673\/revisions\/57706"}],"wp:featuredmedia":[{"embeddable":true,"href":"http:\/\/wisla.skoczow.pl\/index.php?rest_route=\/wp\/v2\/media\/57583"}],"wp:attachment":[{"href":"http:\/\/wisla.skoczow.pl\/index.php?rest_route=%2Fwp%2Fv2%2Fmedia&parent=57673"}],"wp:term":[{"taxonomy":"category","embeddable":true,"href":"http:\/\/wisla.skoczow.pl\/index.php?rest_route=%2Fwp%2Fv2%2Fcategories&post=57673"},{"taxonomy":"post_tag","embeddable":true,"href":"http:\/\/wisla.skoczow.pl\/index.php?rest_route=%2Fwp%2Fv2%2Ftags&post=57673"}],"curies":[{"name":"wp","href":"https:\/\/api.w.org\/{rel}","templated":true}]}}