{"id":57887,"date":"2025-08-27T09:28:00","date_gmt":"2025-08-27T08:28:00","guid":{"rendered":"http:\/\/wisla.skoczow.pl\/?p=57887"},"modified":"2025-09-01T01:50:52","modified_gmt":"2025-09-01T00:50:52","slug":"terminarz-30-08-01-09","status":"publish","type":"post","link":"http:\/\/wisla.skoczow.pl\/?p=57887","title":{"rendered":"Terminarz 30.08 &#8211; 01.09.2025"},"content":{"rendered":"\n<p>Rozpoczynamy rozgrywki dzieci i m\u0142odzie\u017cy. W sobot\u0119 pierwszy mecz w tym sezonie rozegraj\u0105 juniorki m\u0142odsze w \u015al\u0105skiej II Lidze Juniorek M\u0142odszych, natomiast w niedziel\u0119 na muraw\u0119 wybiegn\u0105 m\u0142odziczki, kt\u00f3re rozpoczn\u0105 zmagania w \u015al\u0105skiej II Lidze M\u0142odziczek. W poniedzia\u0142ek zadebiutuj\u0105 w rozgrywkach \u015al\u0105skiej I Ligi Orliczek nasze najm\u0142odsze zawodniczki z grupy U11.<\/p>\n\n\n\n<figure class=\"wp-block-gallery has-nested-images columns-default is-cropped wp-block-gallery-1 is-layout-flex wp-block-gallery-is-layout-flex\">\n<figure class=\"wp-block-image size-large\"><img loading=\"lazy\" decoding=\"async\" width=\"1024\" height=\"1024\" data-id=\"57890\" src=\"http:\/\/wisla.skoczow.pl\/wp-content\/uploads\/2025\/08\/White-Green-Orange-Modern-Abstract-Brush-Football-Match-Day-Instagram-Post-7-1024x1024.png\" alt=\"\" class=\"wp-image-57890\" srcset=\"http:\/\/wisla.skoczow.pl\/wp-content\/uploads\/2025\/08\/White-Green-Orange-Modern-Abstract-Brush-Football-Match-Day-Instagram-Post-7-1024x1024.png 1024w, http:\/\/wisla.skoczow.pl\/wp-content\/uploads\/2025\/08\/White-Green-Orange-Modern-Abstract-Brush-Football-Match-Day-Instagram-Post-7-300x300.png 300w, http:\/\/wisla.skoczow.pl\/wp-content\/uploads\/2025\/08\/White-Green-Orange-Modern-Abstract-Brush-Football-Match-Day-Instagram-Post-7-150x150.png 150w, http:\/\/wisla.skoczow.pl\/wp-content\/uploads\/2025\/08\/White-Green-Orange-Modern-Abstract-Brush-Football-Match-Day-Instagram-Post-7-768x768.png 768w, http:\/\/wisla.skoczow.pl\/wp-content\/uploads\/2025\/08\/White-Green-Orange-Modern-Abstract-Brush-Football-Match-Day-Instagram-Post-7-128x128.png 128w, http:\/\/wisla.skoczow.pl\/wp-content\/uploads\/2025\/08\/White-Green-Orange-Modern-Abstract-Brush-Football-Match-Day-Instagram-Post-7-32x32.png 32w, http:\/\/wisla.skoczow.pl\/wp-content\/uploads\/2025\/08\/White-Green-Orange-Modern-Abstract-Brush-Football-Match-Day-Instagram-Post-7.png 1080w\" sizes=\"auto, (max-width: 1024px) 100vw, 1024px\" \/><\/figure>\n\n\n\n<figure class=\"wp-block-image size-large\"><img loading=\"lazy\" decoding=\"async\" width=\"1024\" height=\"1024\" data-id=\"57888\" src=\"http:\/\/wisla.skoczow.pl\/wp-content\/uploads\/2025\/08\/Kopia-\u2013-White-Green-Orange-Modern-Abstract-Brush-Football-Match-Day-Instagram-Post-6-1024x1024.png\" alt=\"\" class=\"wp-image-57888\" srcset=\"http:\/\/wisla.skoczow.pl\/wp-content\/uploads\/2025\/08\/Kopia-\u2013-White-Green-Orange-Modern-Abstract-Brush-Football-Match-Day-Instagram-Post-6-1024x1024.png 1024w, http:\/\/wisla.skoczow.pl\/wp-content\/uploads\/2025\/08\/Kopia-\u2013-White-Green-Orange-Modern-Abstract-Brush-Football-Match-Day-Instagram-Post-6-300x300.png 300w, http:\/\/wisla.skoczow.pl\/wp-content\/uploads\/2025\/08\/Kopia-\u2013-White-Green-Orange-Modern-Abstract-Brush-Football-Match-Day-Instagram-Post-6-150x150.png 150w, http:\/\/wisla.skoczow.pl\/wp-content\/uploads\/2025\/08\/Kopia-\u2013-White-Green-Orange-Modern-Abstract-Brush-Football-Match-Day-Instagram-Post-6-768x768.png 768w, http:\/\/wisla.skoczow.pl\/wp-content\/uploads\/2025\/08\/Kopia-\u2013-White-Green-Orange-Modern-Abstract-Brush-Football-Match-Day-Instagram-Post-6-128x128.png 128w, http:\/\/wisla.skoczow.pl\/wp-content\/uploads\/2025\/08\/Kopia-\u2013-White-Green-Orange-Modern-Abstract-Brush-Football-Match-Day-Instagram-Post-6-32x32.png 32w, http:\/\/wisla.skoczow.pl\/wp-content\/uploads\/2025\/08\/Kopia-\u2013-White-Green-Orange-Modern-Abstract-Brush-Football-Match-Day-Instagram-Post-6.png 1080w\" sizes=\"auto, (max-width: 1024px) 100vw, 1024px\" \/><\/figure>\n\n\n\n<figure class=\"wp-block-image size-large\"><img loading=\"lazy\" decoding=\"async\" width=\"1024\" height=\"1024\" data-id=\"57889\" src=\"http:\/\/wisla.skoczow.pl\/wp-content\/uploads\/2025\/08\/Kopia-\u2013-Kopia-\u2013-White-Green-Orange-Modern-Abstract-Brush-Football-Match-Day-Instagram-Post-1024x1024.png\" alt=\"\" class=\"wp-image-57889\" srcset=\"http:\/\/wisla.skoczow.pl\/wp-content\/uploads\/2025\/08\/Kopia-\u2013-Kopia-\u2013-White-Green-Orange-Modern-Abstract-Brush-Football-Match-Day-Instagram-Post-1024x1024.png 1024w, http:\/\/wisla.skoczow.pl\/wp-content\/uploads\/2025\/08\/Kopia-\u2013-Kopia-\u2013-White-Green-Orange-Modern-Abstract-Brush-Football-Match-Day-Instagram-Post-300x300.png 300w, http:\/\/wisla.skoczow.pl\/wp-content\/uploads\/2025\/08\/Kopia-\u2013-Kopia-\u2013-White-Green-Orange-Modern-Abstract-Brush-Football-Match-Day-Instagram-Post-150x150.png 150w, http:\/\/wisla.skoczow.pl\/wp-content\/uploads\/2025\/08\/Kopia-\u2013-Kopia-\u2013-White-Green-Orange-Modern-Abstract-Brush-Football-Match-Day-Instagram-Post-768x768.png 768w, http:\/\/wisla.skoczow.pl\/wp-content\/uploads\/2025\/08\/Kopia-\u2013-Kopia-\u2013-White-Green-Orange-Modern-Abstract-Brush-Football-Match-Day-Instagram-Post-128x128.png 128w, http:\/\/wisla.skoczow.pl\/wp-content\/uploads\/2025\/08\/Kopia-\u2013-Kopia-\u2013-White-Green-Orange-Modern-Abstract-Brush-Football-Match-Day-Instagram-Post-32x32.png 32w, http:\/\/wisla.skoczow.pl\/wp-content\/uploads\/2025\/08\/Kopia-\u2013-Kopia-\u2013-White-Green-Orange-Modern-Abstract-Brush-Football-Match-Day-Instagram-Post.png 1080w\" sizes=\"auto, (max-width: 1024px) 100vw, 1024px\" \/><\/figure>\n<\/figure>\n\n\n\n<p><\/p>\n","protected":false},"excerpt":{"rendered":"<p>Rozpoczynamy rozgrywki dzieci i m\u0142odzie\u017cy. W sobot\u0119 pierwszy mecz w tym sezonie rozegraj\u0105 juniorki m\u0142odsze w \u015al\u0105skiej II Lidze Juniorek M\u0142odszych, natomiast w niedziel\u0119 na muraw\u0119 wybiegn\u0105 m\u0142odziczki, kt\u00f3re rozpoczn\u0105 zmagania w \u015al\u0105skiej II Lidze M\u0142odziczek. W poniedzia\u0142ek zadebiutuj\u0105 w rozgrywkach \u015al\u0105skiej I Ligi Orliczek nasze najm\u0142odsze zawodniczki z grupy U11.<\/p>\n","protected":false},"author":1,"featured_media":56590,"comment_status":"closed","ping_status":"closed","sticky":false,"template":"","format":"standard","meta":{"ngg_post_thumbnail":0,"footnotes":""},"categories":[4,55],"tags":[],"class_list":["post-57887","post","type-post","status-publish","format-standard","has-post-thumbnail","hentry","category-news","category-pilkarki"],"featured_image_url":{"thumbnail":"http:\/\/wisla.skoczow.pl\/wp-content\/uploads\/2024\/10\/terminasz-slzpn-150x150.jpg","medium":"http:\/\/wisla.skoczow.pl\/wp-content\/uploads\/2024\/10\/terminasz-slzpn-300x300.jpg","medium_large":"http:\/\/wisla.skoczow.pl\/wp-content\/uploads\/2024\/10\/terminasz-slzpn-768x768.jpg","large":"http:\/\/wisla.skoczow.pl\/wp-content\/uploads\/2024\/10\/terminasz-slzpn-1024x1024.jpg","1536x1536":"http:\/\/wisla.skoczow.pl\/wp-content\/uploads\/2024\/10\/terminasz-slzpn-1536x1536.jpg","2048x2048":"http:\/\/wisla.skoczow.pl\/wp-content\/uploads\/2024\/10\/terminasz-slzpn.jpg","sportspress-crop-medium":"http:\/\/wisla.skoczow.pl\/wp-content\/uploads\/2024\/10\/terminasz-slzpn-300x300.jpg","sportspress-fit-medium":"http:\/\/wisla.skoczow.pl\/wp-content\/uploads\/2024\/10\/terminasz-slzpn-300x300.jpg","sportspress-fit-icon":"http:\/\/wisla.skoczow.pl\/wp-content\/uploads\/2024\/10\/terminasz-slzpn-128x128.jpg","sportspress-fit-mini":"http:\/\/wisla.skoczow.pl\/wp-content\/uploads\/2024\/10\/terminasz-slzpn-32x32.jpg"},"post_author":"admin","assigned_categories":"Aktualno\u015bci, Pi\u0142karki","_links":{"self":[{"href":"http:\/\/wisla.skoczow.pl\/index.php?rest_route=\/wp\/v2\/posts\/57887","targetHints":{"allow":["GET"]}}],"collection":[{"href":"http:\/\/wisla.skoczow.pl\/index.php?rest_route=\/wp\/v2\/posts"}],"about":[{"href":"http:\/\/wisla.skoczow.pl\/index.php?rest_route=\/wp\/v2\/types\/post"}],"author":[{"embeddable":true,"href":"http:\/\/wisla.skoczow.pl\/index.php?rest_route=\/wp\/v2\/users\/1"}],"replies":[{"embeddable":true,"href":"http:\/\/wisla.skoczow.pl\/index.php?rest_route=%2Fwp%2Fv2%2Fcomments&post=57887"}],"version-history":[{"count":2,"href":"http:\/\/wisla.skoczow.pl\/index.php?rest_route=\/wp\/v2\/posts\/57887\/revisions"}],"predecessor-version":[{"id":61375,"href":"http:\/\/wisla.skoczow.pl\/index.php?rest_route=\/wp\/v2\/posts\/57887\/revisions\/61375"}],"wp:featuredmedia":[{"embeddable":true,"href":"http:\/\/wisla.skoczow.pl\/index.php?rest_route=\/wp\/v2\/media\/56590"}],"wp:attachment":[{"href":"http:\/\/wisla.skoczow.pl\/index.php?rest_route=%2Fwp%2Fv2%2Fmedia&parent=57887"}],"wp:term":[{"taxonomy":"category","embeddable":true,"href":"http:\/\/wisla.skoczow.pl\/index.php?rest_route=%2Fwp%2Fv2%2Fcategories&post=57887"},{"taxonomy":"post_tag","embeddable":true,"href":"http:\/\/wisla.skoczow.pl\/index.php?rest_route=%2Fwp%2Fv2%2Ftags&post=57887"}],"curies":[{"name":"wp","href":"https:\/\/api.w.org\/{rel}","templated":true}]}}