{"id":61357,"date":"2025-09-03T10:30:00","date_gmt":"2025-09-03T09:30:00","guid":{"rendered":"http:\/\/wisla.skoczow.pl\/?p=61357"},"modified":"2025-09-04T11:24:46","modified_gmt":"2025-09-04T10:24:46","slug":"terminarz-06-09-2025","status":"publish","type":"post","link":"http:\/\/wisla.skoczow.pl\/?p=61357","title":{"rendered":"Terminarz 06.09.2025"},"content":{"rendered":"\n<p>W drugiej kolejce zmaga\u0144 \u015al\u0105skiej Ligi, juniorki U16 rozegraj\u0105 spotkanie w Krupskim M\u0142ynie z Nitronem. Natomiast m\u0142odziczki U13 mia\u0142y uda\u0107 si\u0119 do Jankowic, aby powalczy\u0107 o punkty z tamtejszym Zniczem. Przeciwniczki jednak wycofa\u0142y si\u0119 z rozgrywek &#8211; spotkanie nie odb\u0119dzie si\u0119.<\/p>\n\n\n\n<figure class=\"wp-block-gallery has-nested-images columns-default is-cropped wp-block-gallery-1 is-layout-flex wp-block-gallery-is-layout-flex\">\n<figure class=\"wp-block-image size-large\"><a href=\"http:\/\/wisla.skoczow.pl\/wp-content\/uploads\/2025\/09\/White-Green-Orange-Modern-Abstract-Brush-Football-Match-Day-Instagram-Post-8.png\"><img loading=\"lazy\" decoding=\"async\" width=\"1024\" height=\"1024\" data-id=\"61358\" src=\"http:\/\/wisla.skoczow.pl\/wp-content\/uploads\/2025\/09\/White-Green-Orange-Modern-Abstract-Brush-Football-Match-Day-Instagram-Post-8-1024x1024.png\" alt=\"\" class=\"wp-image-61358\" srcset=\"http:\/\/wisla.skoczow.pl\/wp-content\/uploads\/2025\/09\/White-Green-Orange-Modern-Abstract-Brush-Football-Match-Day-Instagram-Post-8-1024x1024.png 1024w, http:\/\/wisla.skoczow.pl\/wp-content\/uploads\/2025\/09\/White-Green-Orange-Modern-Abstract-Brush-Football-Match-Day-Instagram-Post-8-300x300.png 300w, http:\/\/wisla.skoczow.pl\/wp-content\/uploads\/2025\/09\/White-Green-Orange-Modern-Abstract-Brush-Football-Match-Day-Instagram-Post-8-150x150.png 150w, http:\/\/wisla.skoczow.pl\/wp-content\/uploads\/2025\/09\/White-Green-Orange-Modern-Abstract-Brush-Football-Match-Day-Instagram-Post-8-768x768.png 768w, http:\/\/wisla.skoczow.pl\/wp-content\/uploads\/2025\/09\/White-Green-Orange-Modern-Abstract-Brush-Football-Match-Day-Instagram-Post-8-128x128.png 128w, http:\/\/wisla.skoczow.pl\/wp-content\/uploads\/2025\/09\/White-Green-Orange-Modern-Abstract-Brush-Football-Match-Day-Instagram-Post-8-32x32.png 32w, http:\/\/wisla.skoczow.pl\/wp-content\/uploads\/2025\/09\/White-Green-Orange-Modern-Abstract-Brush-Football-Match-Day-Instagram-Post-8.png 1080w\" sizes=\"auto, (max-width: 1024px) 100vw, 1024px\" \/><\/a><\/figure>\n\n\n\n<figure class=\"wp-block-image size-large\"><a href=\"http:\/\/wisla.skoczow.pl\/wp-content\/uploads\/2025\/09\/Kopia-\u2013-White-Green-Orange-Modern-Abstract-Brush-Football-Match-Day-Instagram-Post-7.png\"><img loading=\"lazy\" decoding=\"async\" width=\"1024\" height=\"1024\" data-id=\"61359\" src=\"http:\/\/wisla.skoczow.pl\/wp-content\/uploads\/2025\/09\/Kopia-\u2013-White-Green-Orange-Modern-Abstract-Brush-Football-Match-Day-Instagram-Post-7-1024x1024.png\" alt=\"\" class=\"wp-image-61359\" srcset=\"http:\/\/wisla.skoczow.pl\/wp-content\/uploads\/2025\/09\/Kopia-\u2013-White-Green-Orange-Modern-Abstract-Brush-Football-Match-Day-Instagram-Post-7-1024x1024.png 1024w, http:\/\/wisla.skoczow.pl\/wp-content\/uploads\/2025\/09\/Kopia-\u2013-White-Green-Orange-Modern-Abstract-Brush-Football-Match-Day-Instagram-Post-7-300x300.png 300w, http:\/\/wisla.skoczow.pl\/wp-content\/uploads\/2025\/09\/Kopia-\u2013-White-Green-Orange-Modern-Abstract-Brush-Football-Match-Day-Instagram-Post-7-150x150.png 150w, http:\/\/wisla.skoczow.pl\/wp-content\/uploads\/2025\/09\/Kopia-\u2013-White-Green-Orange-Modern-Abstract-Brush-Football-Match-Day-Instagram-Post-7-768x768.png 768w, http:\/\/wisla.skoczow.pl\/wp-content\/uploads\/2025\/09\/Kopia-\u2013-White-Green-Orange-Modern-Abstract-Brush-Football-Match-Day-Instagram-Post-7-128x128.png 128w, http:\/\/wisla.skoczow.pl\/wp-content\/uploads\/2025\/09\/Kopia-\u2013-White-Green-Orange-Modern-Abstract-Brush-Football-Match-Day-Instagram-Post-7-32x32.png 32w, http:\/\/wisla.skoczow.pl\/wp-content\/uploads\/2025\/09\/Kopia-\u2013-White-Green-Orange-Modern-Abstract-Brush-Football-Match-Day-Instagram-Post-7.png 1080w\" sizes=\"auto, (max-width: 1024px) 100vw, 1024px\" \/><\/a><\/figure>\n<\/figure>\n","protected":false},"excerpt":{"rendered":"<p>W drugiej kolejce zmaga\u0144 \u015al\u0105skiej Ligi, juniorki U16 rozegraj\u0105 spotkanie w Krupskim M\u0142ynie z Nitronem. Natomiast m\u0142odziczki U13 mia\u0142y uda\u0107 si\u0119 do Jankowic, aby powalczy\u0107 o punkty z tamtejszym Zniczem. Przeciwniczki jednak wycofa\u0142y si\u0119 z rozgrywek &#8211; spotkanie nie odb\u0119dzie si\u0119.<\/p>\n","protected":false},"author":1,"featured_media":56590,"comment_status":"closed","ping_status":"closed","sticky":false,"template":"","format":"standard","meta":{"ngg_post_thumbnail":0,"footnotes":""},"categories":[4,55],"tags":[],"class_list":["post-61357","post","type-post","status-publish","format-standard","has-post-thumbnail","hentry","category-news","category-pilkarki"],"featured_image_url":{"thumbnail":"http:\/\/wisla.skoczow.pl\/wp-content\/uploads\/2024\/10\/terminasz-slzpn-150x150.jpg","medium":"http:\/\/wisla.skoczow.pl\/wp-content\/uploads\/2024\/10\/terminasz-slzpn-300x300.jpg","medium_large":"http:\/\/wisla.skoczow.pl\/wp-content\/uploads\/2024\/10\/terminasz-slzpn-768x768.jpg","large":"http:\/\/wisla.skoczow.pl\/wp-content\/uploads\/2024\/10\/terminasz-slzpn-1024x1024.jpg","1536x1536":"http:\/\/wisla.skoczow.pl\/wp-content\/uploads\/2024\/10\/terminasz-slzpn-1536x1536.jpg","2048x2048":"http:\/\/wisla.skoczow.pl\/wp-content\/uploads\/2024\/10\/terminasz-slzpn.jpg","sportspress-crop-medium":"http:\/\/wisla.skoczow.pl\/wp-content\/uploads\/2024\/10\/terminasz-slzpn-300x300.jpg","sportspress-fit-medium":"http:\/\/wisla.skoczow.pl\/wp-content\/uploads\/2024\/10\/terminasz-slzpn-300x300.jpg","sportspress-fit-icon":"http:\/\/wisla.skoczow.pl\/wp-content\/uploads\/2024\/10\/terminasz-slzpn-128x128.jpg","sportspress-fit-mini":"http:\/\/wisla.skoczow.pl\/wp-content\/uploads\/2024\/10\/terminasz-slzpn-32x32.jpg"},"post_author":"admin","assigned_categories":"Aktualno\u015bci, Pi\u0142karki","_links":{"self":[{"href":"http:\/\/wisla.skoczow.pl\/index.php?rest_route=\/wp\/v2\/posts\/61357","targetHints":{"allow":["GET"]}}],"collection":[{"href":"http:\/\/wisla.skoczow.pl\/index.php?rest_route=\/wp\/v2\/posts"}],"about":[{"href":"http:\/\/wisla.skoczow.pl\/index.php?rest_route=\/wp\/v2\/types\/post"}],"author":[{"embeddable":true,"href":"http:\/\/wisla.skoczow.pl\/index.php?rest_route=\/wp\/v2\/users\/1"}],"replies":[{"embeddable":true,"href":"http:\/\/wisla.skoczow.pl\/index.php?rest_route=%2Fwp%2Fv2%2Fcomments&post=61357"}],"version-history":[{"count":3,"href":"http:\/\/wisla.skoczow.pl\/index.php?rest_route=\/wp\/v2\/posts\/61357\/revisions"}],"predecessor-version":[{"id":61396,"href":"http:\/\/wisla.skoczow.pl\/index.php?rest_route=\/wp\/v2\/posts\/61357\/revisions\/61396"}],"wp:featuredmedia":[{"embeddable":true,"href":"http:\/\/wisla.skoczow.pl\/index.php?rest_route=\/wp\/v2\/media\/56590"}],"wp:attachment":[{"href":"http:\/\/wisla.skoczow.pl\/index.php?rest_route=%2Fwp%2Fv2%2Fmedia&parent=61357"}],"wp:term":[{"taxonomy":"category","embeddable":true,"href":"http:\/\/wisla.skoczow.pl\/index.php?rest_route=%2Fwp%2Fv2%2Fcategories&post=61357"},{"taxonomy":"post_tag","embeddable":true,"href":"http:\/\/wisla.skoczow.pl\/index.php?rest_route=%2Fwp%2Fv2%2Ftags&post=61357"}],"curies":[{"name":"wp","href":"https:\/\/api.w.org\/{rel}","templated":true}]}}