{"id":62268,"date":"2025-10-08T09:57:00","date_gmt":"2025-10-08T08:57:00","guid":{"rendered":"https:\/\/wisla.skoczow.pl\/?p=62268"},"modified":"2025-10-09T12:49:16","modified_gmt":"2025-10-09T11:49:16","slug":"terminarz-11-12-10-2025","status":"publish","type":"post","link":"http:\/\/wisla.skoczow.pl\/?p=62268","title":{"rendered":"Terminarz 11-12.10.2025"},"content":{"rendered":"\n<p>W najbli\u017cszy weekend zesp\u00f3\u0142 U11 rywalizowa\u0107 b\u0119dzie z Chorzowem na wyje\u017adzie. W domowym niedzielnym spotkaniu m\u0142odziczek U13, podejmiemy zesp\u00f3\u0142 z Wodzis\u0142awia na boisku w Skoczowie &#8211; G\u00f3rny B\u00f3r. Zapraszamy do kibicowania!<\/p>\n\n\n\n<figure class=\"wp-block-gallery has-nested-images columns-default is-cropped wp-block-gallery-1 is-layout-flex wp-block-gallery-is-layout-flex\">\n<figure class=\"wp-block-image size-large\"><img loading=\"lazy\" decoding=\"async\" width=\"1024\" height=\"1024\" data-id=\"62270\" src=\"https:\/\/wisla.skoczow.pl\/wp-content\/uploads\/2025\/10\/Kopia-\u2013-Kopia-\u2013-White-Green-Orange-Modern-Abstract-Brush-Football-Match-Day-Instagram-Post-5-1024x1024.png\" alt=\"\" class=\"wp-image-62270\" srcset=\"http:\/\/wisla.skoczow.pl\/wp-content\/uploads\/2025\/10\/Kopia-\u2013-Kopia-\u2013-White-Green-Orange-Modern-Abstract-Brush-Football-Match-Day-Instagram-Post-5-1024x1024.png 1024w, http:\/\/wisla.skoczow.pl\/wp-content\/uploads\/2025\/10\/Kopia-\u2013-Kopia-\u2013-White-Green-Orange-Modern-Abstract-Brush-Football-Match-Day-Instagram-Post-5-300x300.png 300w, http:\/\/wisla.skoczow.pl\/wp-content\/uploads\/2025\/10\/Kopia-\u2013-Kopia-\u2013-White-Green-Orange-Modern-Abstract-Brush-Football-Match-Day-Instagram-Post-5-150x150.png 150w, http:\/\/wisla.skoczow.pl\/wp-content\/uploads\/2025\/10\/Kopia-\u2013-Kopia-\u2013-White-Green-Orange-Modern-Abstract-Brush-Football-Match-Day-Instagram-Post-5-768x768.png 768w, http:\/\/wisla.skoczow.pl\/wp-content\/uploads\/2025\/10\/Kopia-\u2013-Kopia-\u2013-White-Green-Orange-Modern-Abstract-Brush-Football-Match-Day-Instagram-Post-5-128x128.png 128w, http:\/\/wisla.skoczow.pl\/wp-content\/uploads\/2025\/10\/Kopia-\u2013-Kopia-\u2013-White-Green-Orange-Modern-Abstract-Brush-Football-Match-Day-Instagram-Post-5-32x32.png 32w, http:\/\/wisla.skoczow.pl\/wp-content\/uploads\/2025\/10\/Kopia-\u2013-Kopia-\u2013-White-Green-Orange-Modern-Abstract-Brush-Football-Match-Day-Instagram-Post-5.png 1080w\" sizes=\"auto, (max-width: 1024px) 100vw, 1024px\" \/><\/figure>\n\n\n\n<figure class=\"wp-block-image size-large\"><img loading=\"lazy\" decoding=\"async\" width=\"1024\" height=\"1024\" data-id=\"62269\" src=\"https:\/\/wisla.skoczow.pl\/wp-content\/uploads\/2025\/10\/Kopia-\u2013-White-Green-Orange-Modern-Abstract-Brush-Football-Match-Day-Instagram-Post-12-1024x1024.png\" alt=\"\" class=\"wp-image-62269\" srcset=\"http:\/\/wisla.skoczow.pl\/wp-content\/uploads\/2025\/10\/Kopia-\u2013-White-Green-Orange-Modern-Abstract-Brush-Football-Match-Day-Instagram-Post-12-1024x1024.png 1024w, http:\/\/wisla.skoczow.pl\/wp-content\/uploads\/2025\/10\/Kopia-\u2013-White-Green-Orange-Modern-Abstract-Brush-Football-Match-Day-Instagram-Post-12-300x300.png 300w, http:\/\/wisla.skoczow.pl\/wp-content\/uploads\/2025\/10\/Kopia-\u2013-White-Green-Orange-Modern-Abstract-Brush-Football-Match-Day-Instagram-Post-12-150x150.png 150w, http:\/\/wisla.skoczow.pl\/wp-content\/uploads\/2025\/10\/Kopia-\u2013-White-Green-Orange-Modern-Abstract-Brush-Football-Match-Day-Instagram-Post-12-768x768.png 768w, http:\/\/wisla.skoczow.pl\/wp-content\/uploads\/2025\/10\/Kopia-\u2013-White-Green-Orange-Modern-Abstract-Brush-Football-Match-Day-Instagram-Post-12-128x128.png 128w, http:\/\/wisla.skoczow.pl\/wp-content\/uploads\/2025\/10\/Kopia-\u2013-White-Green-Orange-Modern-Abstract-Brush-Football-Match-Day-Instagram-Post-12-32x32.png 32w, http:\/\/wisla.skoczow.pl\/wp-content\/uploads\/2025\/10\/Kopia-\u2013-White-Green-Orange-Modern-Abstract-Brush-Football-Match-Day-Instagram-Post-12.png 1080w\" sizes=\"auto, (max-width: 1024px) 100vw, 1024px\" \/><\/figure>\n<\/figure>\n\n\n\n<p><\/p>\n","protected":false},"excerpt":{"rendered":"<p>W najbli\u017cszy weekend zesp\u00f3\u0142 U11 rywalizowa\u0107 b\u0119dzie z Chorzowem na wyje\u017adzie. W domowym niedzielnym spotkaniu m\u0142odziczek U13, podejmiemy zesp\u00f3\u0142 z Wodzis\u0142awia na boisku w Skoczowie &#8211; G\u00f3rny B\u00f3r. Zapraszamy do kibicowania!<\/p>\n","protected":false},"author":1,"featured_media":56590,"comment_status":"closed","ping_status":"closed","sticky":false,"template":"","format":"standard","meta":{"ngg_post_thumbnail":0,"footnotes":""},"categories":[4,55],"tags":[],"class_list":["post-62268","post","type-post","status-publish","format-standard","has-post-thumbnail","hentry","category-news","category-pilkarki"],"featured_image_url":{"thumbnail":"http:\/\/wisla.skoczow.pl\/wp-content\/uploads\/2024\/10\/terminasz-slzpn-150x150.jpg","medium":"http:\/\/wisla.skoczow.pl\/wp-content\/uploads\/2024\/10\/terminasz-slzpn-300x300.jpg","medium_large":"http:\/\/wisla.skoczow.pl\/wp-content\/uploads\/2024\/10\/terminasz-slzpn-768x768.jpg","large":"http:\/\/wisla.skoczow.pl\/wp-content\/uploads\/2024\/10\/terminasz-slzpn-1024x1024.jpg","1536x1536":"http:\/\/wisla.skoczow.pl\/wp-content\/uploads\/2024\/10\/terminasz-slzpn-1536x1536.jpg","2048x2048":"http:\/\/wisla.skoczow.pl\/wp-content\/uploads\/2024\/10\/terminasz-slzpn.jpg","sportspress-crop-medium":"http:\/\/wisla.skoczow.pl\/wp-content\/uploads\/2024\/10\/terminasz-slzpn-300x300.jpg","sportspress-fit-medium":"http:\/\/wisla.skoczow.pl\/wp-content\/uploads\/2024\/10\/terminasz-slzpn-300x300.jpg","sportspress-fit-icon":"http:\/\/wisla.skoczow.pl\/wp-content\/uploads\/2024\/10\/terminasz-slzpn-128x128.jpg","sportspress-fit-mini":"http:\/\/wisla.skoczow.pl\/wp-content\/uploads\/2024\/10\/terminasz-slzpn-32x32.jpg"},"post_author":"admin","assigned_categories":"Aktualno\u015bci, Pi\u0142karki","_links":{"self":[{"href":"http:\/\/wisla.skoczow.pl\/index.php?rest_route=\/wp\/v2\/posts\/62268","targetHints":{"allow":["GET"]}}],"collection":[{"href":"http:\/\/wisla.skoczow.pl\/index.php?rest_route=\/wp\/v2\/posts"}],"about":[{"href":"http:\/\/wisla.skoczow.pl\/index.php?rest_route=\/wp\/v2\/types\/post"}],"author":[{"embeddable":true,"href":"http:\/\/wisla.skoczow.pl\/index.php?rest_route=\/wp\/v2\/users\/1"}],"replies":[{"embeddable":true,"href":"http:\/\/wisla.skoczow.pl\/index.php?rest_route=%2Fwp%2Fv2%2Fcomments&post=62268"}],"version-history":[{"count":2,"href":"http:\/\/wisla.skoczow.pl\/index.php?rest_route=\/wp\/v2\/posts\/62268\/revisions"}],"predecessor-version":[{"id":62272,"href":"http:\/\/wisla.skoczow.pl\/index.php?rest_route=\/wp\/v2\/posts\/62268\/revisions\/62272"}],"wp:featuredmedia":[{"embeddable":true,"href":"http:\/\/wisla.skoczow.pl\/index.php?rest_route=\/wp\/v2\/media\/56590"}],"wp:attachment":[{"href":"http:\/\/wisla.skoczow.pl\/index.php?rest_route=%2Fwp%2Fv2%2Fmedia&parent=62268"}],"wp:term":[{"taxonomy":"category","embeddable":true,"href":"http:\/\/wisla.skoczow.pl\/index.php?rest_route=%2Fwp%2Fv2%2Fcategories&post=62268"},{"taxonomy":"post_tag","embeddable":true,"href":"http:\/\/wisla.skoczow.pl\/index.php?rest_route=%2Fwp%2Fv2%2Ftags&post=62268"}],"curies":[{"name":"wp","href":"https:\/\/api.w.org\/{rel}","templated":true}]}}