{"id":62393,"date":"2025-10-30T17:07:23","date_gmt":"2025-10-30T16:07:23","guid":{"rendered":"https:\/\/wisla.skoczow.pl\/?p=62393"},"modified":"2025-11-03T23:35:14","modified_gmt":"2025-11-03T22:35:14","slug":"i-liga-futsalu-kobiet-1-kolejka","status":"publish","type":"post","link":"http:\/\/wisla.skoczow.pl\/?p=62393","title":{"rendered":"1 LIGA FUTSALU KOBIET &#8211; 1 kolejka!"},"content":{"rendered":"\n<p>Ju\u017c w najbli\u017csza niedziel\u0119 rozpoczynamy zmagania na poziomie centralnym. W pierwszym spotkaniu zmierzymy si\u0119 z Zielon\u0105 G\u00f3r\u0105. Do tej pory nie uda\u0142o nam si\u0119 jeszcze przywie\u017a\u0107 punkt\u00f3w z lubuskiego. W zesz\u0142ym sezonie w spotkaniu wyjazdowym ponie\u015bli\u015bmy pora\u017ck\u0119 6:4 &#8211; wygrywaj\u0105c drug\u0105 po\u0142ow\u0119. W rewan\u017cowym spotkaniu na naszym terenie pokonali\u015bmy pewnie rywalki 6:3!<br>Zesp\u00f3\u0142 przygotowywa\u0142 si\u0119 na pierwszy gwizdek odk\u0105d zako\u0144czy\u0142 si\u0119 sezon 2024\/2025. W nowym sezonie jeste\u015bmy g\u0142odni podium i z takim nastawieniem wyjdziemy na pierwsze spotkanie. B\u0119dziemy walczy\u0107 o trzy punkty i realizowa\u0107 swoje za\u0142o\u017cenia na ten mecz. Trzymajcie kciuki!<\/p>\n\n\n\n<figure class=\"wp-block-image aligncenter size-large is-resized\"><a href=\"https:\/\/wisla.skoczow.pl\/wp-content\/uploads\/2025\/11\/Yellow-Dark-Gray-Modern-Football-Matchday-Instagram-Post-1.png\"><img loading=\"lazy\" decoding=\"async\" width=\"1024\" height=\"1024\" src=\"https:\/\/wisla.skoczow.pl\/wp-content\/uploads\/2025\/11\/Yellow-Dark-Gray-Modern-Football-Matchday-Instagram-Post-1-1024x1024.png\" alt=\"\" class=\"wp-image-62394\" style=\"width:494px;height:auto\" srcset=\"http:\/\/wisla.skoczow.pl\/wp-content\/uploads\/2025\/11\/Yellow-Dark-Gray-Modern-Football-Matchday-Instagram-Post-1-1024x1024.png 1024w, http:\/\/wisla.skoczow.pl\/wp-content\/uploads\/2025\/11\/Yellow-Dark-Gray-Modern-Football-Matchday-Instagram-Post-1-300x300.png 300w, http:\/\/wisla.skoczow.pl\/wp-content\/uploads\/2025\/11\/Yellow-Dark-Gray-Modern-Football-Matchday-Instagram-Post-1-150x150.png 150w, http:\/\/wisla.skoczow.pl\/wp-content\/uploads\/2025\/11\/Yellow-Dark-Gray-Modern-Football-Matchday-Instagram-Post-1-768x768.png 768w, http:\/\/wisla.skoczow.pl\/wp-content\/uploads\/2025\/11\/Yellow-Dark-Gray-Modern-Football-Matchday-Instagram-Post-1-128x128.png 128w, http:\/\/wisla.skoczow.pl\/wp-content\/uploads\/2025\/11\/Yellow-Dark-Gray-Modern-Football-Matchday-Instagram-Post-1-32x32.png 32w, http:\/\/wisla.skoczow.pl\/wp-content\/uploads\/2025\/11\/Yellow-Dark-Gray-Modern-Football-Matchday-Instagram-Post-1.png 1080w\" sizes=\"auto, (max-width: 1024px) 100vw, 1024px\" \/><\/a><\/figure>\n","protected":false},"excerpt":{"rendered":"<p>Ju\u017c w najbli\u017csza niedziel\u0119 rozpoczynamy zmagania na poziomie centralnym. W pierwszym spotkaniu zmierzymy si\u0119 z Zielon\u0105 G\u00f3r\u0105. Do tej pory nie uda\u0142o nam si\u0119 jeszcze przywie\u017a\u0107 punkt\u00f3w z lubuskiego. W zesz\u0142ym sezonie w spotkaniu wyjazdowym ponie\u015bli\u015bmy pora\u017ck\u0119 6:4 &#8211; wygrywaj\u0105c drug\u0105 po\u0142ow\u0119. W rewan\u017cowym spotkaniu na naszym terenie pokonali\u015bmy pewnie rywalki 6:3!Zesp\u00f3\u0142 przygotowywa\u0142 si\u0119 na [&hellip;]<\/p>\n","protected":false},"author":1,"featured_media":56585,"comment_status":"closed","ping_status":"closed","sticky":false,"template":"","format":"standard","meta":{"ngg_post_thumbnail":0,"footnotes":""},"categories":[4,55],"tags":[],"class_list":["post-62393","post","type-post","status-publish","format-standard","has-post-thumbnail","hentry","category-news","category-pilkarki"],"featured_image_url":{"thumbnail":"http:\/\/wisla.skoczow.pl\/wp-content\/uploads\/2025\/02\/futsal-topka-terminarz-150x150.jpg","medium":"http:\/\/wisla.skoczow.pl\/wp-content\/uploads\/2025\/02\/futsal-topka-terminarz-300x176.jpg","medium_large":"http:\/\/wisla.skoczow.pl\/wp-content\/uploads\/2025\/02\/futsal-topka-terminarz.jpg","large":"http:\/\/wisla.skoczow.pl\/wp-content\/uploads\/2025\/02\/futsal-topka-terminarz.jpg","1536x1536":"http:\/\/wisla.skoczow.pl\/wp-content\/uploads\/2025\/02\/futsal-topka-terminarz.jpg","2048x2048":"http:\/\/wisla.skoczow.pl\/wp-content\/uploads\/2025\/02\/futsal-topka-terminarz.jpg","sportspress-crop-medium":"http:\/\/wisla.skoczow.pl\/wp-content\/uploads\/2025\/02\/futsal-topka-terminarz-300x264.jpg","sportspress-fit-medium":"http:\/\/wisla.skoczow.pl\/wp-content\/uploads\/2025\/02\/futsal-topka-terminarz-300x176.jpg","sportspress-fit-icon":"http:\/\/wisla.skoczow.pl\/wp-content\/uploads\/2025\/02\/futsal-topka-terminarz-128x75.jpg","sportspress-fit-mini":"http:\/\/wisla.skoczow.pl\/wp-content\/uploads\/2025\/02\/futsal-topka-terminarz-32x19.jpg"},"post_author":"admin","assigned_categories":"Aktualno\u015bci, Pi\u0142karki","_links":{"self":[{"href":"http:\/\/wisla.skoczow.pl\/index.php?rest_route=\/wp\/v2\/posts\/62393","targetHints":{"allow":["GET"]}}],"collection":[{"href":"http:\/\/wisla.skoczow.pl\/index.php?rest_route=\/wp\/v2\/posts"}],"about":[{"href":"http:\/\/wisla.skoczow.pl\/index.php?rest_route=\/wp\/v2\/types\/post"}],"author":[{"embeddable":true,"href":"http:\/\/wisla.skoczow.pl\/index.php?rest_route=\/wp\/v2\/users\/1"}],"replies":[{"embeddable":true,"href":"http:\/\/wisla.skoczow.pl\/index.php?rest_route=%2Fwp%2Fv2%2Fcomments&post=62393"}],"version-history":[{"count":4,"href":"http:\/\/wisla.skoczow.pl\/index.php?rest_route=\/wp\/v2\/posts\/62393\/revisions"}],"predecessor-version":[{"id":62462,"href":"http:\/\/wisla.skoczow.pl\/index.php?rest_route=\/wp\/v2\/posts\/62393\/revisions\/62462"}],"wp:featuredmedia":[{"embeddable":true,"href":"http:\/\/wisla.skoczow.pl\/index.php?rest_route=\/wp\/v2\/media\/56585"}],"wp:attachment":[{"href":"http:\/\/wisla.skoczow.pl\/index.php?rest_route=%2Fwp%2Fv2%2Fmedia&parent=62393"}],"wp:term":[{"taxonomy":"category","embeddable":true,"href":"http:\/\/wisla.skoczow.pl\/index.php?rest_route=%2Fwp%2Fv2%2Fcategories&post=62393"},{"taxonomy":"post_tag","embeddable":true,"href":"http:\/\/wisla.skoczow.pl\/index.php?rest_route=%2Fwp%2Fv2%2Ftags&post=62393"}],"curies":[{"name":"wp","href":"https:\/\/api.w.org\/{rel}","templated":true}]}}