{"id":62457,"date":"2025-11-05T23:30:58","date_gmt":"2025-11-05T22:30:58","guid":{"rendered":"https:\/\/wisla.skoczow.pl\/?p=62457"},"modified":"2025-11-07T23:38:27","modified_gmt":"2025-11-07T22:38:27","slug":"terminarz-09-11-2025","status":"publish","type":"post","link":"http:\/\/wisla.skoczow.pl\/?p=62457","title":{"rendered":"Terminarz 09.11.2025"},"content":{"rendered":"\n<p>Przedostatnie spotkanie w tym roku rozegra na wyje\u017adzie zesp\u00f3\u0142 m\u0142odziczek U13 w Bielsku-Bia\u0142ej. Jest to spotkanie rewan\u017cowe rundy wiosennej. W pierwszym meczu Bielszczanki pokona\u0142y nasze dziewcz\u0119ta jedn\u0105 bramk\u0105 w Skoczowie &#8211; 3:4. W domowym spotkaniu zesp\u00f3\u0142 U16 podejmie zesp\u00f3\u0142 ze \u015awi\u0119toch\u0142owic.<\/p>\n\n\n\n<figure class=\"wp-block-gallery has-nested-images columns-default is-cropped wp-block-gallery-1 is-layout-flex wp-block-gallery-is-layout-flex\">\n<figure class=\"wp-block-image size-large\"><a href=\"http:\/\/wisla.skoczow.pl\/wp-content\/uploads\/2025\/11\/Kopia-\u2013-White-Green-Orange-Modern-Abstract-Brush-Football-Match-Day-Instagram-Post-15-1.png\"><img loading=\"lazy\" decoding=\"async\" width=\"1024\" height=\"1024\" data-id=\"62473\" src=\"http:\/\/wisla.skoczow.pl\/wp-content\/uploads\/2025\/11\/Kopia-\u2013-White-Green-Orange-Modern-Abstract-Brush-Football-Match-Day-Instagram-Post-15-1-1024x1024.png\" alt=\"\" class=\"wp-image-62473\" srcset=\"http:\/\/wisla.skoczow.pl\/wp-content\/uploads\/2025\/11\/Kopia-\u2013-White-Green-Orange-Modern-Abstract-Brush-Football-Match-Day-Instagram-Post-15-1-1024x1024.png 1024w, http:\/\/wisla.skoczow.pl\/wp-content\/uploads\/2025\/11\/Kopia-\u2013-White-Green-Orange-Modern-Abstract-Brush-Football-Match-Day-Instagram-Post-15-1-300x300.png 300w, http:\/\/wisla.skoczow.pl\/wp-content\/uploads\/2025\/11\/Kopia-\u2013-White-Green-Orange-Modern-Abstract-Brush-Football-Match-Day-Instagram-Post-15-1-150x150.png 150w, http:\/\/wisla.skoczow.pl\/wp-content\/uploads\/2025\/11\/Kopia-\u2013-White-Green-Orange-Modern-Abstract-Brush-Football-Match-Day-Instagram-Post-15-1-768x768.png 768w, http:\/\/wisla.skoczow.pl\/wp-content\/uploads\/2025\/11\/Kopia-\u2013-White-Green-Orange-Modern-Abstract-Brush-Football-Match-Day-Instagram-Post-15-1-128x128.png 128w, http:\/\/wisla.skoczow.pl\/wp-content\/uploads\/2025\/11\/Kopia-\u2013-White-Green-Orange-Modern-Abstract-Brush-Football-Match-Day-Instagram-Post-15-1-32x32.png 32w, http:\/\/wisla.skoczow.pl\/wp-content\/uploads\/2025\/11\/Kopia-\u2013-White-Green-Orange-Modern-Abstract-Brush-Football-Match-Day-Instagram-Post-15-1.png 1080w\" sizes=\"auto, (max-width: 1024px) 100vw, 1024px\" \/><\/a><\/figure>\n\n\n\n<figure class=\"wp-block-image size-large\"><a href=\"http:\/\/wisla.skoczow.pl\/wp-content\/uploads\/2025\/11\/White-Green-Orange-Modern-Abstract-Brush-Football-Match-Day-Instagram-Post-16.png\"><img loading=\"lazy\" decoding=\"async\" width=\"1024\" height=\"1024\" data-id=\"62472\" src=\"http:\/\/wisla.skoczow.pl\/wp-content\/uploads\/2025\/11\/White-Green-Orange-Modern-Abstract-Brush-Football-Match-Day-Instagram-Post-16-1024x1024.png\" alt=\"\" class=\"wp-image-62472\" srcset=\"http:\/\/wisla.skoczow.pl\/wp-content\/uploads\/2025\/11\/White-Green-Orange-Modern-Abstract-Brush-Football-Match-Day-Instagram-Post-16-1024x1024.png 1024w, http:\/\/wisla.skoczow.pl\/wp-content\/uploads\/2025\/11\/White-Green-Orange-Modern-Abstract-Brush-Football-Match-Day-Instagram-Post-16-300x300.png 300w, http:\/\/wisla.skoczow.pl\/wp-content\/uploads\/2025\/11\/White-Green-Orange-Modern-Abstract-Brush-Football-Match-Day-Instagram-Post-16-150x150.png 150w, http:\/\/wisla.skoczow.pl\/wp-content\/uploads\/2025\/11\/White-Green-Orange-Modern-Abstract-Brush-Football-Match-Day-Instagram-Post-16-768x768.png 768w, http:\/\/wisla.skoczow.pl\/wp-content\/uploads\/2025\/11\/White-Green-Orange-Modern-Abstract-Brush-Football-Match-Day-Instagram-Post-16-128x128.png 128w, http:\/\/wisla.skoczow.pl\/wp-content\/uploads\/2025\/11\/White-Green-Orange-Modern-Abstract-Brush-Football-Match-Day-Instagram-Post-16-32x32.png 32w, http:\/\/wisla.skoczow.pl\/wp-content\/uploads\/2025\/11\/White-Green-Orange-Modern-Abstract-Brush-Football-Match-Day-Instagram-Post-16.png 1080w\" sizes=\"auto, (max-width: 1024px) 100vw, 1024px\" \/><\/a><\/figure>\n<\/figure>\n","protected":false},"excerpt":{"rendered":"<p>Przedostatnie spotkanie w tym roku rozegra na wyje\u017adzie zesp\u00f3\u0142 m\u0142odziczek U13 w Bielsku-Bia\u0142ej. Jest to spotkanie rewan\u017cowe rundy wiosennej. W pierwszym meczu Bielszczanki pokona\u0142y nasze dziewcz\u0119ta jedn\u0105 bramk\u0105 w Skoczowie &#8211; 3:4. W domowym spotkaniu zesp\u00f3\u0142 U16 podejmie zesp\u00f3\u0142 ze \u015awi\u0119toch\u0142owic.<\/p>\n","protected":false},"author":1,"featured_media":56589,"comment_status":"closed","ping_status":"closed","sticky":false,"template":"","format":"standard","meta":{"ngg_post_thumbnail":0,"footnotes":""},"categories":[4,55],"tags":[],"class_list":["post-62457","post","type-post","status-publish","format-standard","has-post-thumbnail","hentry","category-news","category-pilkarki"],"featured_image_url":{"thumbnail":"http:\/\/wisla.skoczow.pl\/wp-content\/uploads\/2024\/11\/terminasz-slzpn-150x150.jpg","medium":"http:\/\/wisla.skoczow.pl\/wp-content\/uploads\/2024\/11\/terminasz-slzpn-300x300.jpg","medium_large":"http:\/\/wisla.skoczow.pl\/wp-content\/uploads\/2024\/11\/terminasz-slzpn-768x768.jpg","large":"http:\/\/wisla.skoczow.pl\/wp-content\/uploads\/2024\/11\/terminasz-slzpn-1024x1024.jpg","1536x1536":"http:\/\/wisla.skoczow.pl\/wp-content\/uploads\/2024\/11\/terminasz-slzpn-1536x1536.jpg","2048x2048":"http:\/\/wisla.skoczow.pl\/wp-content\/uploads\/2024\/11\/terminasz-slzpn.jpg","sportspress-crop-medium":"http:\/\/wisla.skoczow.pl\/wp-content\/uploads\/2024\/11\/terminasz-slzpn-300x300.jpg","sportspress-fit-medium":"http:\/\/wisla.skoczow.pl\/wp-content\/uploads\/2024\/11\/terminasz-slzpn-300x300.jpg","sportspress-fit-icon":"http:\/\/wisla.skoczow.pl\/wp-content\/uploads\/2024\/11\/terminasz-slzpn-128x128.jpg","sportspress-fit-mini":"http:\/\/wisla.skoczow.pl\/wp-content\/uploads\/2024\/11\/terminasz-slzpn-32x32.jpg"},"post_author":"admin","assigned_categories":"Aktualno\u015bci, Pi\u0142karki","_links":{"self":[{"href":"http:\/\/wisla.skoczow.pl\/index.php?rest_route=\/wp\/v2\/posts\/62457","targetHints":{"allow":["GET"]}}],"collection":[{"href":"http:\/\/wisla.skoczow.pl\/index.php?rest_route=\/wp\/v2\/posts"}],"about":[{"href":"http:\/\/wisla.skoczow.pl\/index.php?rest_route=\/wp\/v2\/types\/post"}],"author":[{"embeddable":true,"href":"http:\/\/wisla.skoczow.pl\/index.php?rest_route=\/wp\/v2\/users\/1"}],"replies":[{"embeddable":true,"href":"http:\/\/wisla.skoczow.pl\/index.php?rest_route=%2Fwp%2Fv2%2Fcomments&post=62457"}],"version-history":[{"count":2,"href":"http:\/\/wisla.skoczow.pl\/index.php?rest_route=\/wp\/v2\/posts\/62457\/revisions"}],"predecessor-version":[{"id":62475,"href":"http:\/\/wisla.skoczow.pl\/index.php?rest_route=\/wp\/v2\/posts\/62457\/revisions\/62475"}],"wp:featuredmedia":[{"embeddable":true,"href":"http:\/\/wisla.skoczow.pl\/index.php?rest_route=\/wp\/v2\/media\/56589"}],"wp:attachment":[{"href":"http:\/\/wisla.skoczow.pl\/index.php?rest_route=%2Fwp%2Fv2%2Fmedia&parent=62457"}],"wp:term":[{"taxonomy":"category","embeddable":true,"href":"http:\/\/wisla.skoczow.pl\/index.php?rest_route=%2Fwp%2Fv2%2Fcategories&post=62457"},{"taxonomy":"post_tag","embeddable":true,"href":"http:\/\/wisla.skoczow.pl\/index.php?rest_route=%2Fwp%2Fv2%2Ftags&post=62457"}],"curies":[{"name":"wp","href":"https:\/\/api.w.org\/{rel}","templated":true}]}}