{"id":62461,"date":"2025-11-06T09:34:00","date_gmt":"2025-11-06T08:34:00","guid":{"rendered":"https:\/\/wisla.skoczow.pl\/?p=62461"},"modified":"2025-11-07T23:39:20","modified_gmt":"2025-11-07T22:39:20","slug":"1-liga-futsalu-kobiet-2-kolejka","status":"publish","type":"post","link":"http:\/\/wisla.skoczow.pl\/?p=62461","title":{"rendered":"1 LIGA FUTSALU KOBIET &#8211; 2 kolejka!"},"content":{"rendered":"\n<p>Zmagania w lidze ruszy\u0142y pe\u0142n\u0105 par\u0105. Drugie spotkanie rozegramy &#8222;na w\u0142asnym&#8221; parkiecie. Naszym domem na najbli\u017csze 2-3 lata sta\u0142a si\u0119 Hala Sportowa Uniwersytetu \u015al\u0105skiego w Cieszynie. Zapraszamy serdecznie sympatyk\u00f3w i kibic\u00f3w do wsparcia naszych dziewczyn. W sobot\u0119 podejmujemy beniaminka 1 Ligi &#8211; UKS AP \u017bory. Przeciwniczki w pierwszej kolejce pokona\u0142y 4:0 zesp\u00f3\u0142 z G\u0142og\u00f3wka. Natomiast &#8222;Wise\u0142ki&#8221; po pora\u017cce w Zielonej G\u00f3rze chc\u0105 si\u0119 pokaza\u0107 z jak najlepszej strony i zagra\u0107 na 100%.<\/p>\n\n\n\n<figure class=\"wp-block-image aligncenter size-large is-resized\"><a href=\"https:\/\/wisla.skoczow.pl\/wp-content\/uploads\/2025\/11\/Yellow-Dark-Gray-Modern-Football-Matchday-Instagram-Post-2.png\"><img loading=\"lazy\" decoding=\"async\" width=\"1024\" height=\"1024\" src=\"https:\/\/wisla.skoczow.pl\/wp-content\/uploads\/2025\/11\/Yellow-Dark-Gray-Modern-Football-Matchday-Instagram-Post-2-1024x1024.png\" alt=\"\" class=\"wp-image-62463\" style=\"width:452px;height:auto\" srcset=\"http:\/\/wisla.skoczow.pl\/wp-content\/uploads\/2025\/11\/Yellow-Dark-Gray-Modern-Football-Matchday-Instagram-Post-2-1024x1024.png 1024w, http:\/\/wisla.skoczow.pl\/wp-content\/uploads\/2025\/11\/Yellow-Dark-Gray-Modern-Football-Matchday-Instagram-Post-2-300x300.png 300w, http:\/\/wisla.skoczow.pl\/wp-content\/uploads\/2025\/11\/Yellow-Dark-Gray-Modern-Football-Matchday-Instagram-Post-2-150x150.png 150w, http:\/\/wisla.skoczow.pl\/wp-content\/uploads\/2025\/11\/Yellow-Dark-Gray-Modern-Football-Matchday-Instagram-Post-2-768x768.png 768w, http:\/\/wisla.skoczow.pl\/wp-content\/uploads\/2025\/11\/Yellow-Dark-Gray-Modern-Football-Matchday-Instagram-Post-2-128x128.png 128w, http:\/\/wisla.skoczow.pl\/wp-content\/uploads\/2025\/11\/Yellow-Dark-Gray-Modern-Football-Matchday-Instagram-Post-2-32x32.png 32w, http:\/\/wisla.skoczow.pl\/wp-content\/uploads\/2025\/11\/Yellow-Dark-Gray-Modern-Football-Matchday-Instagram-Post-2.png 1080w\" sizes=\"auto, (max-width: 1024px) 100vw, 1024px\" \/><\/a><\/figure>\n\n\n\n<p><\/p>\n","protected":false},"excerpt":{"rendered":"<p>Zmagania w lidze ruszy\u0142y pe\u0142n\u0105 par\u0105. Drugie spotkanie rozegramy &#8222;na w\u0142asnym&#8221; parkiecie. Naszym domem na najbli\u017csze 2-3 lata sta\u0142a si\u0119 Hala Sportowa Uniwersytetu \u015al\u0105skiego w Cieszynie. Zapraszamy serdecznie sympatyk\u00f3w i kibic\u00f3w do wsparcia naszych dziewczyn. W sobot\u0119 podejmujemy beniaminka 1 Ligi &#8211; UKS AP \u017bory. Przeciwniczki w pierwszej kolejce pokona\u0142y 4:0 zesp\u00f3\u0142 z G\u0142og\u00f3wka. Natomiast [&hellip;]<\/p>\n","protected":false},"author":1,"featured_media":56585,"comment_status":"closed","ping_status":"closed","sticky":false,"template":"","format":"standard","meta":{"ngg_post_thumbnail":0,"footnotes":""},"categories":[4,55],"tags":[],"class_list":["post-62461","post","type-post","status-publish","format-standard","has-post-thumbnail","hentry","category-news","category-pilkarki"],"featured_image_url":{"thumbnail":"http:\/\/wisla.skoczow.pl\/wp-content\/uploads\/2025\/02\/futsal-topka-terminarz-150x150.jpg","medium":"http:\/\/wisla.skoczow.pl\/wp-content\/uploads\/2025\/02\/futsal-topka-terminarz-300x176.jpg","medium_large":"http:\/\/wisla.skoczow.pl\/wp-content\/uploads\/2025\/02\/futsal-topka-terminarz.jpg","large":"http:\/\/wisla.skoczow.pl\/wp-content\/uploads\/2025\/02\/futsal-topka-terminarz.jpg","1536x1536":"http:\/\/wisla.skoczow.pl\/wp-content\/uploads\/2025\/02\/futsal-topka-terminarz.jpg","2048x2048":"http:\/\/wisla.skoczow.pl\/wp-content\/uploads\/2025\/02\/futsal-topka-terminarz.jpg","sportspress-crop-medium":"http:\/\/wisla.skoczow.pl\/wp-content\/uploads\/2025\/02\/futsal-topka-terminarz-300x264.jpg","sportspress-fit-medium":"http:\/\/wisla.skoczow.pl\/wp-content\/uploads\/2025\/02\/futsal-topka-terminarz-300x176.jpg","sportspress-fit-icon":"http:\/\/wisla.skoczow.pl\/wp-content\/uploads\/2025\/02\/futsal-topka-terminarz-128x75.jpg","sportspress-fit-mini":"http:\/\/wisla.skoczow.pl\/wp-content\/uploads\/2025\/02\/futsal-topka-terminarz-32x19.jpg"},"post_author":"admin","assigned_categories":"Aktualno\u015bci, Pi\u0142karki","_links":{"self":[{"href":"http:\/\/wisla.skoczow.pl\/index.php?rest_route=\/wp\/v2\/posts\/62461","targetHints":{"allow":["GET"]}}],"collection":[{"href":"http:\/\/wisla.skoczow.pl\/index.php?rest_route=\/wp\/v2\/posts"}],"about":[{"href":"http:\/\/wisla.skoczow.pl\/index.php?rest_route=\/wp\/v2\/types\/post"}],"author":[{"embeddable":true,"href":"http:\/\/wisla.skoczow.pl\/index.php?rest_route=\/wp\/v2\/users\/1"}],"replies":[{"embeddable":true,"href":"http:\/\/wisla.skoczow.pl\/index.php?rest_route=%2Fwp%2Fv2%2Fcomments&post=62461"}],"version-history":[{"count":1,"href":"http:\/\/wisla.skoczow.pl\/index.php?rest_route=\/wp\/v2\/posts\/62461\/revisions"}],"predecessor-version":[{"id":62464,"href":"http:\/\/wisla.skoczow.pl\/index.php?rest_route=\/wp\/v2\/posts\/62461\/revisions\/62464"}],"wp:featuredmedia":[{"embeddable":true,"href":"http:\/\/wisla.skoczow.pl\/index.php?rest_route=\/wp\/v2\/media\/56585"}],"wp:attachment":[{"href":"http:\/\/wisla.skoczow.pl\/index.php?rest_route=%2Fwp%2Fv2%2Fmedia&parent=62461"}],"wp:term":[{"taxonomy":"category","embeddable":true,"href":"http:\/\/wisla.skoczow.pl\/index.php?rest_route=%2Fwp%2Fv2%2Fcategories&post=62461"},{"taxonomy":"post_tag","embeddable":true,"href":"http:\/\/wisla.skoczow.pl\/index.php?rest_route=%2Fwp%2Fv2%2Ftags&post=62461"}],"curies":[{"name":"wp","href":"https:\/\/api.w.org\/{rel}","templated":true}]}}