{"id":62487,"date":"2025-11-15T22:11:40","date_gmt":"2025-11-15T21:11:40","guid":{"rendered":"https:\/\/wisla.skoczow.pl\/?p=62487"},"modified":"2025-11-15T22:11:40","modified_gmt":"2025-11-15T21:11:40","slug":"mlodziczki-u13-jastrzebie-zdroj-2","status":"publish","type":"post","link":"http:\/\/wisla.skoczow.pl\/?p=62487","title":{"rendered":"M\u0142odziczki U13 &#8211; Jastrz\u0119bie-Zdr\u00f3j"},"content":{"rendered":"\n<p>Ostatni mecz tego roku ze zwyci\u0119stwem <img loading=\"lazy\" decoding=\"async\" height=\"16\" width=\"16\" alt=\"\ud83d\udc99\" src=\"https:\/\/static.xx.fbcdn.net\/images\/emoji.php\/v9\/t6c\/1\/16\/1f499.png\"><img loading=\"lazy\" decoding=\"async\" height=\"16\" width=\"16\" alt=\"\u2764\" src=\"https:\/\/static.xx.fbcdn.net\/images\/emoji.php\/v9\/t6c\/1\/16\/2764.png\"><img loading=\"lazy\" decoding=\"async\" height=\"16\" width=\"16\" alt=\"\ud83d\udc9b\" src=\"https:\/\/static.xx.fbcdn.net\/images\/emoji.php\/v9\/t15\/1\/16\/1f49b.png\"><img loading=\"lazy\" decoding=\"async\" height=\"16\" width=\"16\" alt=\"\u203c\" src=\"https:\/\/static.xx.fbcdn.net\/images\/emoji.php\/v9\/t77\/1\/16\/203c.png\"><img loading=\"lazy\" decoding=\"async\" height=\"16\" width=\"16\" alt=\"\ud83d\udd25\" src=\"https:\/\/static.xx.fbcdn.net\/images\/emoji.php\/v9\/t50\/1\/16\/1f525.png\"><\/p>\n\n\n\n<p>Wyjazdowe spotkanie zako\u0144czy\u0142o si\u0119 zdobyciem 3 punkt\u00f3w. Wise\u0142ki pierwsz\u0105 po\u0142ow\u0119 rozpocz\u0119\u0142y od atak\u00f3w i walki o ka\u017cd\u0105 pi\u0142k\u0119. To zaskutkowa\u0142o \u015bwietn\u0105 zespo\u0142ow\u0105 akcj\u0105 przeprowadzon\u0105 skrzyd\u0142em i do\u015brodkowaniem, gdzie \u015bwietnie w polu karnym znalaz\u0142a si\u0119 <img loading=\"lazy\" decoding=\"async\" height=\"16\" width=\"16\" alt=\"\u26bd\ufe0f\" src=\"https:\/\/static.xx.fbcdn.net\/images\/emoji.php\/v9\/taf\/1\/16\/26bd.png\">Hania, kt\u00f3ra z pierwszej pi\u0142ki uderzy\u0142a w kierunku bramki pokonuj\u0105c bramkark\u0119 z Jastrz\u0119bia. Na przerw\u0119 schodzili\u015bmy z prowadzeniem. W drugiej ods\u0142onie do g\u0142osu dosz\u0142y przeciwniczki i doprowadzi\u0142y do wyr\u00f3wnania. Jednak nie na d\u0142ugo. Nasze dziewczyny potraktowa\u0142y to jako sygna\u0142 ostrzegawczy i rozpocz\u0119\u0142y atakowanie na ca\u0142ego. Efektem tego by\u0142a \u015bwietna zespo\u0142owa akcja, w kt\u00f3rej sam na sam znalaz\u0142a si\u0119 <img loading=\"lazy\" decoding=\"async\" height=\"16\" width=\"16\" alt=\"\u26bd\ufe0f\" src=\"https:\/\/static.xx.fbcdn.net\/images\/emoji.php\/v9\/taf\/1\/16\/26bd.png\"> Karolina, pewnie pokonuj\u0105c bramkark\u0119 i daj\u0105c zwyci\u0119sk\u0105 bramk\u0119.<\/p>\n\n\n\n<p>Dzi\u0119kujemy<img loading=\"lazy\" decoding=\"async\" height=\"16\" width=\"16\" alt=\"\ud83d\udc4f\" src=\"https:\/\/static.xx.fbcdn.net\/images\/emoji.php\/v9\/tfe\/1\/16\/1f44f.png\"><img loading=\"lazy\" decoding=\"async\" height=\"16\" width=\"16\" alt=\"\ud83d\udc4f\" src=\"https:\/\/static.xx.fbcdn.net\/images\/emoji.php\/v9\/tfe\/1\/16\/1f44f.png\"><img loading=\"lazy\" decoding=\"async\" height=\"16\" width=\"16\" alt=\"\ud83d\udc4f\" src=\"https:\/\/static.xx.fbcdn.net\/images\/emoji.php\/v9\/tfe\/1\/16\/1f44f.png\"> za NAJLEPSZY DOPING &#8211; NASZYCH KIBIC\u00d3W RODZIC\u00d3W<img loading=\"lazy\" decoding=\"async\" height=\"16\" width=\"16\" alt=\"\ud83d\udc99\" src=\"https:\/\/static.xx.fbcdn.net\/images\/emoji.php\/v9\/t6c\/1\/16\/1f499.png\"><img loading=\"lazy\" decoding=\"async\" height=\"16\" width=\"16\" alt=\"\u2764\" src=\"https:\/\/static.xx.fbcdn.net\/images\/emoji.php\/v9\/t6c\/1\/16\/2764.png\"><img loading=\"lazy\" decoding=\"async\" height=\"16\" width=\"16\" alt=\"\ud83d\udc9b\" src=\"https:\/\/static.xx.fbcdn.net\/images\/emoji.php\/v9\/t15\/1\/16\/1f49b.png\"><img loading=\"lazy\" decoding=\"async\" height=\"16\" width=\"16\" alt=\"\ud83d\udd25\" src=\"https:\/\/static.xx.fbcdn.net\/images\/emoji.php\/v9\/t50\/1\/16\/1f525.png\"><img loading=\"lazy\" decoding=\"async\" height=\"16\" width=\"16\" alt=\"\u203c\" src=\"https:\/\/static.xx.fbcdn.net\/images\/emoji.php\/v9\/t77\/1\/16\/203c.png\"><\/p>\n\n\n\n<p>AP SJZ Jastrz\u0119bie &#8211; Zdr\u00f3j &#8211; KKS Wis\u0142a Skocz\u00f3w <img loading=\"lazy\" decoding=\"async\" height=\"16\" width=\"16\" alt=\"1\ufe0f\u20e3\" src=\"https:\/\/static.xx.fbcdn.net\/images\/emoji.php\/v9\/t7a\/1\/16\/31_20e3.png\">:<img loading=\"lazy\" decoding=\"async\" height=\"16\" width=\"16\" alt=\"2\ufe0f\u20e3\" src=\"https:\/\/static.xx.fbcdn.net\/images\/emoji.php\/v9\/t99\/1\/16\/32_20e3.png\">(0:1)<\/p>\n\n\n\n<p><img loading=\"lazy\" decoding=\"async\" height=\"16\" width=\"16\" alt=\"\ud83c\udfa4\" src=\"https:\/\/static.xx.fbcdn.net\/images\/emoji.php\/v9\/t7e\/1\/16\/1f3a4.png\">Trener Sonia Gustowska: &#8222;Udany rewan\u017c. W pierwszym spotkaniu zremisowali\u015bmy 3:3, a dzi\u015b wracali\u015bmy do domu ze zwyci\u0119stwem. Dziewczyny dobrze gra\u0142y i nie pozwoli\u0142y sobie odebra\u0107 wygranej. Teraz czeka nas odpoczynek, a zaraz po Nowym Roku zaczynamy przygotowania do rozgrywek wiosennych.&#8221;<\/p>\n\n\n\n<p><\/p>\n\n\n\n<figure class=\"wp-block-gallery has-nested-images columns-default is-cropped wp-block-gallery-1 is-layout-flex wp-block-gallery-is-layout-flex\">\n<figure class=\"wp-block-image size-large\"><a href=\"https:\/\/wisla.skoczow.pl\/wp-content\/uploads\/2025\/11\/IMG-20251115-WA0083.jpg\"><img loading=\"lazy\" decoding=\"async\" width=\"1024\" height=\"768\" data-id=\"62492\" src=\"https:\/\/wisla.skoczow.pl\/wp-content\/uploads\/2025\/11\/IMG-20251115-WA0083-1024x768.jpg\" alt=\"\" class=\"wp-image-62492\" srcset=\"http:\/\/wisla.skoczow.pl\/wp-content\/uploads\/2025\/11\/IMG-20251115-WA0083-1024x768.jpg 1024w, http:\/\/wisla.skoczow.pl\/wp-content\/uploads\/2025\/11\/IMG-20251115-WA0083-300x225.jpg 300w, http:\/\/wisla.skoczow.pl\/wp-content\/uploads\/2025\/11\/IMG-20251115-WA0083-768x576.jpg 768w, http:\/\/wisla.skoczow.pl\/wp-content\/uploads\/2025\/11\/IMG-20251115-WA0083-1536x1152.jpg 1536w, http:\/\/wisla.skoczow.pl\/wp-content\/uploads\/2025\/11\/IMG-20251115-WA0083-128x96.jpg 128w, http:\/\/wisla.skoczow.pl\/wp-content\/uploads\/2025\/11\/IMG-20251115-WA0083-32x24.jpg 32w, http:\/\/wisla.skoczow.pl\/wp-content\/uploads\/2025\/11\/IMG-20251115-WA0083.jpg 1600w\" sizes=\"auto, (max-width: 1024px) 100vw, 1024px\" \/><\/a><\/figure>\n\n\n\n<figure class=\"wp-block-image size-large\"><a href=\"https:\/\/wisla.skoczow.pl\/wp-content\/uploads\/2025\/11\/IMG-20251115-WA0084.jpg\"><img loading=\"lazy\" decoding=\"async\" width=\"1024\" height=\"768\" data-id=\"62491\" src=\"https:\/\/wisla.skoczow.pl\/wp-content\/uploads\/2025\/11\/IMG-20251115-WA0084-1024x768.jpg\" alt=\"\" class=\"wp-image-62491\" srcset=\"http:\/\/wisla.skoczow.pl\/wp-content\/uploads\/2025\/11\/IMG-20251115-WA0084-1024x768.jpg 1024w, http:\/\/wisla.skoczow.pl\/wp-content\/uploads\/2025\/11\/IMG-20251115-WA0084-300x225.jpg 300w, http:\/\/wisla.skoczow.pl\/wp-content\/uploads\/2025\/11\/IMG-20251115-WA0084-768x576.jpg 768w, http:\/\/wisla.skoczow.pl\/wp-content\/uploads\/2025\/11\/IMG-20251115-WA0084-1536x1152.jpg 1536w, http:\/\/wisla.skoczow.pl\/wp-content\/uploads\/2025\/11\/IMG-20251115-WA0084-128x96.jpg 128w, http:\/\/wisla.skoczow.pl\/wp-content\/uploads\/2025\/11\/IMG-20251115-WA0084-32x24.jpg 32w, http:\/\/wisla.skoczow.pl\/wp-content\/uploads\/2025\/11\/IMG-20251115-WA0084.jpg 1600w\" sizes=\"auto, (max-width: 1024px) 100vw, 1024px\" \/><\/a><\/figure>\n\n\n\n<figure class=\"wp-block-image size-large\"><a href=\"https:\/\/wisla.skoczow.pl\/wp-content\/uploads\/2025\/11\/IMG-20251115-WA0085.jpg\"><img loading=\"lazy\" decoding=\"async\" width=\"1024\" height=\"768\" data-id=\"62489\" src=\"https:\/\/wisla.skoczow.pl\/wp-content\/uploads\/2025\/11\/IMG-20251115-WA0085-1024x768.jpg\" alt=\"\" class=\"wp-image-62489\" srcset=\"http:\/\/wisla.skoczow.pl\/wp-content\/uploads\/2025\/11\/IMG-20251115-WA0085-1024x768.jpg 1024w, http:\/\/wisla.skoczow.pl\/wp-content\/uploads\/2025\/11\/IMG-20251115-WA0085-300x225.jpg 300w, http:\/\/wisla.skoczow.pl\/wp-content\/uploads\/2025\/11\/IMG-20251115-WA0085-768x576.jpg 768w, http:\/\/wisla.skoczow.pl\/wp-content\/uploads\/2025\/11\/IMG-20251115-WA0085-1536x1152.jpg 1536w, http:\/\/wisla.skoczow.pl\/wp-content\/uploads\/2025\/11\/IMG-20251115-WA0085-128x96.jpg 128w, http:\/\/wisla.skoczow.pl\/wp-content\/uploads\/2025\/11\/IMG-20251115-WA0085-32x24.jpg 32w, http:\/\/wisla.skoczow.pl\/wp-content\/uploads\/2025\/11\/IMG-20251115-WA0085.jpg 1600w\" sizes=\"auto, (max-width: 1024px) 100vw, 1024px\" \/><\/a><\/figure>\n\n\n\n<figure class=\"wp-block-image size-large\"><a href=\"https:\/\/wisla.skoczow.pl\/wp-content\/uploads\/2025\/11\/IMG-20251115-WA0080.jpg\"><img loading=\"lazy\" decoding=\"async\" width=\"1024\" height=\"768\" data-id=\"62493\" src=\"https:\/\/wisla.skoczow.pl\/wp-content\/uploads\/2025\/11\/IMG-20251115-WA0080-1024x768.jpg\" alt=\"\" class=\"wp-image-62493\" srcset=\"http:\/\/wisla.skoczow.pl\/wp-content\/uploads\/2025\/11\/IMG-20251115-WA0080-1024x768.jpg 1024w, http:\/\/wisla.skoczow.pl\/wp-content\/uploads\/2025\/11\/IMG-20251115-WA0080-300x225.jpg 300w, http:\/\/wisla.skoczow.pl\/wp-content\/uploads\/2025\/11\/IMG-20251115-WA0080-768x576.jpg 768w, http:\/\/wisla.skoczow.pl\/wp-content\/uploads\/2025\/11\/IMG-20251115-WA0080-1536x1152.jpg 1536w, http:\/\/wisla.skoczow.pl\/wp-content\/uploads\/2025\/11\/IMG-20251115-WA0080-128x96.jpg 128w, http:\/\/wisla.skoczow.pl\/wp-content\/uploads\/2025\/11\/IMG-20251115-WA0080-32x24.jpg 32w, http:\/\/wisla.skoczow.pl\/wp-content\/uploads\/2025\/11\/IMG-20251115-WA0080.jpg 1600w\" sizes=\"auto, (max-width: 1024px) 100vw, 1024px\" \/><\/a><\/figure>\n\n\n\n<figure class=\"wp-block-image size-large\"><a href=\"https:\/\/wisla.skoczow.pl\/wp-content\/uploads\/2025\/11\/IMG-20251115-WA0081.jpg\"><img loading=\"lazy\" decoding=\"async\" width=\"1024\" height=\"768\" data-id=\"62488\" src=\"https:\/\/wisla.skoczow.pl\/wp-content\/uploads\/2025\/11\/IMG-20251115-WA0081-1024x768.jpg\" alt=\"\" class=\"wp-image-62488\" srcset=\"http:\/\/wisla.skoczow.pl\/wp-content\/uploads\/2025\/11\/IMG-20251115-WA0081-1024x768.jpg 1024w, http:\/\/wisla.skoczow.pl\/wp-content\/uploads\/2025\/11\/IMG-20251115-WA0081-300x225.jpg 300w, http:\/\/wisla.skoczow.pl\/wp-content\/uploads\/2025\/11\/IMG-20251115-WA0081-768x576.jpg 768w, http:\/\/wisla.skoczow.pl\/wp-content\/uploads\/2025\/11\/IMG-20251115-WA0081-1536x1152.jpg 1536w, http:\/\/wisla.skoczow.pl\/wp-content\/uploads\/2025\/11\/IMG-20251115-WA0081-128x96.jpg 128w, http:\/\/wisla.skoczow.pl\/wp-content\/uploads\/2025\/11\/IMG-20251115-WA0081-32x24.jpg 32w, http:\/\/wisla.skoczow.pl\/wp-content\/uploads\/2025\/11\/IMG-20251115-WA0081.jpg 1600w\" sizes=\"auto, (max-width: 1024px) 100vw, 1024px\" \/><\/a><\/figure>\n\n\n\n<figure class=\"wp-block-image size-large\"><a href=\"https:\/\/wisla.skoczow.pl\/wp-content\/uploads\/2025\/11\/IMG-20251115-WA0082.jpg\"><img loading=\"lazy\" decoding=\"async\" width=\"1024\" height=\"768\" data-id=\"62490\" src=\"https:\/\/wisla.skoczow.pl\/wp-content\/uploads\/2025\/11\/IMG-20251115-WA0082-1024x768.jpg\" alt=\"\" class=\"wp-image-62490\" srcset=\"http:\/\/wisla.skoczow.pl\/wp-content\/uploads\/2025\/11\/IMG-20251115-WA0082-1024x768.jpg 1024w, http:\/\/wisla.skoczow.pl\/wp-content\/uploads\/2025\/11\/IMG-20251115-WA0082-300x225.jpg 300w, http:\/\/wisla.skoczow.pl\/wp-content\/uploads\/2025\/11\/IMG-20251115-WA0082-768x576.jpg 768w, http:\/\/wisla.skoczow.pl\/wp-content\/uploads\/2025\/11\/IMG-20251115-WA0082-1536x1152.jpg 1536w, http:\/\/wisla.skoczow.pl\/wp-content\/uploads\/2025\/11\/IMG-20251115-WA0082-128x96.jpg 128w, http:\/\/wisla.skoczow.pl\/wp-content\/uploads\/2025\/11\/IMG-20251115-WA0082-32x24.jpg 32w, http:\/\/wisla.skoczow.pl\/wp-content\/uploads\/2025\/11\/IMG-20251115-WA0082.jpg 1600w\" sizes=\"auto, (max-width: 1024px) 100vw, 1024px\" \/><\/a><\/figure>\n<\/figure>\n","protected":false},"excerpt":{"rendered":"<p>Ostatni mecz tego roku ze zwyci\u0119stwem Wyjazdowe spotkanie zako\u0144czy\u0142o si\u0119 zdobyciem 3 punkt\u00f3w. Wise\u0142ki pierwsz\u0105 po\u0142ow\u0119 rozpocz\u0119\u0142y od atak\u00f3w i walki o ka\u017cd\u0105 pi\u0142k\u0119. To zaskutkowa\u0142o \u015bwietn\u0105 zespo\u0142ow\u0105 akcj\u0105 przeprowadzon\u0105 skrzyd\u0142em i do\u015brodkowaniem, gdzie \u015bwietnie w polu karnym znalaz\u0142a si\u0119 Hania, kt\u00f3ra z pierwszej pi\u0142ki uderzy\u0142a w kierunku bramki pokonuj\u0105c bramkark\u0119 z Jastrz\u0119bia. Na przerw\u0119 [&hellip;]<\/p>\n","protected":false},"author":1,"featured_media":62494,"comment_status":"closed","ping_status":"","sticky":false,"template":"","format":"standard","meta":{"ngg_post_thumbnail":0,"footnotes":""},"categories":[4,55],"tags":[],"class_list":["post-62487","post","type-post","status-publish","format-standard","has-post-thumbnail","hentry","category-news","category-pilkarki"],"featured_image_url":{"thumbnail":"http:\/\/wisla.skoczow.pl\/wp-content\/uploads\/2025\/11\/IMG-20251115-WA0078-150x150.jpg","medium":"http:\/\/wisla.skoczow.pl\/wp-content\/uploads\/2025\/11\/IMG-20251115-WA0078-300x225.jpg","medium_large":"http:\/\/wisla.skoczow.pl\/wp-content\/uploads\/2025\/11\/IMG-20251115-WA0078-768x576.jpg","large":"http:\/\/wisla.skoczow.pl\/wp-content\/uploads\/2025\/11\/IMG-20251115-WA0078-1024x768.jpg","1536x1536":"http:\/\/wisla.skoczow.pl\/wp-content\/uploads\/2025\/11\/IMG-20251115-WA0078-1536x1152.jpg","2048x2048":"http:\/\/wisla.skoczow.pl\/wp-content\/uploads\/2025\/11\/IMG-20251115-WA0078.jpg","sportspress-crop-medium":"http:\/\/wisla.skoczow.pl\/wp-content\/uploads\/2025\/11\/IMG-20251115-WA0078-300x300.jpg","sportspress-fit-medium":"http:\/\/wisla.skoczow.pl\/wp-content\/uploads\/2025\/11\/IMG-20251115-WA0078-300x225.jpg","sportspress-fit-icon":"http:\/\/wisla.skoczow.pl\/wp-content\/uploads\/2025\/11\/IMG-20251115-WA0078-128x96.jpg","sportspress-fit-mini":"http:\/\/wisla.skoczow.pl\/wp-content\/uploads\/2025\/11\/IMG-20251115-WA0078-32x24.jpg"},"post_author":"admin","assigned_categories":"Aktualno\u015bci, Pi\u0142karki","_links":{"self":[{"href":"http:\/\/wisla.skoczow.pl\/index.php?rest_route=\/wp\/v2\/posts\/62487","targetHints":{"allow":["GET"]}}],"collection":[{"href":"http:\/\/wisla.skoczow.pl\/index.php?rest_route=\/wp\/v2\/posts"}],"about":[{"href":"http:\/\/wisla.skoczow.pl\/index.php?rest_route=\/wp\/v2\/types\/post"}],"author":[{"embeddable":true,"href":"http:\/\/wisla.skoczow.pl\/index.php?rest_route=\/wp\/v2\/users\/1"}],"replies":[{"embeddable":true,"href":"http:\/\/wisla.skoczow.pl\/index.php?rest_route=%2Fwp%2Fv2%2Fcomments&post=62487"}],"version-history":[{"count":1,"href":"http:\/\/wisla.skoczow.pl\/index.php?rest_route=\/wp\/v2\/posts\/62487\/revisions"}],"predecessor-version":[{"id":62495,"href":"http:\/\/wisla.skoczow.pl\/index.php?rest_route=\/wp\/v2\/posts\/62487\/revisions\/62495"}],"wp:featuredmedia":[{"embeddable":true,"href":"http:\/\/wisla.skoczow.pl\/index.php?rest_route=\/wp\/v2\/media\/62494"}],"wp:attachment":[{"href":"http:\/\/wisla.skoczow.pl\/index.php?rest_route=%2Fwp%2Fv2%2Fmedia&parent=62487"}],"wp:term":[{"taxonomy":"category","embeddable":true,"href":"http:\/\/wisla.skoczow.pl\/index.php?rest_route=%2Fwp%2Fv2%2Fcategories&post=62487"},{"taxonomy":"post_tag","embeddable":true,"href":"http:\/\/wisla.skoczow.pl\/index.php?rest_route=%2Fwp%2Fv2%2Ftags&post=62487"}],"curies":[{"name":"wp","href":"https:\/\/api.w.org\/{rel}","templated":true}]}}